{"id":5345,"date":"2023-03-29T17:49:18","date_gmt":"2023-03-29T17:49:18","guid":{"rendered":"https:\/\/www.diarionoti7.com.mx\/?p=5345"},"modified":"2023-03-29T17:50:09","modified_gmt":"2023-03-29T17:50:09","slug":"invita-sedeco-a-experto-aleman-a-impartir-talleres-en-la-utt","status":"publish","type":"post","link":"https:\/\/www.diarionoti7.com.mx\/?p=5345","title":{"rendered":"Invita Sedeco a experto alem\u00e1n a impartir talleres en la UTT"},"content":{"rendered":"\t\t<div data-elementor-type=\"wp-post\" data-elementor-id=\"5345\" class=\"elementor elementor-5345\">\n\t\t\t\t\t\t\t\t\t<section class=\"elementor-section elementor-top-section elementor-element elementor-element-51c23a4c elementor-section-boxed elementor-section-height-default elementor-section-height-default\" data-id=\"51c23a4c\" data-element_type=\"section\">\n\t\t\t\t\t\t<div class=\"elementor-container elementor-column-gap-default\">\n\t\t\t\t\t<div class=\"elementor-column elementor-col-100 elementor-top-column elementor-element elementor-element-7d2e0b6e\" data-id=\"7d2e0b6e\" data-element_type=\"column\">\n\t\t\t<div class=\"elementor-widget-wrap elementor-element-populated\">\n\t\t\t\t\t\t\t\t<div class=\"elementor-element elementor-element-2f2290cd elementor-widget elementor-widget-text-editor\" data-id=\"2f2290cd\" data-element_type=\"widget\" data-widget_type=\"text-editor.default\">\n\t\t\t\t<div class=\"elementor-widget-container\">\n\t\t\t<style>\/*! elementor - v3.10.2 - 29-01-2023 *\/\n.elementor-widget-text-editor.elementor-drop-cap-view-stacked .elementor-drop-cap{background-color:#818a91;color:#fff}.elementor-widget-text-editor.elementor-drop-cap-view-framed .elementor-drop-cap{color:#818a91;border:3px solid;background-color:transparent}.elementor-widget-text-editor:not(.elementor-drop-cap-view-default) .elementor-drop-cap{margin-top:8px}.elementor-widget-text-editor:not(.elementor-drop-cap-view-default) .elementor-drop-cap-letter{width:1em;height:1em}.elementor-widget-text-editor .elementor-drop-cap{float:left;text-align:center;line-height:1;font-size:50px}.elementor-widget-text-editor .elementor-drop-cap-letter{display:inline-block}<\/style>\t\t\t\t<p><strong>Pachuca, Hgo., 28 de marzo de 2023.-<\/strong>Derivado de las acciones de vinculaci\u00f3n en cooperaci\u00f3n internacional que lleva a cabo la Secretar\u00eda de Desarrollo Econ\u00f3mico (Sedeco) a trav\u00e9s de la Corporaci\u00f3n Internacional Hidalgo (Coinhi), el experto alem\u00e1n de la Fundaci\u00f3n SES, doctor Rainer Rudolf Wolf, visit\u00f3 la Universidad Tecnol\u00f3gica de Tulancingo (UTT) para compartir el tema \u201cAprovechamiento de recursos para generar energ\u00eda limpia\u201d.<\/p><p>Como parte de su agenda de trabajo, el especialista germano imparte pl\u00e1ticas, talleres y conferencias sobre el Aprovechamiento de residuos s\u00f3lidos urbanos; Tratamiento de la basura; Tratamiento de aguas residuales; adem\u00e1s tuvo una participaci\u00f3n en el Foro de Energ\u00edas Renovables y en el Seminario de Nanotecnolog\u00eda, todas estas actividades impulsadas por la UTT.<\/p><p>Con esto queda de manifiesto el compromiso del gobernador, Julio Menchaca Salazar de impulsar acciones en beneficio de las distintas regiones del estado.<\/p><p>El titular de la Sedeco, Carlos Henkel Escorza, mencion\u00f3 que los expertos alemanes de la Fundaci\u00f3n SES apoyan a peque\u00f1as y medianas empresas, instituciones sociales, m\u00e9dicas y educativas, y en esta ocasi\u00f3n la Universidad Tecnol\u00f3gica de Tulancingo fue la seleccionada para recibir las asesor\u00edas del especialista.<\/p>\t\t\t\t\t\t<\/div>\n\t\t\t\t<\/div>\n\t\t\t\t\t<\/div>\n\t\t<\/div>\n\t\t\t\t\t\t\t<\/div>\n\t\t<\/section>\n\t\t\t\t\t\t\t<\/div>\n\t\t","protected":false},"excerpt":{"rendered":"<p>Pachuca, Hgo., 28 de marzo de 2023.-Derivado de las acciones de vinculaci\u00f3n en cooperaci\u00f3n internacional que lleva a cabo la Secretar\u00eda de Desarrollo Econ\u00f3mico (Sedeco) a trav\u00e9s de la Corporaci\u00f3n Internacional Hidalgo (Coinhi), el experto alem\u00e1n de la Fundaci\u00f3n SES, doctor Rainer Rudolf Wolf, visit\u00f3 la Universidad Tecnol\u00f3gica de Tulancingo (UTT) para compartir el tema [&hellip;]<\/p>\n","protected":false},"author":1,"featured_media":5347,"comment_status":"closed","ping_status":"closed","sticky":false,"template":"","format":"standard","meta":[],"categories":[7],"tags":[],"_links":{"self":[{"href":"https:\/\/www.diarionoti7.com.mx\/index.php?rest_route=\/wp\/v2\/posts\/5345"}],"collection":[{"href":"https:\/\/www.diarionoti7.com.mx\/index.php?rest_route=\/wp\/v2\/posts"}],"about":[{"href":"https:\/\/www.diarionoti7.com.mx\/index.php?rest_route=\/wp\/v2\/types\/post"}],"author":[{"embeddable":true,"href":"https:\/\/www.diarionoti7.com.mx\/index.php?rest_route=\/wp\/v2\/users\/1"}],"replies":[{"embeddable":true,"href":"https:\/\/www.diarionoti7.com.mx\/index.php?rest_route=%2Fwp%2Fv2%2Fcomments&post=5345"}],"version-history":[{"count":4,"href":"https:\/\/www.diarionoti7.com.mx\/index.php?rest_route=\/wp\/v2\/posts\/5345\/revisions"}],"predecessor-version":[{"id":5350,"href":"https:\/\/www.diarionoti7.com.mx\/index.php?rest_route=\/wp\/v2\/posts\/5345\/revisions\/5350"}],"wp:featuredmedia":[{"embeddable":true,"href":"https:\/\/www.diarionoti7.com.mx\/index.php?rest_route=\/wp\/v2\/media\/5347"}],"wp:attachment":[{"href":"https:\/\/www.diarionoti7.com.mx\/index.php?rest_route=%2Fwp%2Fv2%2Fmedia&parent=5345"}],"wp:term":[{"taxonomy":"category","embeddable":true,"href":"https:\/\/www.diarionoti7.com.mx\/index.php?rest_route=%2Fwp%2Fv2%2Fcategories&post=5345"},{"taxonomy":"post_tag","embeddable":true,"href":"https:\/\/www.diarionoti7.com.mx\/index.php?rest_route=%2Fwp%2Fv2%2Ftags&post=5345"}],"curies":[{"name":"wp","href":"https:\/\/api.w.org\/{rel}","templated":true}]}}