{"id":5286,"date":"2023-03-29T17:33:45","date_gmt":"2023-03-29T17:33:45","guid":{"rendered":"https:\/\/www.diarionoti7.com.mx\/?p=5286"},"modified":"2023-03-29T17:34:42","modified_gmt":"2023-03-29T17:34:42","slug":"inauguran-stand-de-concanaco-servytur-mexico-en-el-tianguis-turistico-2023","status":"publish","type":"post","link":"https:\/\/www.diarionoti7.com.mx\/?p=5286","title":{"rendered":"Inauguran Stand de CONCANACO SERVYTUR M\u00e9xico en el Tianguis Tur\u00edstico 2023"},"content":{"rendered":"\t\t<div data-elementor-type=\"wp-post\" data-elementor-id=\"5286\" class=\"elementor elementor-5286\">\n\t\t\t\t\t\t\t\t\t<section class=\"elementor-section elementor-top-section elementor-element elementor-element-51c23a4c elementor-section-boxed elementor-section-height-default elementor-section-height-default\" data-id=\"51c23a4c\" data-element_type=\"section\">\n\t\t\t\t\t\t<div class=\"elementor-container elementor-column-gap-default\">\n\t\t\t\t\t<div class=\"elementor-column elementor-col-100 elementor-top-column elementor-element elementor-element-7d2e0b6e\" data-id=\"7d2e0b6e\" data-element_type=\"column\">\n\t\t\t<div class=\"elementor-widget-wrap elementor-element-populated\">\n\t\t\t\t\t\t\t\t<div class=\"elementor-element elementor-element-2f2290cd elementor-widget elementor-widget-text-editor\" data-id=\"2f2290cd\" data-element_type=\"widget\" data-widget_type=\"text-editor.default\">\n\t\t\t\t<div class=\"elementor-widget-container\">\n\t\t\t<style>\/*! elementor - v3.10.2 - 29-01-2023 *\/\n.elementor-widget-text-editor.elementor-drop-cap-view-stacked .elementor-drop-cap{background-color:#818a91;color:#fff}.elementor-widget-text-editor.elementor-drop-cap-view-framed .elementor-drop-cap{color:#818a91;border:3px solid;background-color:transparent}.elementor-widget-text-editor:not(.elementor-drop-cap-view-default) .elementor-drop-cap{margin-top:8px}.elementor-widget-text-editor:not(.elementor-drop-cap-view-default) .elementor-drop-cap-letter{width:1em;height:1em}.elementor-widget-text-editor .elementor-drop-cap{float:left;text-align:center;line-height:1;font-size:50px}.elementor-widget-text-editor .elementor-drop-cap-letter{display:inline-block}<\/style>\t\t\t\t<p><strong>*El presidente de la Confederaci\u00f3n de C\u00e1maras Nacionales de Comercio, Servicios y Turismo, H\u00e9ctor Tejada Shaar, encabez\u00f3 el inicio formal de actividades del stand del organismo c\u00fapula; con la participaci\u00f3n de la jefa de gobierno de la Ciudad de M\u00e9xico, Claudia Sheinbaum.<\/strong><\/p><p><strong>Ciudad de M\u00e9xico, 28 de marzo de 2023.<\/strong> El stand de la CONCANACO SERVYTUR M\u00e9xico en el Tianguis Tur\u00edstico 2023, cuyo objetivo es promover la digitalizaci\u00f3n en el sector turismo y as\u00ed fortalecer el crecimiento de la econom\u00eda de M\u00e9xico, fue inaugurado por el l\u00edder del organismo c\u00fapula, H\u00e9ctor Tejada Shaar, y la jefa de gobierno de la Ciudad de M\u00e9xico, Claudia Sheinbaum.<\/p><p>Este espacio de negocios estar\u00e1 disponible del 26 al 29 de marzo, en el pasillo C stand n\u00famero 7, en el que se podr\u00e1 encontrar informaci\u00f3n sobre las plataformas digitales que impulsa la confederaci\u00f3n, por ejemplo; CONOCE M\u00c9XICO, CONOCE ENSENADA, CONOCE LOS CABOS, CONOCE VALLARTA-RIVIERA NAYARIT, CONCACLICK y VISITA ISLAS MAR\u00cdAS.<\/p><p>\u201cHoy es el futuro del turismo\u201d, dijo H\u00e9ctor Tejada Shaar en relaci\u00f3n al crecimiento de este sector tras la pandemia. \u201cNuestra presencia en el Tianguis Tur\u00edstico 2023 responde a la defensa de los intereses de las m\u00e1s de 800 mil unidades econ\u00f3micas que participan en esta actividad econ\u00f3mica\u201d.<\/p><p>La puesta en marcha del stand ha sido un esfuerzo sin precedentes por parte de todo el equipo de CONCANACO, encabezado por el presidente H\u00e9ctor Tejada Shaar, as\u00ed como por el tesorero Octavio de la Torre y el secretario general Javier Sol\u00eds.<\/p><p>En el primer d\u00eda formal de actividades, el presidente del organismo c\u00fapula, H\u00e9ctor Tejada Shaar, particip\u00f3 en el corte de list\u00f3n del Tianguis Tur\u00edstico 2023, junto con el secretario de Turismo, Miguel Torruco Marqu\u00e9s y la propia jefa de gobierno de la CDMX; adem\u00e1s, estuvo presente en distintas actividades encaminadas al impulso del turismo en M\u00e9xico, especialmente en los estados de Guanajuato, Tlaxcala y Sinaloa por mencionar algunos.<\/p><p>En las 47 edici\u00f3n del Tianguis Tur\u00edstico participan m\u00e1s de mil 100 empresas, entre las que se cuentan hoteles independientes y cadenas hoteleras, aerol\u00edneas, representantes de turismo de las 32 entidades del pa\u00eds y la presencia de m\u00e1s de 70 pa\u00edses. Los resultados de este evento se comunicar\u00e1n por parte de la Secretar\u00eda de Turismo federal este pr\u00f3ximo mi\u00e9rcoles.<\/p>\t\t\t\t\t\t<\/div>\n\t\t\t\t<\/div>\n\t\t\t\t\t<\/div>\n\t\t<\/div>\n\t\t\t\t\t\t\t<\/div>\n\t\t<\/section>\n\t\t\t\t\t\t\t<\/div>\n\t\t","protected":false},"excerpt":{"rendered":"<p>*El presidente de la Confederaci\u00f3n de C\u00e1maras Nacionales de Comercio, Servicios y Turismo, H\u00e9ctor Tejada Shaar, encabez\u00f3 el inicio formal de actividades del stand del organismo c\u00fapula; con la participaci\u00f3n de la jefa de gobierno de la Ciudad de M\u00e9xico, Claudia Sheinbaum. Ciudad de M\u00e9xico, 28 de marzo de 2023. El stand de la CONCANACO [&hellip;]<\/p>\n","protected":false},"author":1,"featured_media":5288,"comment_status":"closed","ping_status":"closed","sticky":false,"template":"","format":"standard","meta":[],"categories":[6],"tags":[],"_links":{"self":[{"href":"https:\/\/www.diarionoti7.com.mx\/index.php?rest_route=\/wp\/v2\/posts\/5286"}],"collection":[{"href":"https:\/\/www.diarionoti7.com.mx\/index.php?rest_route=\/wp\/v2\/posts"}],"about":[{"href":"https:\/\/www.diarionoti7.com.mx\/index.php?rest_route=\/wp\/v2\/types\/post"}],"author":[{"embeddable":true,"href":"https:\/\/www.diarionoti7.com.mx\/index.php?rest_route=\/wp\/v2\/users\/1"}],"replies":[{"embeddable":true,"href":"https:\/\/www.diarionoti7.com.mx\/index.php?rest_route=%2Fwp%2Fv2%2Fcomments&post=5286"}],"version-history":[{"count":4,"href":"https:\/\/www.diarionoti7.com.mx\/index.php?rest_route=\/wp\/v2\/posts\/5286\/revisions"}],"predecessor-version":[{"id":5291,"href":"https:\/\/www.diarionoti7.com.mx\/index.php?rest_route=\/wp\/v2\/posts\/5286\/revisions\/5291"}],"wp:featuredmedia":[{"embeddable":true,"href":"https:\/\/www.diarionoti7.com.mx\/index.php?rest_route=\/wp\/v2\/media\/5288"}],"wp:attachment":[{"href":"https:\/\/www.diarionoti7.com.mx\/index.php?rest_route=%2Fwp%2Fv2%2Fmedia&parent=5286"}],"wp:term":[{"taxonomy":"category","embeddable":true,"href":"https:\/\/www.diarionoti7.com.mx\/index.php?rest_route=%2Fwp%2Fv2%2Fcategories&post=5286"},{"taxonomy":"post_tag","embeddable":true,"href":"https:\/\/www.diarionoti7.com.mx\/index.php?rest_route=%2Fwp%2Fv2%2Ftags&post=5286"}],"curies":[{"name":"wp","href":"https:\/\/api.w.org\/{rel}","templated":true}]}}