{"id":5274,"date":"2023-03-29T17:31:02","date_gmt":"2023-03-29T17:31:02","guid":{"rendered":"https:\/\/www.diarionoti7.com.mx\/?p=5274"},"modified":"2023-03-29T17:31:51","modified_gmt":"2023-03-29T17:31:51","slug":"ubr-de-tulancingo-entrego-constancias-de-los-cursos-de-formacion-continua","status":"publish","type":"post","link":"https:\/\/www.diarionoti7.com.mx\/?p=5274","title":{"rendered":"UBR de Tulancingo Entreg\u00f3 Constancias de Los Cursos de Formaci\u00f3n Continua"},"content":{"rendered":"\t\t<div data-elementor-type=\"wp-post\" data-elementor-id=\"5274\" class=\"elementor elementor-5274\">\n\t\t\t\t\t\t\t\t\t<section class=\"elementor-section elementor-top-section elementor-element elementor-element-51c23a4c elementor-section-boxed elementor-section-height-default elementor-section-height-default\" data-id=\"51c23a4c\" data-element_type=\"section\">\n\t\t\t\t\t\t<div class=\"elementor-container elementor-column-gap-default\">\n\t\t\t\t\t<div class=\"elementor-column elementor-col-100 elementor-top-column elementor-element elementor-element-7d2e0b6e\" data-id=\"7d2e0b6e\" data-element_type=\"column\">\n\t\t\t<div class=\"elementor-widget-wrap elementor-element-populated\">\n\t\t\t\t\t\t\t\t<div class=\"elementor-element elementor-element-2f2290cd elementor-widget elementor-widget-text-editor\" data-id=\"2f2290cd\" data-element_type=\"widget\" data-widget_type=\"text-editor.default\">\n\t\t\t\t<div class=\"elementor-widget-container\">\n\t\t\t<style>\/*! elementor - v3.10.2 - 29-01-2023 *\/\n.elementor-widget-text-editor.elementor-drop-cap-view-stacked .elementor-drop-cap{background-color:#818a91;color:#fff}.elementor-widget-text-editor.elementor-drop-cap-view-framed .elementor-drop-cap{color:#818a91;border:3px solid;background-color:transparent}.elementor-widget-text-editor:not(.elementor-drop-cap-view-default) .elementor-drop-cap{margin-top:8px}.elementor-widget-text-editor:not(.elementor-drop-cap-view-default) .elementor-drop-cap-letter{width:1em;height:1em}.elementor-widget-text-editor .elementor-drop-cap{float:left;text-align:center;line-height:1;font-size:50px}.elementor-widget-text-editor .elementor-drop-cap-letter{display:inline-block}<\/style>\t\t\t\t<p><strong>Tulancingo de Bravo, Hgo., 28 de marzo de 2023.-<\/strong>El Sistema Municipal DIF Tulancingo, presidido por Yolanda Magaldi Rivera, a trav\u00e9s de la Unidad B\u00e1sica de Rehabilitaci\u00f3n, entreg\u00f3 constancias por la conclusi\u00f3n de los Cursos de Formaci\u00f3n Continua, &#8220;Talleres en el \u00c1rea de Rehabilitaci\u00f3n&#8221;.<\/p><p>Liliana Hoyos D\u00edaz Directora de la UBR, mencion\u00f3 que los cursos tienen como finalidad, ofrecer una capacitaci\u00f3n de calidad a estudiantes y profesionales en el \u00e1mbito de rehabilitaci\u00f3n; adem\u00e1s son un apoyo para su formaci\u00f3n y los ayuda a mejorar la atenci\u00f3n a los pacientes que requieren de sus servicios, tanto en Tulancingo como en sus alrededores.<\/p><p>Los temas tratados fueron: Terapia Manual, Vendaje en Fisioterapia, a nivel b\u00e1sico y Terapia ocupacional, estrategias b\u00e1sicas para trabajar las actividades de la vida diaria; mismos que fueron impartidos por las licenciadas en terapia f\u00edsica, Tania Guadalupe Hern\u00e1ndez, Katia Mej\u00eda Islas y Gabriela chimal Le\u00f3n; adem\u00e1s de Marianela Galizzi.<\/p><p>Se tuvo la participaci\u00f3n de 48 alumnos, quienes recibieron su constancia de manos de la presidenta del Sistema DIF, la Directora General, Juana Cruz y Liliana Hoyos D\u00edaz, titular de la UBR.<\/p><p>Posteriormente Magaldi Rivera dio un emotivo mensaje y felicit\u00f3 a quienes participaron en los Cursos y Talleres, y los invit\u00f3 a seguir con su formaci\u00f3n, lo que permitir\u00e1 que m\u00e1s personas accedan a servicios de calidad.<\/p><p>De esta manera se Avanza en acciones que beneficiar\u00e1n a quienes se dedican a esta actividad en el \u00e1mbito profesional.<\/p>\t\t\t\t\t\t<\/div>\n\t\t\t\t<\/div>\n\t\t\t\t\t<\/div>\n\t\t<\/div>\n\t\t\t\t\t\t\t<\/div>\n\t\t<\/section>\n\t\t\t\t\t\t\t<\/div>\n\t\t","protected":false},"excerpt":{"rendered":"<p>Tulancingo de Bravo, Hgo., 28 de marzo de 2023.-El Sistema Municipal DIF Tulancingo, presidido por Yolanda Magaldi Rivera, a trav\u00e9s de la Unidad B\u00e1sica de Rehabilitaci\u00f3n, entreg\u00f3 constancias por la conclusi\u00f3n de los Cursos de Formaci\u00f3n Continua, &#8220;Talleres en el \u00c1rea de Rehabilitaci\u00f3n&#8221;. Liliana Hoyos D\u00edaz Directora de la UBR, mencion\u00f3 que los cursos tienen [&hellip;]<\/p>\n","protected":false},"author":1,"featured_media":5276,"comment_status":"closed","ping_status":"closed","sticky":false,"template":"","format":"standard","meta":[],"categories":[9],"tags":[],"_links":{"self":[{"href":"https:\/\/www.diarionoti7.com.mx\/index.php?rest_route=\/wp\/v2\/posts\/5274"}],"collection":[{"href":"https:\/\/www.diarionoti7.com.mx\/index.php?rest_route=\/wp\/v2\/posts"}],"about":[{"href":"https:\/\/www.diarionoti7.com.mx\/index.php?rest_route=\/wp\/v2\/types\/post"}],"author":[{"embeddable":true,"href":"https:\/\/www.diarionoti7.com.mx\/index.php?rest_route=\/wp\/v2\/users\/1"}],"replies":[{"embeddable":true,"href":"https:\/\/www.diarionoti7.com.mx\/index.php?rest_route=%2Fwp%2Fv2%2Fcomments&post=5274"}],"version-history":[{"count":4,"href":"https:\/\/www.diarionoti7.com.mx\/index.php?rest_route=\/wp\/v2\/posts\/5274\/revisions"}],"predecessor-version":[{"id":5279,"href":"https:\/\/www.diarionoti7.com.mx\/index.php?rest_route=\/wp\/v2\/posts\/5274\/revisions\/5279"}],"wp:featuredmedia":[{"embeddable":true,"href":"https:\/\/www.diarionoti7.com.mx\/index.php?rest_route=\/wp\/v2\/media\/5276"}],"wp:attachment":[{"href":"https:\/\/www.diarionoti7.com.mx\/index.php?rest_route=%2Fwp%2Fv2%2Fmedia&parent=5274"}],"wp:term":[{"taxonomy":"category","embeddable":true,"href":"https:\/\/www.diarionoti7.com.mx\/index.php?rest_route=%2Fwp%2Fv2%2Fcategories&post=5274"},{"taxonomy":"post_tag","embeddable":true,"href":"https:\/\/www.diarionoti7.com.mx\/index.php?rest_route=%2Fwp%2Fv2%2Ftags&post=5274"}],"curies":[{"name":"wp","href":"https:\/\/api.w.org\/{rel}","templated":true}]}}