{"id":5256,"date":"2023-03-29T17:24:05","date_gmt":"2023-03-29T17:24:05","guid":{"rendered":"https:\/\/www.diarionoti7.com.mx\/?p=5256"},"modified":"2023-03-29T17:25:59","modified_gmt":"2023-03-29T17:25:59","slug":"sindicato-unico-de-trabajadores-celebro-38-aniversario-de-creacion","status":"publish","type":"post","link":"https:\/\/www.diarionoti7.com.mx\/?p=5256","title":{"rendered":"Sindicato \u00danico de Trabajadores  Celebr\u00f3 38 Aniversario de Creaci\u00f3n"},"content":{"rendered":"\t\t<div data-elementor-type=\"wp-post\" data-elementor-id=\"5256\" class=\"elementor elementor-5256\">\n\t\t\t\t\t\t\t\t\t<section class=\"elementor-section elementor-top-section elementor-element elementor-element-51c23a4c elementor-section-boxed elementor-section-height-default elementor-section-height-default\" data-id=\"51c23a4c\" data-element_type=\"section\">\n\t\t\t\t\t\t<div class=\"elementor-container elementor-column-gap-default\">\n\t\t\t\t\t<div class=\"elementor-column elementor-col-100 elementor-top-column elementor-element elementor-element-7d2e0b6e\" data-id=\"7d2e0b6e\" data-element_type=\"column\">\n\t\t\t<div class=\"elementor-widget-wrap elementor-element-populated\">\n\t\t\t\t\t\t\t\t<div class=\"elementor-element elementor-element-2f2290cd elementor-widget elementor-widget-text-editor\" data-id=\"2f2290cd\" data-element_type=\"widget\" data-widget_type=\"text-editor.default\">\n\t\t\t\t<div class=\"elementor-widget-container\">\n\t\t\t<style>\/*! elementor - v3.10.2 - 29-01-2023 *\/\n.elementor-widget-text-editor.elementor-drop-cap-view-stacked .elementor-drop-cap{background-color:#818a91;color:#fff}.elementor-widget-text-editor.elementor-drop-cap-view-framed .elementor-drop-cap{color:#818a91;border:3px solid;background-color:transparent}.elementor-widget-text-editor:not(.elementor-drop-cap-view-default) .elementor-drop-cap{margin-top:8px}.elementor-widget-text-editor:not(.elementor-drop-cap-view-default) .elementor-drop-cap-letter{width:1em;height:1em}.elementor-widget-text-editor .elementor-drop-cap{float:left;text-align:center;line-height:1;font-size:50px}.elementor-widget-text-editor .elementor-drop-cap-letter{display:inline-block}<\/style>\t\t\t\t<p><strong>-Alcalde Jorge M\u00e1rquez entreg\u00f3 reconocimientos<\/strong><\/p><p><strong>Tulancingo de Bravo, Hgo., 28 de marzo de 2023.-<\/strong>En un ambiente festivo y de unidad, fue celebrado el 38 aniversario del Sindicato \u00danico de Trabajadores al Servicio del H. Ayuntamiento de Tulancingo de Bravo; contando con la asistencia del presidente Jorge M\u00e1rquez Alvarado.<\/p><p>En la ceremonia protocolaria, la secretaria de la organizaci\u00f3n sindical Sandra Lilia Pazaran Gil, habl\u00f3 de la evoluci\u00f3n que ha tenido la agrupaci\u00f3n para ser democr\u00e1tica y de aut\u00e9ntica lucha, de la mano y en consenso con la municipalidad.<\/p><p>Por su parte el presidente Jorge M\u00e1rquez Alvarado felicit\u00f3 al sindicato por este aniversario, cada vez m\u00e1s cercano a las cuatro d\u00e9cadas. Asimismo, agradeci\u00f3 y reconoci\u00f3 el esfuerzo y trabajo que d\u00eda a d\u00eda ofrecen los 230 sindicalizados activos, el cual, es fundamental para cumplir con la encomienda y compromiso de que Tulancingo Avance, dando resultados a la ciudadan\u00eda.<\/p><p>As\u00ed tambi\u00e9n, el ejecutivo local coment\u00f3 que los trabajadores son la cara del gobierno ante la sociedad en su quehacer diario, y por ello es satisfactorio para el municipio, contar con personas que dedican su vida, perseverancia y empe\u00f1o en beneficio de su municipio.<\/p><p>M\u00e1rquez Alvarado manifest\u00f3 que esta administraci\u00f3n se ha preocupado por que el personal sindicalizado se profesionalice y tambi\u00e9n inicie o concluya estudios truncos, con apoyo el de Instituto Hidalguense de Educaci\u00f3n para los Adultos, contribuyendo as\u00ed a revertir el rezago educativo.<\/p><p>Momento emotivo de la ceremonia fue la entrega de reconocimientos a personal sindicalizado en reconocimiento a sus a\u00f1os de servicio y trayectoria laboral, el cual estuvo acompa\u00f1ado de bonos, e igualmente a quienes llegaron a la etapa de jubilaci\u00f3n.<\/p><p>Los reconocimientos de antig\u00fcedad fueron recibidos por: Martha Margarita Vargas Hurtado; Ismael Cruz Tapia; Evangelina Mart\u00ednez Barrios; Jaqueline Gonz\u00e1lez Temporal y Clemente Ernesto Escorcia Borbolla.<\/p><p>Mientras que los bonos de jubilaci\u00f3n por 30 a\u00f1os de servicio fueron entregados a: Margarita Calva Dom\u00ednguez; Aquilea Meneses Barraza y Aaron Miranda Esp\u00edritu.<\/p><p>La organizaci\u00f3n sindical fundada en 1985, se dijo, tiene muy claros sus valores de respeto, constancia, perseverancia y humildad, que se requieren para ser mejores cada d\u00eda. Este festejo fue posible gracias al apoyo de la alcald\u00eda y cont\u00f3 con la presencia de integrantes del ayuntamiento y secretarios del gabinete municipal.<\/p>\t\t\t\t\t\t<\/div>\n\t\t\t\t<\/div>\n\t\t\t\t\t<\/div>\n\t\t<\/div>\n\t\t\t\t\t\t\t<\/div>\n\t\t<\/section>\n\t\t\t\t\t\t\t<\/div>\n\t\t","protected":false},"excerpt":{"rendered":"<p>-Alcalde Jorge M\u00e1rquez entreg\u00f3 reconocimientos Tulancingo de Bravo, Hgo., 28 de marzo de 2023.-En un ambiente festivo y de unidad, fue celebrado el 38 aniversario del Sindicato \u00danico de Trabajadores al Servicio del H. Ayuntamiento de Tulancingo de Bravo; contando con la asistencia del presidente Jorge M\u00e1rquez Alvarado. En la ceremonia protocolaria, la secretaria de [&hellip;]<\/p>\n","protected":false},"author":1,"featured_media":5258,"comment_status":"closed","ping_status":"closed","sticky":false,"template":"","format":"standard","meta":[],"categories":[9],"tags":[],"_links":{"self":[{"href":"https:\/\/www.diarionoti7.com.mx\/index.php?rest_route=\/wp\/v2\/posts\/5256"}],"collection":[{"href":"https:\/\/www.diarionoti7.com.mx\/index.php?rest_route=\/wp\/v2\/posts"}],"about":[{"href":"https:\/\/www.diarionoti7.com.mx\/index.php?rest_route=\/wp\/v2\/types\/post"}],"author":[{"embeddable":true,"href":"https:\/\/www.diarionoti7.com.mx\/index.php?rest_route=\/wp\/v2\/users\/1"}],"replies":[{"embeddable":true,"href":"https:\/\/www.diarionoti7.com.mx\/index.php?rest_route=%2Fwp%2Fv2%2Fcomments&post=5256"}],"version-history":[{"count":4,"href":"https:\/\/www.diarionoti7.com.mx\/index.php?rest_route=\/wp\/v2\/posts\/5256\/revisions"}],"predecessor-version":[{"id":5261,"href":"https:\/\/www.diarionoti7.com.mx\/index.php?rest_route=\/wp\/v2\/posts\/5256\/revisions\/5261"}],"wp:featuredmedia":[{"embeddable":true,"href":"https:\/\/www.diarionoti7.com.mx\/index.php?rest_route=\/wp\/v2\/media\/5258"}],"wp:attachment":[{"href":"https:\/\/www.diarionoti7.com.mx\/index.php?rest_route=%2Fwp%2Fv2%2Fmedia&parent=5256"}],"wp:term":[{"taxonomy":"category","embeddable":true,"href":"https:\/\/www.diarionoti7.com.mx\/index.php?rest_route=%2Fwp%2Fv2%2Fcategories&post=5256"},{"taxonomy":"post_tag","embeddable":true,"href":"https:\/\/www.diarionoti7.com.mx\/index.php?rest_route=%2Fwp%2Fv2%2Ftags&post=5256"}],"curies":[{"name":"wp","href":"https:\/\/api.w.org\/{rel}","templated":true}]}}