{"id":5238,"date":"2023-03-28T18:06:04","date_gmt":"2023-03-28T18:06:04","guid":{"rendered":"https:\/\/www.diarionoti7.com.mx\/?p=5238"},"modified":"2023-03-28T18:06:38","modified_gmt":"2023-03-28T18:06:38","slug":"diputado-de-morena-propone-conciliadores-municipales-acrediten-experiencia-comprobable-en-derechos-humanos-al-asumir-el-cargo","status":"publish","type":"post","link":"https:\/\/www.diarionoti7.com.mx\/?p=5238","title":{"rendered":"Diputado de Morena Propone Conciliadores Municipales Acrediten Experiencia Comprobable en Derechos Humanos, al Asumir el Cargo"},"content":{"rendered":"\t\t<div data-elementor-type=\"wp-post\" data-elementor-id=\"5238\" class=\"elementor elementor-5238\">\n\t\t\t\t\t\t\t\t\t<section class=\"elementor-section elementor-top-section elementor-element elementor-element-51c23a4c elementor-section-boxed elementor-section-height-default elementor-section-height-default\" data-id=\"51c23a4c\" data-element_type=\"section\">\n\t\t\t\t\t\t<div class=\"elementor-container elementor-column-gap-default\">\n\t\t\t\t\t<div class=\"elementor-column elementor-col-100 elementor-top-column elementor-element elementor-element-7d2e0b6e\" data-id=\"7d2e0b6e\" data-element_type=\"column\">\n\t\t\t<div class=\"elementor-widget-wrap elementor-element-populated\">\n\t\t\t\t\t\t\t\t<div class=\"elementor-element elementor-element-2f2290cd elementor-widget elementor-widget-text-editor\" data-id=\"2f2290cd\" data-element_type=\"widget\" data-widget_type=\"text-editor.default\">\n\t\t\t\t<div class=\"elementor-widget-container\">\n\t\t\t<style>\/*! elementor - v3.10.2 - 29-01-2023 *\/\n.elementor-widget-text-editor.elementor-drop-cap-view-stacked .elementor-drop-cap{background-color:#818a91;color:#fff}.elementor-widget-text-editor.elementor-drop-cap-view-framed .elementor-drop-cap{color:#818a91;border:3px solid;background-color:transparent}.elementor-widget-text-editor:not(.elementor-drop-cap-view-default) .elementor-drop-cap{margin-top:8px}.elementor-widget-text-editor:not(.elementor-drop-cap-view-default) .elementor-drop-cap-letter{width:1em;height:1em}.elementor-widget-text-editor .elementor-drop-cap{float:left;text-align:center;line-height:1;font-size:50px}.elementor-widget-text-editor .elementor-drop-cap-letter{display:inline-block}<\/style>\t\t\t\t<p><strong>PACHUCA, Hgo., a 27 de Marzo 2023.-<\/strong> Para que los conciliadores municipales de los 84 Ayuntamientos del Estado cuenten con experiencia acreditable en materia de Derechos Humanos al momento de ingresar al cargo, el diputado local de Morena Timoteo L\u00f3pez P\u00e9rez someti\u00f3 a la consideraci\u00f3n del Pleno del Congreso estatal una iniciativa que adiciona la fracci\u00f3n V del art\u00edculo 161 de la Ley Org\u00e1nica Municipal para el Estado de Hidalgo.<\/p><p>Explic\u00f3 durante la exposici\u00f3n de motivos que la funci\u00f3n de conciliaci\u00f3n es ser una herramienta para solucionar conflictos que se basa en la comunicaci\u00f3n entre las partes y el intercambio de ideas para solucionar una diferencia. En este proceso -dijo- las partes son acompa\u00f1adas por un tercero que se denomina conciliador municipal, popularmente conocido como \u201cjuez conciliador\u201d.<\/p><p>Por lo tanto, abund\u00f3, es necesario que esa persona encargada de la conciliaci\u00f3n cuente con conocimientos en materia de Derechos Humanos para evitar que le sean vulnerados sus derechos a los participantes en este medio de soluci\u00f3n de controversias.<\/p><p>Dijo que es necesario privilegiar la soluci\u00f3n de los conflictos sobre los formalismos procedimentales, siempre que no se afecte la igualdad entre las partes, el debido proceso u otros derechos adem\u00e1s de que busca mantener la tranquilidad, la seguridad y el orden p\u00fablico, as\u00ed como procurar el cumplimiento de los ordenamientos legales, administrativos y reglamentarios del municipio, la cual se impartir\u00e1 por un conciliador municipal.<\/p><p>Record\u00f3 que el 10 de junio de 2011 se public\u00f3 en el Diario Oficial de la Federaci\u00f3n (DOF) una reforma constitucional de Derechos Humanos, la cual ha tenido como mandato crear una nueva cultura de derechos humanos, poniendo al centro la dignidad de las personas.<\/p><p>Se\u00f1al\u00f3 que aunque se modificaron diversos art\u00edculos de la Constituci\u00f3n, el cambio m\u00e1s significativo que se logr\u00f3 con la reforma es el que se hizo al Art\u00edculo 1\u00b0 en sus p\u00e1rrafos primero y quinto y adicionado con dos p\u00e1rrafos \u2013segundo y tercero\u2013. \u00c9ste implica un nuevo modo en que deben organizarse el gobierno federal y todos los gobiernos estatales, de la Ciudad de M\u00e9xico y municipales, los \u00f3rganos legislativos, todos los tribunales y sus jueces, jueza y en general todo el \u00f3rgano p\u00fablico, autoridad o persona funcionaria para respetar, proteger, garantizar y promover los derechos humanos de todas las personas que est\u00e9n en M\u00e9xico, sean mexicanas o no.<\/p><p>Indic\u00f3 que esta reforma trascendental, que busc\u00f3 principalmente el fortalecimiento del sistema de reconocimiento y protecci\u00f3n de los derechos humanos en M\u00e9xico, implic\u00f3 la modificaci\u00f3n de 11 art\u00edculos constitucionales: 1, 3, 11, 15, 18, 29, 33, 89, 97, 102 y 105. Uno de los principales cambios de la reforma es: La obligaci\u00f3n para todas las autoridades, sin distinci\u00f3n alguna, de cumplir con cuatro obligaciones espec\u00edficas: promover, respetar, proteger y garantizar los derechos humanos, para lo cual la presente iniciativa busca que los conciliadores municipales acrediten experiencia en materia de Derechos Humanos.<\/p><p>En tanto, el diputado local de Morena \u00c1ngel Tenorio Cruz someti\u00f3 a la consideraci\u00f3n del Pleno del Congreso estatal una iniciativa que reforma y adiciona diversas disposiciones de la Ley de Salud para el Estado de Hidalgo, que busca la existencia de un marco normativo que propicie la promoci\u00f3n, protecci\u00f3n y respeto de los Derechos Humanos, especialmente los del grupo poblacional en situaci\u00f3n de vulnerabilidad integrado por las personas lesbianas, gays, bisexuales, transexuales, transg\u00e9nero, trasvestis, intersexales y asexuales, entre otras.<\/p><p>Explic\u00f3 que las personas de la diversidad sexog\u00e9nerica integran un grupo poblacional expuesto de manera desproporcionada a los abusos y las discriminaciones, mismo que nos son ajenos al derecho a la salud, que se encuentra reconocido en el art\u00edculo 4\u00b0 de la Constituci\u00f3n Pol\u00edtica de los Estados Unidos Mexicanos.<\/p><p>A\u00f1adi\u00f3 que el informe sobre Personas Trans y de G\u00e9nero Diversos y sus Derechos Econ\u00f3micos, Sociales, Culturales y Ambientales, aprobado por la Comisi\u00f3n Interamericana de Derechos Humanos, la falta de reconocimiento de la identidad de g\u00e9nero en \u00e1mbitos de la salud es una de las grandes razones por las que las personas trans y de g\u00e9nero diverso ven limitado el ejercicio de su derecho a la salud.<\/p><p>Dijo que el hecho de no ser reconocidas en su identidad, hace que con suma frecuencia las personas trans y de g\u00e9nero diverso, deban soportar la humillaci\u00f3n de ser llamadas en p\u00fablico por el nombre de pila registral o que en sus historias cl\u00ednicas figuren \u00fanicamente bajo esos datos.<\/p><p>Es por ello, dijo, que estima la existencia de argumentos l\u00f3gica y racionalmente suficientes para justificar la presente iniciativa, que abone a la existencia de un marco normativo que propicie la promoci\u00f3n, protecci\u00f3n, respeto y garant\u00eda de los Derechos Humanos de todas las personas en el Estado de Hidalgo, especialmente los del grupo poblacional en situaci\u00f3n de vulnerabilidad.<\/p>\t\t\t\t\t\t<\/div>\n\t\t\t\t<\/div>\n\t\t\t\t\t<\/div>\n\t\t<\/div>\n\t\t\t\t\t\t\t<\/div>\n\t\t<\/section>\n\t\t\t\t\t\t\t<\/div>\n\t\t","protected":false},"excerpt":{"rendered":"<p>PACHUCA, Hgo., a 27 de Marzo 2023.- Para que los conciliadores municipales de los 84 Ayuntamientos del Estado cuenten con experiencia acreditable en materia de Derechos Humanos al momento de ingresar al cargo, el diputado local de Morena Timoteo L\u00f3pez P\u00e9rez someti\u00f3 a la consideraci\u00f3n del Pleno del Congreso estatal una iniciativa que adiciona la [&hellip;]<\/p>\n","protected":false},"author":1,"featured_media":5240,"comment_status":"closed","ping_status":"closed","sticky":false,"template":"","format":"standard","meta":[],"categories":[3],"tags":[],"_links":{"self":[{"href":"https:\/\/www.diarionoti7.com.mx\/index.php?rest_route=\/wp\/v2\/posts\/5238"}],"collection":[{"href":"https:\/\/www.diarionoti7.com.mx\/index.php?rest_route=\/wp\/v2\/posts"}],"about":[{"href":"https:\/\/www.diarionoti7.com.mx\/index.php?rest_route=\/wp\/v2\/types\/post"}],"author":[{"embeddable":true,"href":"https:\/\/www.diarionoti7.com.mx\/index.php?rest_route=\/wp\/v2\/users\/1"}],"replies":[{"embeddable":true,"href":"https:\/\/www.diarionoti7.com.mx\/index.php?rest_route=%2Fwp%2Fv2%2Fcomments&post=5238"}],"version-history":[{"count":4,"href":"https:\/\/www.diarionoti7.com.mx\/index.php?rest_route=\/wp\/v2\/posts\/5238\/revisions"}],"predecessor-version":[{"id":5243,"href":"https:\/\/www.diarionoti7.com.mx\/index.php?rest_route=\/wp\/v2\/posts\/5238\/revisions\/5243"}],"wp:featuredmedia":[{"embeddable":true,"href":"https:\/\/www.diarionoti7.com.mx\/index.php?rest_route=\/wp\/v2\/media\/5240"}],"wp:attachment":[{"href":"https:\/\/www.diarionoti7.com.mx\/index.php?rest_route=%2Fwp%2Fv2%2Fmedia&parent=5238"}],"wp:term":[{"taxonomy":"category","embeddable":true,"href":"https:\/\/www.diarionoti7.com.mx\/index.php?rest_route=%2Fwp%2Fv2%2Fcategories&post=5238"},{"taxonomy":"post_tag","embeddable":true,"href":"https:\/\/www.diarionoti7.com.mx\/index.php?rest_route=%2Fwp%2Fv2%2Ftags&post=5238"}],"curies":[{"name":"wp","href":"https:\/\/api.w.org\/{rel}","templated":true}]}}