{"id":5202,"date":"2023-03-28T18:00:33","date_gmt":"2023-03-28T18:00:33","guid":{"rendered":"https:\/\/www.diarionoti7.com.mx\/?p=5202"},"modified":"2023-03-28T18:01:12","modified_gmt":"2023-03-28T18:01:12","slug":"madres-y-padres-de-familia-aliados-naturales-de-los-maestros-en-la-educacion-de-la-ninez-hidalguense-natividad-castrejon","status":"publish","type":"post","link":"https:\/\/www.diarionoti7.com.mx\/?p=5202","title":{"rendered":"Madres y Padres de Familia, Aliados Naturales de los Maestros en la Educaci\u00f3n de la Ni\u00f1ez Hidalguense: Natividad Castrej\u00f3n"},"content":{"rendered":"\t\t<div data-elementor-type=\"wp-post\" data-elementor-id=\"5202\" class=\"elementor elementor-5202\">\n\t\t\t\t\t\t\t\t\t<section class=\"elementor-section elementor-top-section elementor-element elementor-element-51c23a4c elementor-section-boxed elementor-section-height-default elementor-section-height-default\" data-id=\"51c23a4c\" data-element_type=\"section\">\n\t\t\t\t\t\t<div class=\"elementor-container elementor-column-gap-default\">\n\t\t\t\t\t<div class=\"elementor-column elementor-col-100 elementor-top-column elementor-element elementor-element-7d2e0b6e\" data-id=\"7d2e0b6e\" data-element_type=\"column\">\n\t\t\t<div class=\"elementor-widget-wrap elementor-element-populated\">\n\t\t\t\t\t\t\t\t<div class=\"elementor-element elementor-element-2f2290cd elementor-widget elementor-widget-text-editor\" data-id=\"2f2290cd\" data-element_type=\"widget\" data-widget_type=\"text-editor.default\">\n\t\t\t\t<div class=\"elementor-widget-container\">\n\t\t\t<style>\/*! elementor - v3.10.2 - 29-01-2023 *\/\n.elementor-widget-text-editor.elementor-drop-cap-view-stacked .elementor-drop-cap{background-color:#818a91;color:#fff}.elementor-widget-text-editor.elementor-drop-cap-view-framed .elementor-drop-cap{color:#818a91;border:3px solid;background-color:transparent}.elementor-widget-text-editor:not(.elementor-drop-cap-view-default) .elementor-drop-cap{margin-top:8px}.elementor-widget-text-editor:not(.elementor-drop-cap-view-default) .elementor-drop-cap-letter{width:1em;height:1em}.elementor-widget-text-editor .elementor-drop-cap{float:left;text-align:center;line-height:1;font-size:50px}.elementor-widget-text-editor .elementor-drop-cap-letter{display:inline-block}<\/style>\t\t\t\t<p><strong>*El titular de la SEPH presidi\u00f3 las actividades del 50 Aniversario de la Escuela Primaria \u201cEverardo M\u00e1rquez\u201d<\/strong><\/p><p><strong>PACHUCA, Hgo., 27 de Marzo de 2023.-<\/strong> Con la representaci\u00f3n del gobernador Julio Menchaca Salazar, el secretario de Educaci\u00f3n P\u00fablica de Hidalgo, Natividad Castrej\u00f3n Valdez, asisti\u00f3 al Homenaje del 50 Aniversario de la Escuela Primaria \u201cEverardo M\u00e1rquez\u201d, ubicada en Pachuca.<\/p><p>Despu\u00e9s de acompa\u00f1ar a ni\u00f1as, ni\u00f1os, directivos y docentes de dicha instituci\u00f3n a realizar el Lunes C\u00edvico, Natividad Castrej\u00f3n subray\u00f3 que, para quienes trabajan en el sector educativo, es muy satisfactorio atestiguar c\u00f3mo las escuelas cumplen cabalmente con la encomienda de formar a las generaciones que responden a los retos y exigencias que van marcando los tiempos en aras de construir una sociedad m\u00e1s libre, solidaria, justa, democr\u00e1tica e igualitaria.<\/p><p>\u201cY eso es lo que esta escuela ha venido haciendo a lo largo de estos 50 a\u00f1os: brindar un servicio educativo a miles de ni\u00f1as y ni\u00f1os, cuyo paso por estas aulas se vio coronado con la conclusi\u00f3n de sus estudios de educaci\u00f3n primaria, como un pelda\u00f1o b\u00e1sico para su formaci\u00f3n acad\u00e9mica y preparaci\u00f3n profesional\u201d.<\/p><p>Reconoci\u00f3 a las madres y padres de familia, aliados naturales de los maestros, y quienes depositan en la escuela toda su confianza y esperanza de que sus hijas e hijos tengan un mejor futuro, a trav\u00e9s del estudio y la dedicaci\u00f3n. Asimismo, reafirm\u00f3 que padres de familia y maestros conforman el binomio perfecto para asegurar un servicio educativo de calidad para las infancias.<\/p><p>En su oportunidad la directora de la Escuela Primaria Everardo M\u00e1rquez, Leticia Juana Campos Luna se\u00f1al\u00f3 que esta instituci\u00f3n educativa refrenda el compromiso de seguir educado a ni\u00f1as y ni\u00f1os con valores, criterio y excelentes ciudadanos, al tiempo que reconoci\u00f3 el trabajo de la plantilla docente, padres de familia y alumnos ya que, con el apoyo de todos, la escuela lleg\u00f3 a su 50 Aniversario.<\/p><p>En dicho homenaje, se devel\u00f3 la placa conmemorativa, adem\u00e1s un grupo de estudiantes comparti\u00f3 la rese\u00f1a de la escuela, mientras que sus docentes realizaron el baile regional El maizal, tambi\u00e9n se entregaron reconocimientos a las autoridades educativas.<\/p><p>Durante toda la semana se realizar\u00e1n diversas actividades por el aniversario, entre las que destacan: rondas infantiles, demostraci\u00f3n de talentos, poes\u00eda, proyecciones acad\u00e9micas, interpretaci\u00f3n de canciones en ingl\u00e9s, realizaci\u00f3n de estampado mexicano, entre otras<\/p><p>\u00a0<\/p>\t\t\t\t\t\t<\/div>\n\t\t\t\t<\/div>\n\t\t\t\t\t<\/div>\n\t\t<\/div>\n\t\t\t\t\t\t\t<\/div>\n\t\t<\/section>\n\t\t\t\t\t\t\t<\/div>\n\t\t","protected":false},"excerpt":{"rendered":"<p>*El titular de la SEPH presidi\u00f3 las actividades del 50 Aniversario de la Escuela Primaria \u201cEverardo M\u00e1rquez\u201d PACHUCA, Hgo., 27 de Marzo de 2023.- Con la representaci\u00f3n del gobernador Julio Menchaca Salazar, el secretario de Educaci\u00f3n P\u00fablica de Hidalgo, Natividad Castrej\u00f3n Valdez, asisti\u00f3 al Homenaje del 50 Aniversario de la Escuela Primaria \u201cEverardo M\u00e1rquez\u201d, ubicada [&hellip;]<\/p>\n","protected":false},"author":1,"featured_media":5204,"comment_status":"closed","ping_status":"closed","sticky":false,"template":"","format":"standard","meta":[],"categories":[4],"tags":[],"_links":{"self":[{"href":"https:\/\/www.diarionoti7.com.mx\/index.php?rest_route=\/wp\/v2\/posts\/5202"}],"collection":[{"href":"https:\/\/www.diarionoti7.com.mx\/index.php?rest_route=\/wp\/v2\/posts"}],"about":[{"href":"https:\/\/www.diarionoti7.com.mx\/index.php?rest_route=\/wp\/v2\/types\/post"}],"author":[{"embeddable":true,"href":"https:\/\/www.diarionoti7.com.mx\/index.php?rest_route=\/wp\/v2\/users\/1"}],"replies":[{"embeddable":true,"href":"https:\/\/www.diarionoti7.com.mx\/index.php?rest_route=%2Fwp%2Fv2%2Fcomments&post=5202"}],"version-history":[{"count":4,"href":"https:\/\/www.diarionoti7.com.mx\/index.php?rest_route=\/wp\/v2\/posts\/5202\/revisions"}],"predecessor-version":[{"id":5207,"href":"https:\/\/www.diarionoti7.com.mx\/index.php?rest_route=\/wp\/v2\/posts\/5202\/revisions\/5207"}],"wp:featuredmedia":[{"embeddable":true,"href":"https:\/\/www.diarionoti7.com.mx\/index.php?rest_route=\/wp\/v2\/media\/5204"}],"wp:attachment":[{"href":"https:\/\/www.diarionoti7.com.mx\/index.php?rest_route=%2Fwp%2Fv2%2Fmedia&parent=5202"}],"wp:term":[{"taxonomy":"category","embeddable":true,"href":"https:\/\/www.diarionoti7.com.mx\/index.php?rest_route=%2Fwp%2Fv2%2Fcategories&post=5202"},{"taxonomy":"post_tag","embeddable":true,"href":"https:\/\/www.diarionoti7.com.mx\/index.php?rest_route=%2Fwp%2Fv2%2Ftags&post=5202"}],"curies":[{"name":"wp","href":"https:\/\/api.w.org\/{rel}","templated":true}]}}