{"id":5196,"date":"2023-03-28T17:59:51","date_gmt":"2023-03-28T17:59:51","guid":{"rendered":"https:\/\/www.diarionoti7.com.mx\/?p=5196"},"modified":"2023-03-28T18:00:28","modified_gmt":"2023-03-28T18:00:28","slug":"congreso-nacional-sobre-empoderamiento-femenino-en-el-icshu-27-28-y-29-de-marzo","status":"publish","type":"post","link":"https:\/\/www.diarionoti7.com.mx\/?p=5196","title":{"rendered":"Congreso Nacional Sobre Empoderamiento Femenino en el ICSHu 27, 28 y 29 de Marzo"},"content":{"rendered":"\t\t<div data-elementor-type=\"wp-post\" data-elementor-id=\"5196\" class=\"elementor elementor-5196\">\n\t\t\t\t\t\t\t\t\t<section class=\"elementor-section elementor-top-section elementor-element elementor-element-51c23a4c elementor-section-boxed elementor-section-height-default elementor-section-height-default\" data-id=\"51c23a4c\" data-element_type=\"section\">\n\t\t\t\t\t\t<div class=\"elementor-container elementor-column-gap-default\">\n\t\t\t\t\t<div class=\"elementor-column elementor-col-100 elementor-top-column elementor-element elementor-element-7d2e0b6e\" data-id=\"7d2e0b6e\" data-element_type=\"column\">\n\t\t\t<div class=\"elementor-widget-wrap elementor-element-populated\">\n\t\t\t\t\t\t\t\t<div class=\"elementor-element elementor-element-2f2290cd elementor-widget elementor-widget-text-editor\" data-id=\"2f2290cd\" data-element_type=\"widget\" data-widget_type=\"text-editor.default\">\n\t\t\t\t<div class=\"elementor-widget-container\">\n\t\t\t<style>\/*! elementor - v3.10.2 - 29-01-2023 *\/\n.elementor-widget-text-editor.elementor-drop-cap-view-stacked .elementor-drop-cap{background-color:#818a91;color:#fff}.elementor-widget-text-editor.elementor-drop-cap-view-framed .elementor-drop-cap{color:#818a91;border:3px solid;background-color:transparent}.elementor-widget-text-editor:not(.elementor-drop-cap-view-default) .elementor-drop-cap{margin-top:8px}.elementor-widget-text-editor:not(.elementor-drop-cap-view-default) .elementor-drop-cap-letter{width:1em;height:1em}.elementor-widget-text-editor .elementor-drop-cap{float:left;text-align:center;line-height:1;font-size:50px}.elementor-widget-text-editor .elementor-drop-cap-letter{display:inline-block}<\/style>\t\t\t\t<p><strong>Pachuca. HGo. 27 de marzo 2023.- <\/strong>Inicio este lunes el XIX Congreso Nacional Sobre Empoderamiento Femenino a desarrollarse los d\u00edas 27, 28 y 29 de marzo, en el Instituto de Ciencias Sociales y Humanidades (ICSHu), de la Universidad Aut\u00f3noma del Estado de Hidalgo (UAEH).<\/p><p>Esta edici\u00f3n est\u00e1 dedicada a reconocer la labor de intervenci\u00f3n de las mujeres, asociaciones, colectivas y refugios en contextos migratorios, asimismo, es organizada por el \u00c1rea Acad\u00e9mica de Trabajo Social.<\/p><p>En el Auditorio del M\u00f3dulo 1, la directora interina del ICSHu, Ivonne Ju\u00e1rez Ram\u00edrez, ofreci\u00f3 la bienvenida a las y los investigadores participantes, as\u00ed como al estudiantado que ser\u00e1 parte de este magno evento durante tres d\u00edas.<\/p><p>Posteriormente, Mar\u00eda Teresa Garz\u00f3n Mart\u00ednez, de la Universidad de Ciencias y Artes de Chiapas, imparti\u00f3 la conferencia magistral \u201cCr\u00f3nicas de las guerreras pieles verdes. Mujeres y empoderamiento en la cultura popular\u201d.<\/p><p>Ante un nutrido auditorio, inici\u00f3 su participaci\u00f3n con la proyecci\u00f3n de un breve fragmento de una serie popular televisiva, cuyo personaje principal se volvi\u00f3 el punto de partida para su conferencia.<\/p><p>A lo largo de su disertaci\u00f3n, la investigadora tom\u00f3 como ejemplo algunas series, pel\u00edculas y obras literarias inspiradas en el empoderamiento femenino y los distintos temas que abordan. \u201cLos estudios culturales feministas son un campo que estudian las relaciones de poder en contextos espec\u00edficos, condiciones geopol\u00edticas determinadas en la vida cotidiana a las mujeres\u201d, refiri\u00f3.<\/p><p>Al terminar, hubo una serie de preguntas y charlas acerca de la posici\u00f3n que tienen las mujeres afrodescendientes y con rasgos diferentes a los estereotipos ya marcados dentro de la industria Hollywoodense.<\/p><p>El Congreso Nacional Sobre Empoderamiento Femenino continuar\u00e1 el 28 y 29 de marzo, con la realizaci\u00f3n de diversas mesas de discusi\u00f3n, conferencias y talleres.<\/p><p>.<\/p>\t\t\t\t\t\t<\/div>\n\t\t\t\t<\/div>\n\t\t\t\t\t<\/div>\n\t\t<\/div>\n\t\t\t\t\t\t\t<\/div>\n\t\t<\/section>\n\t\t\t\t\t\t\t<\/div>\n\t\t","protected":false},"excerpt":{"rendered":"<p>Pachuca. HGo. 27 de marzo 2023.- Inicio este lunes el XIX Congreso Nacional Sobre Empoderamiento Femenino a desarrollarse los d\u00edas 27, 28 y 29 de marzo, en el Instituto de Ciencias Sociales y Humanidades (ICSHu), de la Universidad Aut\u00f3noma del Estado de Hidalgo (UAEH). Esta edici\u00f3n est\u00e1 dedicada a reconocer la labor de intervenci\u00f3n de [&hellip;]<\/p>\n","protected":false},"author":1,"featured_media":5198,"comment_status":"closed","ping_status":"closed","sticky":false,"template":"","format":"standard","meta":[],"categories":[4],"tags":[],"_links":{"self":[{"href":"https:\/\/www.diarionoti7.com.mx\/index.php?rest_route=\/wp\/v2\/posts\/5196"}],"collection":[{"href":"https:\/\/www.diarionoti7.com.mx\/index.php?rest_route=\/wp\/v2\/posts"}],"about":[{"href":"https:\/\/www.diarionoti7.com.mx\/index.php?rest_route=\/wp\/v2\/types\/post"}],"author":[{"embeddable":true,"href":"https:\/\/www.diarionoti7.com.mx\/index.php?rest_route=\/wp\/v2\/users\/1"}],"replies":[{"embeddable":true,"href":"https:\/\/www.diarionoti7.com.mx\/index.php?rest_route=%2Fwp%2Fv2%2Fcomments&post=5196"}],"version-history":[{"count":4,"href":"https:\/\/www.diarionoti7.com.mx\/index.php?rest_route=\/wp\/v2\/posts\/5196\/revisions"}],"predecessor-version":[{"id":5201,"href":"https:\/\/www.diarionoti7.com.mx\/index.php?rest_route=\/wp\/v2\/posts\/5196\/revisions\/5201"}],"wp:featuredmedia":[{"embeddable":true,"href":"https:\/\/www.diarionoti7.com.mx\/index.php?rest_route=\/wp\/v2\/media\/5198"}],"wp:attachment":[{"href":"https:\/\/www.diarionoti7.com.mx\/index.php?rest_route=%2Fwp%2Fv2%2Fmedia&parent=5196"}],"wp:term":[{"taxonomy":"category","embeddable":true,"href":"https:\/\/www.diarionoti7.com.mx\/index.php?rest_route=%2Fwp%2Fv2%2Fcategories&post=5196"},{"taxonomy":"post_tag","embeddable":true,"href":"https:\/\/www.diarionoti7.com.mx\/index.php?rest_route=%2Fwp%2Fv2%2Ftags&post=5196"}],"curies":[{"name":"wp","href":"https:\/\/api.w.org\/{rel}","templated":true}]}}