{"id":5172,"date":"2023-03-28T17:56:28","date_gmt":"2023-03-28T17:56:28","guid":{"rendered":"https:\/\/www.diarionoti7.com.mx\/?p=5172"},"modified":"2023-03-28T17:57:08","modified_gmt":"2023-03-28T17:57:08","slug":"el-31-de-marzo-iniciara-operaciones-el-c4-en-pachuca","status":"publish","type":"post","link":"https:\/\/www.diarionoti7.com.mx\/?p=5172","title":{"rendered":"El 31 de Marzo Iniciar\u00e1 Operaciones el C4 en Pachuca"},"content":{"rendered":"\t\t<div data-elementor-type=\"wp-post\" data-elementor-id=\"5172\" class=\"elementor elementor-5172\">\n\t\t\t\t\t\t\t\t\t<section class=\"elementor-section elementor-top-section elementor-element elementor-element-51c23a4c elementor-section-boxed elementor-section-height-default elementor-section-height-default\" data-id=\"51c23a4c\" data-element_type=\"section\">\n\t\t\t\t\t\t<div class=\"elementor-container elementor-column-gap-default\">\n\t\t\t\t\t<div class=\"elementor-column elementor-col-100 elementor-top-column elementor-element elementor-element-7d2e0b6e\" data-id=\"7d2e0b6e\" data-element_type=\"column\">\n\t\t\t<div class=\"elementor-widget-wrap elementor-element-populated\">\n\t\t\t\t\t\t\t\t<div class=\"elementor-element elementor-element-2f2290cd elementor-widget elementor-widget-text-editor\" data-id=\"2f2290cd\" data-element_type=\"widget\" data-widget_type=\"text-editor.default\">\n\t\t\t\t<div class=\"elementor-widget-container\">\n\t\t\t<style>\/*! elementor - v3.10.2 - 29-01-2023 *\/\n.elementor-widget-text-editor.elementor-drop-cap-view-stacked .elementor-drop-cap{background-color:#818a91;color:#fff}.elementor-widget-text-editor.elementor-drop-cap-view-framed .elementor-drop-cap{color:#818a91;border:3px solid;background-color:transparent}.elementor-widget-text-editor:not(.elementor-drop-cap-view-default) .elementor-drop-cap{margin-top:8px}.elementor-widget-text-editor:not(.elementor-drop-cap-view-default) .elementor-drop-cap-letter{width:1em;height:1em}.elementor-widget-text-editor .elementor-drop-cap{float:left;text-align:center;line-height:1;font-size:50px}.elementor-widget-text-editor .elementor-drop-cap-letter{display:inline-block}<\/style>\t\t\t\t<p><strong>Pachuca, Hgo.\u00a0 27 de marzo 2023.- <\/strong>\u00a0El\u00a0Centro de Control, Comando, Comunicaciones y Coordinaci\u00f3n\u00a0(C4) de Pachuca comenzar\u00e1 a operar el pr\u00f3ximo viernes 31 de marzo, con el prop\u00f3sito de fortalecer las acciones en materia de seguridad e inhibir la incidencia delictiva que se registra en la capital hidalguense, inform\u00f3 el alcalde Sergio Ba\u00f1os Rubio.<\/p><p>En conferencia de prensa, el edil pachuque\u00f1o destac\u00f3 las mejoras efectuadas al C2, as\u00ed como a las instalaciones de la corporaci\u00f3n policial, entre estas se encuentran los ba\u00f1os, la zona de vestidores, el \u00e1rea para caninos y el corral\u00f3n;\u00a0\u201cpara m\u00ed es dignificar y darles un espacio a mis elementos, es como se debe hacer; y en materia de seguridad vamos a seguir invirti\u00e9ndole a la tecnolog\u00eda\u201d, asever\u00f3 sin precisar el monto invertido en la conversi\u00f3n a C4.<\/p><p>\u201cA falta de personal recorrimos a la tecnolog\u00eda\u201d, se\u00f1al\u00f3 por su parte Ricardo Aguilar N\u00fa\u00f1ez, secretario de Seguridad P\u00fablica, Tr\u00e1nsito y Vialidad, quien reconoci\u00f3 que la plantilla de agentes est\u00e1 por debajo de la cantidad \u201cideal\u201d, que es mil 80 agentes para resguardar a la poblaci\u00f3n pachuque\u00f1a; sin embargo, apenas se cuenta con 480 elementos, es decir el 44 por ciento.<\/p><p>Agreg\u00f3 que, para contratar m\u00e1s oficiales y otorgarles todas sus prestaciones se requiere de m\u00e1s recurso; por lo que, pidi\u00f3 \u201cm\u00e1s lanita\u201d a los legisladores para completar la plantilla; en tanto, refiri\u00f3 que se apoyan de la Polic\u00eda Estatal para atender cualquier hecho delictivo.<\/p><p>Finalmente, el secretario reiter\u00f3 el llamado a la poblaci\u00f3n para denunciar ante las instancias correspondientes los delitos que sufran, pues de lo contrario, los delincuentes quedan libres.<\/p><p>\u00a0<\/p>\t\t\t\t\t\t<\/div>\n\t\t\t\t<\/div>\n\t\t\t\t\t<\/div>\n\t\t<\/div>\n\t\t\t\t\t\t\t<\/div>\n\t\t<\/section>\n\t\t\t\t\t\t\t<\/div>\n\t\t","protected":false},"excerpt":{"rendered":"<p>Pachuca, Hgo.\u00a0 27 de marzo 2023.- \u00a0El\u00a0Centro de Control, Comando, Comunicaciones y Coordinaci\u00f3n\u00a0(C4) de Pachuca comenzar\u00e1 a operar el pr\u00f3ximo viernes 31 de marzo, con el prop\u00f3sito de fortalecer las acciones en materia de seguridad e inhibir la incidencia delictiva que se registra en la capital hidalguense, inform\u00f3 el alcalde Sergio Ba\u00f1os Rubio. En conferencia [&hellip;]<\/p>\n","protected":false},"author":1,"featured_media":5174,"comment_status":"closed","ping_status":"closed","sticky":false,"template":"","format":"standard","meta":[],"categories":[9],"tags":[],"_links":{"self":[{"href":"https:\/\/www.diarionoti7.com.mx\/index.php?rest_route=\/wp\/v2\/posts\/5172"}],"collection":[{"href":"https:\/\/www.diarionoti7.com.mx\/index.php?rest_route=\/wp\/v2\/posts"}],"about":[{"href":"https:\/\/www.diarionoti7.com.mx\/index.php?rest_route=\/wp\/v2\/types\/post"}],"author":[{"embeddable":true,"href":"https:\/\/www.diarionoti7.com.mx\/index.php?rest_route=\/wp\/v2\/users\/1"}],"replies":[{"embeddable":true,"href":"https:\/\/www.diarionoti7.com.mx\/index.php?rest_route=%2Fwp%2Fv2%2Fcomments&post=5172"}],"version-history":[{"count":4,"href":"https:\/\/www.diarionoti7.com.mx\/index.php?rest_route=\/wp\/v2\/posts\/5172\/revisions"}],"predecessor-version":[{"id":5177,"href":"https:\/\/www.diarionoti7.com.mx\/index.php?rest_route=\/wp\/v2\/posts\/5172\/revisions\/5177"}],"wp:featuredmedia":[{"embeddable":true,"href":"https:\/\/www.diarionoti7.com.mx\/index.php?rest_route=\/wp\/v2\/media\/5174"}],"wp:attachment":[{"href":"https:\/\/www.diarionoti7.com.mx\/index.php?rest_route=%2Fwp%2Fv2%2Fmedia&parent=5172"}],"wp:term":[{"taxonomy":"category","embeddable":true,"href":"https:\/\/www.diarionoti7.com.mx\/index.php?rest_route=%2Fwp%2Fv2%2Fcategories&post=5172"},{"taxonomy":"post_tag","embeddable":true,"href":"https:\/\/www.diarionoti7.com.mx\/index.php?rest_route=%2Fwp%2Fv2%2Ftags&post=5172"}],"curies":[{"name":"wp","href":"https:\/\/api.w.org\/{rel}","templated":true}]}}