{"id":5150,"date":"2023-03-27T17:04:44","date_gmt":"2023-03-27T17:04:44","guid":{"rendered":"https:\/\/www.diarionoti7.com.mx\/?p=5150"},"modified":"2023-03-27T17:05:25","modified_gmt":"2023-03-27T17:05:25","slug":"participa-julio-menchaca-en-la-inauguracion-de-la-47-edicion-del-tianguis-turistico","status":"publish","type":"post","link":"https:\/\/www.diarionoti7.com.mx\/?p=5150","title":{"rendered":"Participa Julio Menchaca en la Inauguraci\u00f3n de  la 47 Edici\u00f3n del Tianguis Tur\u00edstico"},"content":{"rendered":"\t\t<div data-elementor-type=\"wp-post\" data-elementor-id=\"5150\" class=\"elementor elementor-5150\">\n\t\t\t\t\t\t\t\t\t<section class=\"elementor-section elementor-top-section elementor-element elementor-element-51c23a4c elementor-section-boxed elementor-section-height-default elementor-section-height-default\" data-id=\"51c23a4c\" data-element_type=\"section\">\n\t\t\t\t\t\t<div class=\"elementor-container elementor-column-gap-default\">\n\t\t\t\t\t<div class=\"elementor-column elementor-col-100 elementor-top-column elementor-element elementor-element-7d2e0b6e\" data-id=\"7d2e0b6e\" data-element_type=\"column\">\n\t\t\t<div class=\"elementor-widget-wrap elementor-element-populated\">\n\t\t\t\t\t\t\t\t<div class=\"elementor-element elementor-element-2f2290cd elementor-widget elementor-widget-text-editor\" data-id=\"2f2290cd\" data-element_type=\"widget\" data-widget_type=\"text-editor.default\">\n\t\t\t\t<div class=\"elementor-widget-container\">\n\t\t\t<style>\/*! elementor - v3.10.2 - 29-01-2023 *\/\n.elementor-widget-text-editor.elementor-drop-cap-view-stacked .elementor-drop-cap{background-color:#818a91;color:#fff}.elementor-widget-text-editor.elementor-drop-cap-view-framed .elementor-drop-cap{color:#818a91;border:3px solid;background-color:transparent}.elementor-widget-text-editor:not(.elementor-drop-cap-view-default) .elementor-drop-cap{margin-top:8px}.elementor-widget-text-editor:not(.elementor-drop-cap-view-default) .elementor-drop-cap-letter{width:1em;height:1em}.elementor-widget-text-editor .elementor-drop-cap{float:left;text-align:center;line-height:1;font-size:50px}.elementor-widget-text-editor .elementor-drop-cap-letter{display:inline-block}<\/style>\t\t\t\t<ul><li>El titular del Ejecutivo estatal invit\u00f3 a visitar el stand de Hidalgo que se encontrar\u00e1 disponible del 26 al 29 de marzo<\/li><\/ul><p>El gobernador de Hidalgo, Julio Menchaca Salazar, asisti\u00f3 a la inauguraci\u00f3n de la 47 edici\u00f3n del Tianguis Tur\u00edstico 2023, encabezado por el secretario de Turismo del Gobierno de M\u00e9xico, Miguel Torruco Marqu\u00e9s.<\/p><p>El mandatario estatal reconoci\u00f3 este encuentro como un esfuerzo\u00a0 importante realizado por parte de la Secretar\u00eda de Turismo, que de la mano de artesanas, artesanos e integrantes del sector privado, hacen de esta actividad econ\u00f3mica una fuente de desarrollo, progreso y dignidad.<\/p><p>Menchaca Salazar invit\u00f3 a las y los asistentes a visitar el stand de Hidalgo: \u201cMuchas personas me han comentado que este es el mejor stand de nuestra entidad que se ha presentado, pues \u00a1Hidalgo tiene algo!\u201d.<\/p><p>En su mensaje de bienvenida, Torruco Marqu\u00e9s destac\u00f3 que esta edici\u00f3n del Tianguis Tur\u00edstico ratifica a M\u00e9xico como una potencia tur\u00edstica a nivel mundial, muestra del amor y compromiso de la administraci\u00f3n federal con el desarrollo nacional a trav\u00e9s de la captaci\u00f3n de divisas.<\/p><p>\u201cEscalamos de la posici\u00f3n n\u00famero siete al segundo sitio en la recepci\u00f3n de visitantes internacionales y de la posici\u00f3n 17 a la 9 en la captaci\u00f3n de divisas. La inversi\u00f3n extranjera directa ascendi\u00f3 a los 3 mil 447 millones de d\u00f3lares, cifra que super\u00f3 a la recibida en 2019, todo ello gracias a la unidad de los sectores p\u00fablicos y privados\u201d, puntualiz\u00f3 el funcionario federal.<\/p><p>Enfatiz\u00f3 que el Tren Maya, el Corredor Interoce\u00e1nico y el Aeropuerto Internacional Felipe \u00c1ngeles son piezas claves para convertir al turismo en una herramienta de reconciliaci\u00f3n social, que impulse econom\u00edas locales y que promueva el desarrollo de M\u00e9xico: \u201cEn todo el pa\u00eds se respiran vientos de cambio, pues estamos edificando un nuevo modelo de naci\u00f3n m\u00e1s justo e igualitario, que nos convierte en un referente a nivel internacional\u201d.<\/p><p>Claudia Sheinbaum Pardo, jefa de Gobierno de la Ciudad de M\u00e9xico, indic\u00f3 que la industria tur\u00edstica representa el rostro hospitalario del pueblo mexicano, aquel que se encuentra orgulloso de compartir sus ra\u00edces, cultura y tradici\u00f3n milenaria.<\/p><p>\u201cAqu\u00ed, en la ciudad capital, se puede palpar la historia de los grandes pueblos prehisp\u00e1nicos de la naci\u00f3n. Hoy gracias a la transformaci\u00f3n, la igualdad es una realidad, pues defendemos todos los derechos para todas las personas\u201d, subray\u00f3 la mandataria.<\/p><p>Por su parte, el presidente de la Confederaci\u00f3n de C\u00e1maras Nacionales de Comercio, Servicios y Turismo (Concanaco Servytur), H\u00e9ctor Tejada Shaar, record\u00f3 que el Tianguis Tur\u00edstico simboliza la principal forma en la que este sector ha podido salir adelante tras\u00a0 una de las mayores crisis de la historia, por lo que reconoci\u00f3 las acciones realizadas por el Gobierno de M\u00e9xico para impulsar los destinos tur\u00edsticos que generan miles de empleos en todo el territorio nacional.<\/p><p>\u201cHoy en M\u00e9xico, contamos con una econom\u00eda fortalecida, con excelentes reservas internacionales, obras de infraestructura que se convertir\u00e1n en centros de conectividad de gran relevancia, adem\u00e1s de otras v\u00edas de comunicaci\u00f3n que fomentar\u00e1n el comercio y el turismo en todos sus niveles para beneficio de micro, peque\u00f1as, medianas y grandes empresas. Tenemos mucho M\u00e9xico que ofrecer y seguiremos generando econom\u00eda para todas las comunidades, \u00a1sigamos haciendo un mejor pa\u00eds para el mundo!\u201d, resalt\u00f3 el l\u00edder empresarial.<\/p><p>Durante este acto protocolario, el mandatario hidalguense atestigu\u00f3 la entrega de reconocimientos a destacadas y destacados promotores de M\u00e9xico que dedican sus esfuerzos a la difusi\u00f3n de la cultura, tradiciones, gastronom\u00eda y sitios tur\u00edsticos de nuestro pa\u00eds<\/p><p>\u00a0<\/p>\t\t\t\t\t\t<\/div>\n\t\t\t\t<\/div>\n\t\t\t\t\t<\/div>\n\t\t<\/div>\n\t\t\t\t\t\t\t<\/div>\n\t\t<\/section>\n\t\t\t\t\t\t\t<\/div>\n\t\t","protected":false},"excerpt":{"rendered":"<p>El titular del Ejecutivo estatal invit\u00f3 a visitar el stand de Hidalgo que se encontrar\u00e1 disponible del 26 al 29 de marzo El gobernador de Hidalgo, Julio Menchaca Salazar, asisti\u00f3 a la inauguraci\u00f3n de la 47 edici\u00f3n del Tianguis Tur\u00edstico 2023, encabezado por el secretario de Turismo del Gobierno de M\u00e9xico, Miguel Torruco Marqu\u00e9s. El [&hellip;]<\/p>\n","protected":false},"author":1,"featured_media":5152,"comment_status":"closed","ping_status":"closed","sticky":false,"template":"","format":"standard","meta":[],"categories":[7],"tags":[],"_links":{"self":[{"href":"https:\/\/www.diarionoti7.com.mx\/index.php?rest_route=\/wp\/v2\/posts\/5150"}],"collection":[{"href":"https:\/\/www.diarionoti7.com.mx\/index.php?rest_route=\/wp\/v2\/posts"}],"about":[{"href":"https:\/\/www.diarionoti7.com.mx\/index.php?rest_route=\/wp\/v2\/types\/post"}],"author":[{"embeddable":true,"href":"https:\/\/www.diarionoti7.com.mx\/index.php?rest_route=\/wp\/v2\/users\/1"}],"replies":[{"embeddable":true,"href":"https:\/\/www.diarionoti7.com.mx\/index.php?rest_route=%2Fwp%2Fv2%2Fcomments&post=5150"}],"version-history":[{"count":4,"href":"https:\/\/www.diarionoti7.com.mx\/index.php?rest_route=\/wp\/v2\/posts\/5150\/revisions"}],"predecessor-version":[{"id":5155,"href":"https:\/\/www.diarionoti7.com.mx\/index.php?rest_route=\/wp\/v2\/posts\/5150\/revisions\/5155"}],"wp:featuredmedia":[{"embeddable":true,"href":"https:\/\/www.diarionoti7.com.mx\/index.php?rest_route=\/wp\/v2\/media\/5152"}],"wp:attachment":[{"href":"https:\/\/www.diarionoti7.com.mx\/index.php?rest_route=%2Fwp%2Fv2%2Fmedia&parent=5150"}],"wp:term":[{"taxonomy":"category","embeddable":true,"href":"https:\/\/www.diarionoti7.com.mx\/index.php?rest_route=%2Fwp%2Fv2%2Fcategories&post=5150"},{"taxonomy":"post_tag","embeddable":true,"href":"https:\/\/www.diarionoti7.com.mx\/index.php?rest_route=%2Fwp%2Fv2%2Ftags&post=5150"}],"curies":[{"name":"wp","href":"https:\/\/api.w.org\/{rel}","templated":true}]}}