{"id":514,"date":"2023-02-03T17:27:41","date_gmt":"2023-02-03T17:27:41","guid":{"rendered":"https:\/\/www.smthemebazar.com\/newsify\/two-big-drug-flops-show-how-health-care-economics-have-changed-copy\/"},"modified":"2023-02-08T20:34:44","modified_gmt":"2023-02-08T20:34:44","slug":"ballet-folcklorico-de-alvaro-serrano-celebrara-septimo-festival-del-dia-internacional-del-bailarin","status":"publish","type":"post","link":"https:\/\/www.diarionoti7.com.mx\/?p=514","title":{"rendered":"Ballet Folckl\u00f3rico de \u00c1lvaro Serrano Celebrar\u00e1 S\u00e9ptimo Festival del D\u00eda Internacional del Bailar\u00edn"},"content":{"rendered":"\t\t<div data-elementor-type=\"wp-post\" data-elementor-id=\"514\" class=\"elementor elementor-514\">\n\t\t\t\t\t\t\t\t\t<section class=\"elementor-section elementor-top-section elementor-element elementor-element-7ee301a3 elementor-section-boxed elementor-section-height-default elementor-section-height-default\" data-id=\"7ee301a3\" data-element_type=\"section\">\n\t\t\t\t\t\t<div class=\"elementor-container elementor-column-gap-default\">\n\t\t\t\t\t<div class=\"elementor-column elementor-col-100 elementor-top-column elementor-element elementor-element-5cf01ff6\" data-id=\"5cf01ff6\" data-element_type=\"column\">\n\t\t\t<div class=\"elementor-widget-wrap elementor-element-populated\">\n\t\t\t\t\t\t\t\t<div class=\"elementor-element elementor-element-6647109d elementor-widget elementor-widget-text-editor\" data-id=\"6647109d\" data-element_type=\"widget\" data-widget_type=\"text-editor.default\">\n\t\t\t\t<div class=\"elementor-widget-container\">\n\t\t\t<style>\/*! elementor - v3.10.2 - 29-01-2023 *\/\n.elementor-widget-text-editor.elementor-drop-cap-view-stacked .elementor-drop-cap{background-color:#818a91;color:#fff}.elementor-widget-text-editor.elementor-drop-cap-view-framed .elementor-drop-cap{color:#818a91;border:3px solid;background-color:transparent}.elementor-widget-text-editor:not(.elementor-drop-cap-view-default) .elementor-drop-cap{margin-top:8px}.elementor-widget-text-editor:not(.elementor-drop-cap-view-default) .elementor-drop-cap-letter{width:1em;height:1em}.elementor-widget-text-editor .elementor-drop-cap{float:left;text-align:center;line-height:1;font-size:50px}.elementor-widget-text-editor .elementor-drop-cap-letter{display:inline-block}<\/style>\t\t\t\t<p><strong>-Con el programa \u201cHidalgo: su m\u00fasica y sus danzas\u201d, el 17 de febrero, en el Auditorio Gota de Plata, a las 19:00 horas<\/strong><\/p>\n<p><strong>-Tambi\u00e9n participar\u00e1 la Banda Sinf\u00f3nica del Estado de Hidalgo y el tr\u00edo huasteco Tierra y Son<\/strong><\/p>\n<p><strong>Pachuca, Hgo., 3 de febrero de 2023.-<\/strong> La Secretar\u00eda de Cultura y el Ballet Folkl\u00f3rico del Estado de Hidalgo de \u00c1lvaro Serrano presentaron el programa \u201cHidalgo: su m\u00fasica y sus danzas\u201d, con el cual celebrar\u00e1n el s\u00e9ptimo Festival del D\u00eda Internacional del Bailar\u00edn, el pr\u00f3ximo 17 de febrero, en el Auditorio Gota de Plata, a las 19:00 horas.<\/p>\n<p>En rueda de prensa, en la Sala Verde del Centro Cultural del Ferrocarril, Tania Meza Escorza, secretaria de Cultura y Sandra Tovar Serrano, presidenta del Ballet Folkl\u00f3rico, as\u00ed como la directora Liliana Tovar Serrano y el director Juan Jos\u00e9 Ram\u00edrez Serrano detallaron que el evento contar\u00e1 tambi\u00e9n con la participaci\u00f3n de la Banda Sinf\u00f3nica del Estado de Hidalgo y el tr\u00edo huasteco Tierra y Son.<\/p>\n<p>Sandra Tovar Serrano destac\u00f3 el compromiso que tienen para presentar un trabajo de calidad en esta s\u00e9ptima edici\u00f3n, adem\u00e1s, coment\u00f3 que este 2023 se cumplen 46 a\u00f1os de la fundaci\u00f3n de la asociaci\u00f3n.<\/p>\n<p>\u201cEl maestro \u00c1lvaro cre\u00f3 el Ballet con el prop\u00f3sito de reconocer el trabajo de las y los bailarines tanto a nivel estatal como nacional, por ello este a\u00f1o en el festival queremos resaltar el folclor de nuestro estado con \u2018Hidalgo: su m\u00fasica y sus danzas\u2019 con las coreograf\u00edas que \u00e9l realiz\u00f3\u201d, enfatiz\u00f3.<\/p>\n<p>Asimismo, Tania Meza Escorza record\u00f3 el legado de \u00c1lvaro Serrano al ser el primer bailar\u00edn en innovar la danza en la entidad. \u201cNo solamente preserv\u00f3 la tradici\u00f3n, sino que se anim\u00f3 a crear danzas a partir de la cultura y la historia de las regiones, gracias a ello llev\u00f3 la danza hidalguense a todo el pa\u00eds y al mundo\u201d.<\/p>\n<p>A\u00f1adieron que el 17 de febrero, 22 parejas hidalguenses bailar\u00e1n las Danzas de los Concheros, del Ixtle, de los Arcos y de los Mineros; un homenaje a la charrer\u00eda con el floreador de reata y escaramuza, adem\u00e1s de la representaci\u00f3n de una boda huasteca y de los sones huastecos como \u201cEl gusto\u201d, \u201cEl hidalguense\u201d y \u201cEl querreque\u201d, por mencionar algunos.<\/p>\n<p>Liliana Tovar Serrano anunci\u00f3 que los boletos para asistir al festival tienen una cuota de recuperaci\u00f3n de 50 pesos y pueden adquirirse en las instalaciones del Centro Cultural del Ferrocarril, ubicado en la calle General Ignacio Mej\u00eda, en la colonia Morelos, o en las instalaciones del Ballet, en la calle Constituci\u00f3n del Estado, n\u00famero 101, dentro del fraccionamiento del mismo nombre.<\/p>\n<p>El Ballet Folkl\u00f3rico del Estado de Hidalgo de \u00c1lvaro Serrano y la Secretar\u00eda de Cultura crearon el Festival del D\u00eda Internacional del Bailar\u00edn en 2017 con el fin de proyectar la danza en la entidad.<\/p>\n<p>\u00c1lvaro Serrano Guti\u00e9rrez fue un bailar\u00edn y core\u00f3grafo hidalguense, originario de San Juan Sol\u00eds, del municipio San Agust\u00edn Tlaxiaca, que form\u00f3 parte del Ballet Folkl\u00f3rico de M\u00e9xico de Amalia Hern\u00e1ndez; imparti\u00f3 cursos de folclor hidalguense por todo el pa\u00eds, as\u00ed como en Espa\u00f1a, Bolivia, Colombia, Canad\u00e1, Argentina y Estados Unidos.<\/p>\n<p>Cre\u00f3 y dirigi\u00f3 el Ballet Folkl\u00f3rico del Estado de Hidalgo, el cual es considerado el grupo m\u00e1s firme y representativo de su g\u00e9nero en la entidad. Por su contribuci\u00f3n a la cultura, fue reconocido con 460 premios a nivel estatal, nacional e internacional. Falleci\u00f3 el 1 de agosto de 2018, en Pachuca.<\/p>\t\t\t\t\t\t<\/div>\n\t\t\t\t<\/div>\n\t\t\t\t\t<\/div>\n\t\t<\/div>\n\t\t\t\t\t\t\t<\/div>\n\t\t<\/section>\n\t\t\t\t\t\t\t<\/div>\n\t\t","protected":false},"excerpt":{"rendered":"<p>-Con el programa \u201cHidalgo: su m\u00fasica y sus danzas\u201d, el 17 de febrero, en el Auditorio Gota de Plata, a las 19:00 horas -Tambi\u00e9n participar\u00e1 la Banda Sinf\u00f3nica del Estado de Hidalgo y el tr\u00edo huasteco Tierra y Son Pachuca, Hgo., 3 de febrero de 2023.- La Secretar\u00eda de Cultura y el Ballet Folkl\u00f3rico del [&hellip;]<\/p>\n","protected":false},"author":1,"featured_media":1145,"comment_status":"closed","ping_status":"closed","sticky":false,"template":"","format":"standard","meta":[],"categories":[4],"tags":[26],"_links":{"self":[{"href":"https:\/\/www.diarionoti7.com.mx\/index.php?rest_route=\/wp\/v2\/posts\/514"}],"collection":[{"href":"https:\/\/www.diarionoti7.com.mx\/index.php?rest_route=\/wp\/v2\/posts"}],"about":[{"href":"https:\/\/www.diarionoti7.com.mx\/index.php?rest_route=\/wp\/v2\/types\/post"}],"author":[{"embeddable":true,"href":"https:\/\/www.diarionoti7.com.mx\/index.php?rest_route=\/wp\/v2\/users\/1"}],"replies":[{"embeddable":true,"href":"https:\/\/www.diarionoti7.com.mx\/index.php?rest_route=%2Fwp%2Fv2%2Fcomments&post=514"}],"version-history":[{"count":5,"href":"https:\/\/www.diarionoti7.com.mx\/index.php?rest_route=\/wp\/v2\/posts\/514\/revisions"}],"predecessor-version":[{"id":1148,"href":"https:\/\/www.diarionoti7.com.mx\/index.php?rest_route=\/wp\/v2\/posts\/514\/revisions\/1148"}],"wp:featuredmedia":[{"embeddable":true,"href":"https:\/\/www.diarionoti7.com.mx\/index.php?rest_route=\/wp\/v2\/media\/1145"}],"wp:attachment":[{"href":"https:\/\/www.diarionoti7.com.mx\/index.php?rest_route=%2Fwp%2Fv2%2Fmedia&parent=514"}],"wp:term":[{"taxonomy":"category","embeddable":true,"href":"https:\/\/www.diarionoti7.com.mx\/index.php?rest_route=%2Fwp%2Fv2%2Fcategories&post=514"},{"taxonomy":"post_tag","embeddable":true,"href":"https:\/\/www.diarionoti7.com.mx\/index.php?rest_route=%2Fwp%2Fv2%2Ftags&post=514"}],"curies":[{"name":"wp","href":"https:\/\/api.w.org\/{rel}","templated":true}]}}