{"id":5126,"date":"2023-03-27T16:58:47","date_gmt":"2023-03-27T16:58:47","guid":{"rendered":"https:\/\/www.diarionoti7.com.mx\/?p=5126"},"modified":"2023-03-27T17:00:08","modified_gmt":"2023-03-27T17:00:08","slug":"en-2022-en-hidalgo-se-han-registrado-91-incendios-forestales-afectando-839-24-hectareas-semarnath","status":"publish","type":"post","link":"https:\/\/www.diarionoti7.com.mx\/?p=5126","title":{"rendered":". En 2022  en Hidalgo se Han Registrado 91 Incendios Forestales, Afectando 839.24 Hect\u00e1reas: Semarnath"},"content":{"rendered":"\t\t<div data-elementor-type=\"wp-post\" data-elementor-id=\"5126\" class=\"elementor elementor-5126\">\n\t\t\t\t\t\t\t\t\t<section class=\"elementor-section elementor-top-section elementor-element elementor-element-51c23a4c elementor-section-boxed elementor-section-height-default elementor-section-height-default\" data-id=\"51c23a4c\" data-element_type=\"section\">\n\t\t\t\t\t\t<div class=\"elementor-container elementor-column-gap-default\">\n\t\t\t\t\t<div class=\"elementor-column elementor-col-100 elementor-top-column elementor-element elementor-element-7d2e0b6e\" data-id=\"7d2e0b6e\" data-element_type=\"column\">\n\t\t\t<div class=\"elementor-widget-wrap elementor-element-populated\">\n\t\t\t\t\t\t\t\t<div class=\"elementor-element elementor-element-2f2290cd elementor-widget elementor-widget-text-editor\" data-id=\"2f2290cd\" data-element_type=\"widget\" data-widget_type=\"text-editor.default\">\n\t\t\t\t<div class=\"elementor-widget-container\">\n\t\t\t<style>\/*! elementor - v3.10.2 - 29-01-2023 *\/\n.elementor-widget-text-editor.elementor-drop-cap-view-stacked .elementor-drop-cap{background-color:#818a91;color:#fff}.elementor-widget-text-editor.elementor-drop-cap-view-framed .elementor-drop-cap{color:#818a91;border:3px solid;background-color:transparent}.elementor-widget-text-editor:not(.elementor-drop-cap-view-default) .elementor-drop-cap{margin-top:8px}.elementor-widget-text-editor:not(.elementor-drop-cap-view-default) .elementor-drop-cap-letter{width:1em;height:1em}.elementor-widget-text-editor .elementor-drop-cap{float:left;text-align:center;line-height:1;font-size:50px}.elementor-widget-text-editor .elementor-drop-cap-letter{display:inline-block}<\/style>\t\t\t\t<p><strong>*Los involucrados optimizar\u00e1n sus esquemas de coordinaci\u00f3n, adem\u00e1s de continuar con los procesos de restauraci\u00f3n y conservaci\u00f3n en todas las regiones de la entida<\/strong><\/p><p><strong>*<\/strong> <strong>El comit\u00e9 de aprovechamientos y\u00a0 de suelo de la Semarnath inform\u00f3 sobre los programas de manejo forestal y cambios de uso de suelo evaluados en 2022<\/strong><\/p><p><strong>Pachuca, Hgo 26 de marzo 2023.- <\/strong>La titular de la Secretar\u00eda de Medio Ambiente y Recursos de Hidalgo (Semarnath), M\u00f3nica Patricia Mixtega Trejo, encabez\u00f3 la primera sesi\u00f3n ordinaria 2023 del Consejo Estatal Forestal de Hidalgo, \u00f3rgano de car\u00e1cter consultivo y de asesoramiento para la planeaci\u00f3n, supervisi\u00f3n, aprovechamiento y evaluaci\u00f3n de pol\u00edticas de conservaci\u00f3n de los recursos forestales.<\/p><p>Durante esta sesi\u00f3n\u00a0 fueron presentados los informes de los avances, resultados y registros en materia forestal, de los comit\u00e9s de incendios, sanidad, as\u00ed como de aprovechamientos y de suelo.<\/p><p>En ese sentido, el Comit\u00e9 de Incendios \u00a0expuso el panorama actual de la temporada del presente a\u00f1o, en el cual se han registrado 91 siniestros de este tipo, que han afectado un total de 839.24 hect\u00e1reas.<\/p><p>Tambi\u00e9n se inform\u00f3 sobre el pron\u00f3stico de una temporada cr\u00edtica en el tema mencionado, ya que debido a las condiciones atmosf\u00e9ricas, por tercer a\u00f1o consecutivo se han presentado elevadas temperaturas y bajas precipitaciones que propician diversas sequ\u00edas, que aten\u00faan el fuego en espacios forestales.<\/p><p>En tanto que, en materia de sanidad fueron reportados los datos sobre la incidencia de plagas forestales de los \u00faltimos tres a\u00f1os en los diferentes municipios de Hidalgo, as\u00ed como las estrategias llevadas a cabo para el combate de los insectos y pat\u00f3genos que provocan da\u00f1os en los ecosistemas hidalguenses.<\/p><p>Por \u00faltimo, en lo correspondiente al comit\u00e9 de aprovechamientos y\u00a0 de suelo, personal de la Semarnath inform\u00f3 sobre los programas de manejo forestal y cambios de uso de suelo evaluados en 2022, entre los que destacan la colocaci\u00f3n de bonos de carbono por parte de la Asociaci\u00f3n de Silvicultores Pachuca-Tulancingo y la Asociaci\u00f3n de Productores Forestales\u00a0 de la regi\u00f3n Zacualtip\u00e1n-Molango.<\/p><p>Derivado de dichos reportes, los integrantes del Consejo Estatal Forestal de Hidalgo adquieren la informaci\u00f3n necesaria para la optimizaci\u00f3n de esquemas de coordinaci\u00f3n entre todos los actores participantes en el sector, adem\u00e1s de continuar con los procesos de restauraci\u00f3n y conservaci\u00f3n en todas las regiones de la entidad.<\/p><p>\u00a0<\/p>\t\t\t\t\t\t<\/div>\n\t\t\t\t<\/div>\n\t\t\t\t\t<\/div>\n\t\t<\/div>\n\t\t\t\t\t\t\t<\/div>\n\t\t<\/section>\n\t\t\t\t\t\t\t<\/div>\n\t\t","protected":false},"excerpt":{"rendered":"<p>*Los involucrados optimizar\u00e1n sus esquemas de coordinaci\u00f3n, adem\u00e1s de continuar con los procesos de restauraci\u00f3n y conservaci\u00f3n en todas las regiones de la entida * El comit\u00e9 de aprovechamientos y\u00a0 de suelo de la Semarnath inform\u00f3 sobre los programas de manejo forestal y cambios de uso de suelo evaluados en 2022 Pachuca, Hgo 26 de [&hellip;]<\/p>\n","protected":false},"author":1,"featured_media":5128,"comment_status":"closed","ping_status":"closed","sticky":false,"template":"","format":"standard","meta":[],"categories":[7],"tags":[],"_links":{"self":[{"href":"https:\/\/www.diarionoti7.com.mx\/index.php?rest_route=\/wp\/v2\/posts\/5126"}],"collection":[{"href":"https:\/\/www.diarionoti7.com.mx\/index.php?rest_route=\/wp\/v2\/posts"}],"about":[{"href":"https:\/\/www.diarionoti7.com.mx\/index.php?rest_route=\/wp\/v2\/types\/post"}],"author":[{"embeddable":true,"href":"https:\/\/www.diarionoti7.com.mx\/index.php?rest_route=\/wp\/v2\/users\/1"}],"replies":[{"embeddable":true,"href":"https:\/\/www.diarionoti7.com.mx\/index.php?rest_route=%2Fwp%2Fv2%2Fcomments&post=5126"}],"version-history":[{"count":4,"href":"https:\/\/www.diarionoti7.com.mx\/index.php?rest_route=\/wp\/v2\/posts\/5126\/revisions"}],"predecessor-version":[{"id":5131,"href":"https:\/\/www.diarionoti7.com.mx\/index.php?rest_route=\/wp\/v2\/posts\/5126\/revisions\/5131"}],"wp:featuredmedia":[{"embeddable":true,"href":"https:\/\/www.diarionoti7.com.mx\/index.php?rest_route=\/wp\/v2\/media\/5128"}],"wp:attachment":[{"href":"https:\/\/www.diarionoti7.com.mx\/index.php?rest_route=%2Fwp%2Fv2%2Fmedia&parent=5126"}],"wp:term":[{"taxonomy":"category","embeddable":true,"href":"https:\/\/www.diarionoti7.com.mx\/index.php?rest_route=%2Fwp%2Fv2%2Fcategories&post=5126"},{"taxonomy":"post_tag","embeddable":true,"href":"https:\/\/www.diarionoti7.com.mx\/index.php?rest_route=%2Fwp%2Fv2%2Ftags&post=5126"}],"curies":[{"name":"wp","href":"https:\/\/api.w.org\/{rel}","templated":true}]}}