{"id":5102,"date":"2023-03-27T16:53:27","date_gmt":"2023-03-27T16:53:27","guid":{"rendered":"https:\/\/www.diarionoti7.com.mx\/?p=5102"},"modified":"2023-03-27T16:55:06","modified_gmt":"2023-03-27T16:55:06","slug":"policia-estatal-asegura-mil-400-litros-de-huachicol-dos-personas-fueron-detenidas","status":"publish","type":"post","link":"https:\/\/www.diarionoti7.com.mx\/?p=5102","title":{"rendered":"Polic\u00eda Estatal Asegura Mil 400 Litros de Huachicol; Dos Personas Fueron Detenidas"},"content":{"rendered":"\t\t<div data-elementor-type=\"wp-post\" data-elementor-id=\"5102\" class=\"elementor elementor-5102\">\n\t\t\t\t\t\t\t\t\t<section class=\"elementor-section elementor-top-section elementor-element elementor-element-51c23a4c elementor-section-boxed elementor-section-height-default elementor-section-height-default\" data-id=\"51c23a4c\" data-element_type=\"section\">\n\t\t\t\t\t\t<div class=\"elementor-container elementor-column-gap-default\">\n\t\t\t\t\t<div class=\"elementor-column elementor-col-100 elementor-top-column elementor-element elementor-element-7d2e0b6e\" data-id=\"7d2e0b6e\" data-element_type=\"column\">\n\t\t\t<div class=\"elementor-widget-wrap elementor-element-populated\">\n\t\t\t\t\t\t\t\t<div class=\"elementor-element elementor-element-2f2290cd elementor-widget elementor-widget-text-editor\" data-id=\"2f2290cd\" data-element_type=\"widget\" data-widget_type=\"text-editor.default\">\n\t\t\t\t<div class=\"elementor-widget-container\">\n\t\t\t<style>\/*! elementor - v3.10.2 - 29-01-2023 *\/\n.elementor-widget-text-editor.elementor-drop-cap-view-stacked .elementor-drop-cap{background-color:#818a91;color:#fff}.elementor-widget-text-editor.elementor-drop-cap-view-framed .elementor-drop-cap{color:#818a91;border:3px solid;background-color:transparent}.elementor-widget-text-editor:not(.elementor-drop-cap-view-default) .elementor-drop-cap{margin-top:8px}.elementor-widget-text-editor:not(.elementor-drop-cap-view-default) .elementor-drop-cap-letter{width:1em;height:1em}.elementor-widget-text-editor .elementor-drop-cap{float:left;text-align:center;line-height:1;font-size:50px}.elementor-widget-text-editor .elementor-drop-cap-letter{display:inline-block}<\/style>\t\t\t\t<p><strong>Pachuca, Hgo.\u00a0 26 de marzo\u00a0 de 2023.- <\/strong>Por el delito de feminicidio, la Procuradur\u00eda General de Justicia del Estado de Hidalgo (PGJEH), a trav\u00e9s de la Fiscal\u00eda de Delitos de G\u00e9nero y Trata de Personas, obtuvo sentencia condenatoria con pena de 25 a\u00f1os de prisi\u00f3n, para responsable de feminicidio, identificado como Rudy Nahim \u201cN\u201d.<\/p><p>Los hechos imputados ocurrieron el 17 de octubre de 2020, cuando se denunci\u00f3 ante esta representaci\u00f3n social el hallazgo en las instalaciones del Centro de Salud de Jacala de Ledezma, del cuerpo sin vida de una persona de sexo femenino.<\/p><p>De las investigaciones se concluy\u00f3 que la v\u00edctima fue agredida mientras participaba en una videoconferencia relacionada con actividades propias de sus labores profesionales, sucesos que fueron notorios para quienes se encontraban en la reuni\u00f3n virtual.<\/p><p>La agente del Ministerio P\u00fablico encargada de dirigir la investigaci\u00f3n, se alleg\u00f3 de datos de prueba que\u00a0 sirvieron para establecer la identidad de quien en ese momento era el probable responsable, identificado como Rudy Nahim \u201cN\u201d, persona por quien se solicit\u00f3 la orden de aprehensi\u00f3n la cual fue ejecutada por elementos de la Divisi\u00f3n de Investigaci\u00f3n de la PGJEH.<\/p><p>En audiencia inicial, la Fiscal\u00eda de Delitos de G\u00e9nero y Trata de Personas formul\u00f3 imputaci\u00f3n y solicit\u00f3 la vinculaci\u00f3n a proceso para el imputado y tras presentar pruebas suficientes, la autoridad judicial dict\u00f3 el auto de vinculaci\u00f3n a proceso por hechos que la ley sanciona como feminicidio.<\/p><p>Una vez agotadas las etapas del proceso penal,\u00a0 la PGJEH\u00a0 obtuvo del tribunal de enjuiciamiento, sentencia condenatoria de 25 a\u00f1os de prisi\u00f3n para el responsable. .<\/p>\t\t\t\t\t\t<\/div>\n\t\t\t\t<\/div>\n\t\t\t\t\t<\/div>\n\t\t<\/div>\n\t\t\t\t\t\t\t<\/div>\n\t\t<\/section>\n\t\t\t\t\t\t\t<\/div>\n\t\t","protected":false},"excerpt":{"rendered":"<p>Pachuca, Hgo.\u00a0 26 de marzo\u00a0 de 2023.- Por el delito de feminicidio, la Procuradur\u00eda General de Justicia del Estado de Hidalgo (PGJEH), a trav\u00e9s de la Fiscal\u00eda de Delitos de G\u00e9nero y Trata de Personas, obtuvo sentencia condenatoria con pena de 25 a\u00f1os de prisi\u00f3n, para responsable de feminicidio, identificado como Rudy Nahim \u201cN\u201d. Los [&hellip;]<\/p>\n","protected":false},"author":1,"featured_media":5098,"comment_status":"closed","ping_status":"closed","sticky":false,"template":"","format":"standard","meta":[],"categories":[22],"tags":[],"_links":{"self":[{"href":"https:\/\/www.diarionoti7.com.mx\/index.php?rest_route=\/wp\/v2\/posts\/5102"}],"collection":[{"href":"https:\/\/www.diarionoti7.com.mx\/index.php?rest_route=\/wp\/v2\/posts"}],"about":[{"href":"https:\/\/www.diarionoti7.com.mx\/index.php?rest_route=\/wp\/v2\/types\/post"}],"author":[{"embeddable":true,"href":"https:\/\/www.diarionoti7.com.mx\/index.php?rest_route=\/wp\/v2\/users\/1"}],"replies":[{"embeddable":true,"href":"https:\/\/www.diarionoti7.com.mx\/index.php?rest_route=%2Fwp%2Fv2%2Fcomments&post=5102"}],"version-history":[{"count":1,"href":"https:\/\/www.diarionoti7.com.mx\/index.php?rest_route=\/wp\/v2\/posts\/5102\/revisions"}],"predecessor-version":[{"id":5103,"href":"https:\/\/www.diarionoti7.com.mx\/index.php?rest_route=\/wp\/v2\/posts\/5102\/revisions\/5103"}],"wp:featuredmedia":[{"embeddable":true,"href":"https:\/\/www.diarionoti7.com.mx\/index.php?rest_route=\/wp\/v2\/media\/5098"}],"wp:attachment":[{"href":"https:\/\/www.diarionoti7.com.mx\/index.php?rest_route=%2Fwp%2Fv2%2Fmedia&parent=5102"}],"wp:term":[{"taxonomy":"category","embeddable":true,"href":"https:\/\/www.diarionoti7.com.mx\/index.php?rest_route=%2Fwp%2Fv2%2Fcategories&post=5102"},{"taxonomy":"post_tag","embeddable":true,"href":"https:\/\/www.diarionoti7.com.mx\/index.php?rest_route=%2Fwp%2Fv2%2Ftags&post=5102"}],"curies":[{"name":"wp","href":"https:\/\/api.w.org\/{rel}","templated":true}]}}