{"id":508,"date":"2023-02-06T15:58:33","date_gmt":"2023-02-06T15:58:33","guid":{"rendered":"https:\/\/www.smthemebazar.com\/newsify\/the-french-lettering-company-letraset-manufactured-a-set-of-dry-copy\/"},"modified":"2023-02-08T22:21:20","modified_gmt":"2023-02-08T22:21:20","slug":"ejecutan-a-dos-hombres-y-una-mujer-en-ixmiquilpan","status":"publish","type":"post","link":"https:\/\/www.diarionoti7.com.mx\/?p=508","title":{"rendered":"Ejecutan a Dos Hombres y una Mujer en Ixmiquilpan"},"content":{"rendered":"\t\t<div data-elementor-type=\"wp-post\" data-elementor-id=\"508\" class=\"elementor elementor-508\">\n\t\t\t\t\t\t\t\t\t<section class=\"elementor-section elementor-top-section elementor-element elementor-element-2942e64e elementor-section-boxed elementor-section-height-default elementor-section-height-default\" data-id=\"2942e64e\" data-element_type=\"section\">\n\t\t\t\t\t\t<div class=\"elementor-container elementor-column-gap-default\">\n\t\t\t\t\t<div class=\"elementor-column elementor-col-100 elementor-top-column elementor-element elementor-element-5615eb33\" data-id=\"5615eb33\" data-element_type=\"column\">\n\t\t\t<div class=\"elementor-widget-wrap elementor-element-populated\">\n\t\t\t\t\t\t\t\t<div class=\"elementor-element elementor-element-78031c9c elementor-widget elementor-widget-text-editor\" data-id=\"78031c9c\" data-element_type=\"widget\" data-widget_type=\"text-editor.default\">\n\t\t\t\t<div class=\"elementor-widget-container\">\n\t\t\t<style>\/*! elementor - v3.10.2 - 29-01-2023 *\/\n.elementor-widget-text-editor.elementor-drop-cap-view-stacked .elementor-drop-cap{background-color:#818a91;color:#fff}.elementor-widget-text-editor.elementor-drop-cap-view-framed .elementor-drop-cap{color:#818a91;border:3px solid;background-color:transparent}.elementor-widget-text-editor:not(.elementor-drop-cap-view-default) .elementor-drop-cap{margin-top:8px}.elementor-widget-text-editor:not(.elementor-drop-cap-view-default) .elementor-drop-cap-letter{width:1em;height:1em}.elementor-widget-text-editor .elementor-drop-cap{float:left;text-align:center;line-height:1;font-size:50px}.elementor-widget-text-editor .elementor-drop-cap-letter{display:inline-block}<\/style>\t\t\t\t<p><strong>Tulancingo, Hgo. 6 de febrero 2023.- <\/strong>Las autoridades de Tulancingo, recibieron \u00a0a las \u00a0las 11:45 horas, un llamado de emergencia \u00a0donde reportaron un\u00a0 choque frontal \u00a0de dos veh\u00edculos a la altura del kil\u00f3metro 93.8 de la \u00a0federal M\u00e9xico-Tuxpan, en el libramiento que conecta la caseta de San Alejo con la entrada noroeste de la ciudad de Tulancingo.<\/p>\n<p>En repuesta y como primer respondiente\u00a0 polic\u00eda y param\u00e9dicos de Bomberos se dirigieron al lugar del accidente\u00a0 y constataron que dos autos,\u00a0 tipo sed\u00e1n, se encontraban en obstrucci\u00f3n de la v\u00eda. Uno de ellos de color gris, modelo 2016; el otro, color negro.<\/p>\n<p>Ah\u00ed entre los hierros retorcidos encontraron a tres personas sin vida, entre ellos un menor de edad que muri\u00f3 en el traslado y seis heridos, fue el saldo de un aparatoso choque entre dos veh\u00edculos sobre el tramo carretero Tulancingo-Tejocotal.<\/p>\n<p>Adem\u00e1s se dio fe de seis personas heridas las cuales fueron trasladadas al Hospital General de Tulancingo por param\u00e9dicos de la delegaci\u00f3n de Bomberos de este municipio.<\/p>\n<p>\u00a0Uno de ellos, menor de edad, quien se report\u00f3 con fuertes lesiones en el cr\u00e1neo, fue trasladado al hospital pero falleci\u00f3 en el trayecto a causa de la gravedad de sus heridas; adem\u00e1s, otras dos personas perdieron la vida en el lugar de los hechos.<\/p>\n<p>La zona est\u00e1 abanderada por la Guardia Nacional mientras en espera la llegada del ministerio publico y agentes periciales para continuar con las diligencias correspondientes y el levantamiento tanto de las unidades como de los cad\u00e1veres..<\/p>\t\t\t\t\t\t<\/div>\n\t\t\t\t<\/div>\n\t\t\t\t\t<\/div>\n\t\t<\/div>\n\t\t\t\t\t\t\t<\/div>\n\t\t<\/section>\n\t\t\t\t\t\t\t<\/div>\n\t\t","protected":false},"excerpt":{"rendered":"<p>Tulancingo, Hgo. 6 de febrero 2023.- Las autoridades de Tulancingo, recibieron \u00a0a las \u00a0las 11:45 horas, un llamado de emergencia \u00a0donde reportaron un\u00a0 choque frontal \u00a0de dos veh\u00edculos a la altura del kil\u00f3metro 93.8 de la \u00a0federal M\u00e9xico-Tuxpan, en el libramiento que conecta la caseta de San Alejo con la entrada noroeste de la ciudad [&hellip;]<\/p>\n","protected":false},"author":1,"featured_media":1227,"comment_status":"closed","ping_status":"closed","sticky":false,"template":"","format":"standard","meta":[],"categories":[22],"tags":[],"_links":{"self":[{"href":"https:\/\/www.diarionoti7.com.mx\/index.php?rest_route=\/wp\/v2\/posts\/508"}],"collection":[{"href":"https:\/\/www.diarionoti7.com.mx\/index.php?rest_route=\/wp\/v2\/posts"}],"about":[{"href":"https:\/\/www.diarionoti7.com.mx\/index.php?rest_route=\/wp\/v2\/types\/post"}],"author":[{"embeddable":true,"href":"https:\/\/www.diarionoti7.com.mx\/index.php?rest_route=\/wp\/v2\/users\/1"}],"replies":[{"embeddable":true,"href":"https:\/\/www.diarionoti7.com.mx\/index.php?rest_route=%2Fwp%2Fv2%2Fcomments&post=508"}],"version-history":[{"count":6,"href":"https:\/\/www.diarionoti7.com.mx\/index.php?rest_route=\/wp\/v2\/posts\/508\/revisions"}],"predecessor-version":[{"id":1230,"href":"https:\/\/www.diarionoti7.com.mx\/index.php?rest_route=\/wp\/v2\/posts\/508\/revisions\/1230"}],"wp:featuredmedia":[{"embeddable":true,"href":"https:\/\/www.diarionoti7.com.mx\/index.php?rest_route=\/wp\/v2\/media\/1227"}],"wp:attachment":[{"href":"https:\/\/www.diarionoti7.com.mx\/index.php?rest_route=%2Fwp%2Fv2%2Fmedia&parent=508"}],"wp:term":[{"taxonomy":"category","embeddable":true,"href":"https:\/\/www.diarionoti7.com.mx\/index.php?rest_route=%2Fwp%2Fv2%2Fcategories&post=508"},{"taxonomy":"post_tag","embeddable":true,"href":"https:\/\/www.diarionoti7.com.mx\/index.php?rest_route=%2Fwp%2Fv2%2Ftags&post=508"}],"curies":[{"name":"wp","href":"https:\/\/api.w.org\/{rel}","templated":true}]}}