{"id":50604,"date":"2024-07-25T10:11:57","date_gmt":"2024-07-25T10:11:57","guid":{"rendered":"https:\/\/www.diarionoti7.com.mx\/?p=50604"},"modified":"2024-07-25T19:13:11","modified_gmt":"2024-07-25T19:13:11","slug":"tula-de-allende-conmemora-200-anos-de-vida-institucional","status":"publish","type":"post","link":"https:\/\/www.diarionoti7.com.mx\/?p=50604","title":{"rendered":"Tula de Allende Conmemora 200 A\u00f1os de Vida Institucional"},"content":{"rendered":"\t\t<div data-elementor-type=\"wp-post\" data-elementor-id=\"50604\" class=\"elementor elementor-50604\">\n\t\t\t\t\t\t\t\t\t<section class=\"elementor-section elementor-top-section elementor-element elementor-element-c09b8f0 elementor-section-boxed elementor-section-height-default elementor-section-height-default\" data-id=\"c09b8f0\" data-element_type=\"section\">\n\t\t\t\t\t\t<div class=\"elementor-container elementor-column-gap-default\">\n\t\t\t\t\t<div class=\"elementor-column elementor-col-100 elementor-top-column elementor-element elementor-element-955a561\" data-id=\"955a561\" data-element_type=\"column\">\n\t\t\t<div class=\"elementor-widget-wrap elementor-element-populated\">\n\t\t\t\t\t\t\t\t<div class=\"elementor-element elementor-element-0ce869c elementor-widget elementor-widget-text-editor\" data-id=\"0ce869c\" data-element_type=\"widget\" data-widget_type=\"text-editor.default\">\n\t\t\t\t<div class=\"elementor-widget-container\">\n\t\t\t<style>\/*! elementor - v3.10.2 - 29-01-2023 *\/\n.elementor-widget-text-editor.elementor-drop-cap-view-stacked .elementor-drop-cap{background-color:#818a91;color:#fff}.elementor-widget-text-editor.elementor-drop-cap-view-framed .elementor-drop-cap{color:#818a91;border:3px solid;background-color:transparent}.elementor-widget-text-editor:not(.elementor-drop-cap-view-default) .elementor-drop-cap{margin-top:8px}.elementor-widget-text-editor:not(.elementor-drop-cap-view-default) .elementor-drop-cap-letter{width:1em;height:1em}.elementor-widget-text-editor .elementor-drop-cap{float:left;text-align:center;line-height:1;font-size:50px}.elementor-widget-text-editor .elementor-drop-cap-letter{display:inline-block}<\/style>\t\t\t\t<p><strong>Pachuca, Hgo., 24 de julio de 2024.-<\/strong>El municipio de Tula de Allende conmemorar\u00e1 200 a\u00f1os de vida institucional con un evento que se realizar\u00e1 el pr\u00f3ximo 6 de agosto, mismo que contar\u00e1 con la participaci\u00f3n de diversas personalidades que han dejado una huella indeleble en su historia.<\/p><p>As\u00ed lo inform\u00f3 Mario Francisco Guzm\u00e1n, presidente municipal, en conferencia de prensa, la ma\u00f1ana de este mi\u00e9rcoles, en la Antigua Estaci\u00f3n de Ferrocarril de Tula.<\/p><p>\u201cSe cumplen 200 a\u00f1os de un municipio lleno de historia, cultura, arte y m\u00e1s. Por lo tanto, era importante hacer un evento a la altura de los tulenses y del estado. Hay muchas \u00e1reas involucradas como cultura, turismo, adquisiciones, seguridad p\u00fablica\u201d, coment\u00f3 el alcalde.<\/p><p>Para celebrar este bicentenario, se ha preparado una amplia variedad de actividades culturales, art\u00edsticas y deportivas, que reflejen dos siglos de progreso, cultura y consenso. La sede principal de esta gran fiesta ser\u00e1 el Teatro al Aire Libre, ubicado en el centro de Tula de Allende.<\/p><p>\u201cContaremos con una muestra gastron\u00f3mica con platillos originarios de Tula y de la regi\u00f3n, presentaci\u00f3n de artistas locales, Banda Sinf\u00f3nica del Estado de Hidalgo, carrera atl\u00e9tica y muchas sorpresas m\u00e1s\u201d, explic\u00f3 F\u00e9lix L\u00f3pez Castillo, regidor del municipio.<\/p><p>El Instituto Nacional de Estad\u00edstica, Geograf\u00eda e Inform\u00e1tica (INEGI) reconoce el 6 de agosto de 1824 como la fecha oficial de creaci\u00f3n del municipio. Sin embargo, su legado se remonta al a\u00f1o 713 d. C., como cuna de una de las civilizaciones mesoamericanas m\u00e1s importantes, la tolteca, cuyos testimonios a\u00fan pueden admirarse en la zona arqueol\u00f3gica de Tula.<\/p><p>Toda la ciudadan\u00eda, as\u00ed como las y los visitantes est\u00e1n invitados a unirse a esta gran celebraci\u00f3n y a compartir el orgullo de dos siglos de historia y desarrollo en Tula de Allende.<\/p>\t\t\t\t\t\t<\/div>\n\t\t\t\t<\/div>\n\t\t\t\t\t<\/div>\n\t\t<\/div>\n\t\t\t\t\t\t\t<\/div>\n\t\t<\/section>\n\t\t\t\t\t\t\t<\/div>\n\t\t","protected":false},"excerpt":{"rendered":"<p>Pachuca, Hgo., 24 de julio de 2024.-El municipio de Tula de Allende conmemorar\u00e1 200 a\u00f1os de vida institucional con un evento que se realizar\u00e1 el pr\u00f3ximo 6 de agosto, mismo que contar\u00e1 con la participaci\u00f3n de diversas personalidades que han dejado una huella indeleble en su historia. As\u00ed lo inform\u00f3 Mario Francisco Guzm\u00e1n, presidente municipal, [&hellip;]<\/p>\n","protected":false},"author":1,"featured_media":50606,"comment_status":"closed","ping_status":"closed","sticky":false,"template":"","format":"standard","meta":[],"categories":[9],"tags":[],"_links":{"self":[{"href":"https:\/\/www.diarionoti7.com.mx\/index.php?rest_route=\/wp\/v2\/posts\/50604"}],"collection":[{"href":"https:\/\/www.diarionoti7.com.mx\/index.php?rest_route=\/wp\/v2\/posts"}],"about":[{"href":"https:\/\/www.diarionoti7.com.mx\/index.php?rest_route=\/wp\/v2\/types\/post"}],"author":[{"embeddable":true,"href":"https:\/\/www.diarionoti7.com.mx\/index.php?rest_route=\/wp\/v2\/users\/1"}],"replies":[{"embeddable":true,"href":"https:\/\/www.diarionoti7.com.mx\/index.php?rest_route=%2Fwp%2Fv2%2Fcomments&post=50604"}],"version-history":[{"count":4,"href":"https:\/\/www.diarionoti7.com.mx\/index.php?rest_route=\/wp\/v2\/posts\/50604\/revisions"}],"predecessor-version":[{"id":50609,"href":"https:\/\/www.diarionoti7.com.mx\/index.php?rest_route=\/wp\/v2\/posts\/50604\/revisions\/50609"}],"wp:featuredmedia":[{"embeddable":true,"href":"https:\/\/www.diarionoti7.com.mx\/index.php?rest_route=\/wp\/v2\/media\/50606"}],"wp:attachment":[{"href":"https:\/\/www.diarionoti7.com.mx\/index.php?rest_route=%2Fwp%2Fv2%2Fmedia&parent=50604"}],"wp:term":[{"taxonomy":"category","embeddable":true,"href":"https:\/\/www.diarionoti7.com.mx\/index.php?rest_route=%2Fwp%2Fv2%2Fcategories&post=50604"},{"taxonomy":"post_tag","embeddable":true,"href":"https:\/\/www.diarionoti7.com.mx\/index.php?rest_route=%2Fwp%2Fv2%2Ftags&post=50604"}],"curies":[{"name":"wp","href":"https:\/\/api.w.org\/{rel}","templated":true}]}}