{"id":50581,"date":"2024-07-25T10:06:28","date_gmt":"2024-07-25T10:06:28","guid":{"rendered":"https:\/\/www.diarionoti7.com.mx\/?p=50581"},"modified":"2024-07-25T19:40:13","modified_gmt":"2024-07-25T19:40:13","slug":"todo-listo-para-la-copa-nacional-beretta-2024","status":"publish","type":"post","link":"https:\/\/www.diarionoti7.com.mx\/?p=50581","title":{"rendered":"Todo Listo Para la Copa Nacional Beretta 2024"},"content":{"rendered":"\t\t<div data-elementor-type=\"wp-post\" data-elementor-id=\"50581\" class=\"elementor elementor-50581\">\n\t\t\t\t\t\t\t\t\t<section class=\"elementor-section elementor-top-section elementor-element elementor-element-c09b8f0 elementor-section-boxed elementor-section-height-default elementor-section-height-default\" data-id=\"c09b8f0\" data-element_type=\"section\">\n\t\t\t\t\t\t<div class=\"elementor-container elementor-column-gap-default\">\n\t\t\t\t\t<div class=\"elementor-column elementor-col-100 elementor-top-column elementor-element elementor-element-955a561\" data-id=\"955a561\" data-element_type=\"column\">\n\t\t\t<div class=\"elementor-widget-wrap elementor-element-populated\">\n\t\t\t\t\t\t\t\t<div class=\"elementor-element elementor-element-0ce869c elementor-widget elementor-widget-text-editor\" data-id=\"0ce869c\" data-element_type=\"widget\" data-widget_type=\"text-editor.default\">\n\t\t\t\t<div class=\"elementor-widget-container\">\n\t\t\t<style>\/*! elementor - v3.10.2 - 29-01-2023 *\/\n.elementor-widget-text-editor.elementor-drop-cap-view-stacked .elementor-drop-cap{background-color:#818a91;color:#fff}.elementor-widget-text-editor.elementor-drop-cap-view-framed .elementor-drop-cap{color:#818a91;border:3px solid;background-color:transparent}.elementor-widget-text-editor:not(.elementor-drop-cap-view-default) .elementor-drop-cap{margin-top:8px}.elementor-widget-text-editor:not(.elementor-drop-cap-view-default) .elementor-drop-cap-letter{width:1em;height:1em}.elementor-widget-text-editor .elementor-drop-cap{float:left;text-align:center;line-height:1;font-size:50px}.elementor-widget-text-editor .elementor-drop-cap-letter{display:inline-block}<\/style>\t\t\t\t<p><strong>Pachuca, Hgo., 24 de julio de 2024.-<\/strong>Con la participaci\u00f3n de 21 equipos, provenientes de 6 estados, en los pr\u00f3ximos d\u00edas, la entidad ser\u00e1 por primera vez, la sede nacional de la Copa Beretta 2024; as\u00ed lo inform\u00f3 Francisco Mart\u00ednez G\u00f3mez, director general de la Polic\u00eda Industrial Bancaria del Estado de Hidalgo (PIBEH).<\/p><p>En el marco del 48\u00b0 aniversario de la creaci\u00f3n de dicho organismo policial, el encuentro se llevar\u00e1 a cabo gracias al trabajo conjunto con la Secretar\u00eda de Seguridad P\u00fablica de Hidalgo (SSPH), as\u00ed como con el Instituto de Formaci\u00f3n Profesional (IFP), de la Procuradur\u00eda General de Justicia del Estado de Hidalgo (PGJEH).<\/p><p>De esa forma, se inform\u00f3 que, en esta primera edici\u00f3n participar\u00e1n elementos de las polic\u00edas auxiliares, complementarias, estatales, federales e invitados especiales, quienes contender\u00e1n de manera individual o por equipo.<\/p><p>Es por ello que, a la fecha se tiene el registro 112 participantes provenientes de la Ciudad de M\u00e9xico, Estado de M\u00e9xico, Quer\u00e9taro, Jalisco, Chihuahua, Puebla y la sede Hidalgo, conformados en algunos casos, por equipos mixtos de hasta 5 integrantes y en otras categor\u00edas de manera individual.<\/p><p>De igual forma, Mart\u00ednez G\u00f3mez detall\u00f3 que las actividades de la Copa Beretta 2024 comenzar\u00e1n el d\u00eda 31 de julio con el arribo de las y los participantes, as\u00ed como la presentaci\u00f3n de 3 ponencias magistrales.<\/p><p>Los temas ser\u00e1n el \u201cMantenimiento correcto de las armas\u201d y el \u201cUso racional de la fuerza y leg\u00edtima defensa\u201d, impartidas por la empresa Beretta; as\u00ed como la conferencia \u201cDerechos Humanos del Polic\u00eda\u201d, que ser\u00e1 dictada por la Universidad de la Polic\u00eda del Estado de Sinaloa (UNIPOL), adem\u00e1s del evento inaugural.<\/p><p>Continuar\u00e1n el d\u00eda primero de agosto, con las competencias de tiro individual, mientras que el d\u00eda 2 se llevar\u00e1n a cabo las competencias grupales, la ceremonia de clausura y la respectiva premiaci\u00f3n.<\/p>\t\t\t\t\t\t<\/div>\n\t\t\t\t<\/div>\n\t\t\t\t\t<\/div>\n\t\t<\/div>\n\t\t\t\t\t\t\t<\/div>\n\t\t<\/section>\n\t\t\t\t\t\t\t<\/div>\n\t\t","protected":false},"excerpt":{"rendered":"<p>Pachuca, Hgo., 24 de julio de 2024.-Con la participaci\u00f3n de 21 equipos, provenientes de 6 estados, en los pr\u00f3ximos d\u00edas, la entidad ser\u00e1 por primera vez, la sede nacional de la Copa Beretta 2024; as\u00ed lo inform\u00f3 Francisco Mart\u00ednez G\u00f3mez, director general de la Polic\u00eda Industrial Bancaria del Estado de Hidalgo (PIBEH). En el marco [&hellip;]<\/p>\n","protected":false},"author":1,"featured_media":50690,"comment_status":"closed","ping_status":"closed","sticky":false,"template":"","format":"standard","meta":[],"categories":[22],"tags":[],"_links":{"self":[{"href":"https:\/\/www.diarionoti7.com.mx\/index.php?rest_route=\/wp\/v2\/posts\/50581"}],"collection":[{"href":"https:\/\/www.diarionoti7.com.mx\/index.php?rest_route=\/wp\/v2\/posts"}],"about":[{"href":"https:\/\/www.diarionoti7.com.mx\/index.php?rest_route=\/wp\/v2\/types\/post"}],"author":[{"embeddable":true,"href":"https:\/\/www.diarionoti7.com.mx\/index.php?rest_route=\/wp\/v2\/users\/1"}],"replies":[{"embeddable":true,"href":"https:\/\/www.diarionoti7.com.mx\/index.php?rest_route=%2Fwp%2Fv2%2Fcomments&post=50581"}],"version-history":[{"count":7,"href":"https:\/\/www.diarionoti7.com.mx\/index.php?rest_route=\/wp\/v2\/posts\/50581\/revisions"}],"predecessor-version":[{"id":50693,"href":"https:\/\/www.diarionoti7.com.mx\/index.php?rest_route=\/wp\/v2\/posts\/50581\/revisions\/50693"}],"wp:featuredmedia":[{"embeddable":true,"href":"https:\/\/www.diarionoti7.com.mx\/index.php?rest_route=\/wp\/v2\/media\/50690"}],"wp:attachment":[{"href":"https:\/\/www.diarionoti7.com.mx\/index.php?rest_route=%2Fwp%2Fv2%2Fmedia&parent=50581"}],"wp:term":[{"taxonomy":"category","embeddable":true,"href":"https:\/\/www.diarionoti7.com.mx\/index.php?rest_route=%2Fwp%2Fv2%2Fcategories&post=50581"},{"taxonomy":"post_tag","embeddable":true,"href":"https:\/\/www.diarionoti7.com.mx\/index.php?rest_route=%2Fwp%2Fv2%2Ftags&post=50581"}],"curies":[{"name":"wp","href":"https:\/\/api.w.org\/{rel}","templated":true}]}}