{"id":50571,"date":"2024-07-24T10:24:33","date_gmt":"2024-07-24T10:24:33","guid":{"rendered":"https:\/\/www.diarionoti7.com.mx\/?p=50571"},"modified":"2024-07-24T20:39:17","modified_gmt":"2024-07-24T20:39:17","slug":"inicia-decimo-quinto-curso-de-verano-2024","status":"publish","type":"post","link":"https:\/\/www.diarionoti7.com.mx\/?p=50571","title":{"rendered":"Inicia D\u00e9cimo Quinto Curso de Verano 2024"},"content":{"rendered":"\t\t<div data-elementor-type=\"wp-post\" data-elementor-id=\"50571\" class=\"elementor elementor-50571\">\n\t\t\t\t\t\t\t\t\t<section class=\"elementor-section elementor-top-section elementor-element elementor-element-c09b8f0 elementor-section-boxed elementor-section-height-default elementor-section-height-default\" data-id=\"c09b8f0\" data-element_type=\"section\">\n\t\t\t\t\t\t<div class=\"elementor-container elementor-column-gap-default\">\n\t\t\t\t\t<div class=\"elementor-column elementor-col-100 elementor-top-column elementor-element elementor-element-955a561\" data-id=\"955a561\" data-element_type=\"column\">\n\t\t\t<div class=\"elementor-widget-wrap elementor-element-populated\">\n\t\t\t\t\t\t\t\t<div class=\"elementor-element elementor-element-0ce869c elementor-widget elementor-widget-text-editor\" data-id=\"0ce869c\" data-element_type=\"widget\" data-widget_type=\"text-editor.default\">\n\t\t\t\t<div class=\"elementor-widget-container\">\n\t\t\t<style>\/*! elementor - v3.10.2 - 29-01-2023 *\/\n.elementor-widget-text-editor.elementor-drop-cap-view-stacked .elementor-drop-cap{background-color:#818a91;color:#fff}.elementor-widget-text-editor.elementor-drop-cap-view-framed .elementor-drop-cap{color:#818a91;border:3px solid;background-color:transparent}.elementor-widget-text-editor:not(.elementor-drop-cap-view-default) .elementor-drop-cap{margin-top:8px}.elementor-widget-text-editor:not(.elementor-drop-cap-view-default) .elementor-drop-cap-letter{width:1em;height:1em}.elementor-widget-text-editor .elementor-drop-cap{float:left;text-align:center;line-height:1;font-size:50px}.elementor-widget-text-editor .elementor-drop-cap-letter{display:inline-block}<\/style>\t\t\t\t<p><strong>Pachuca, Hgo; 23 de julio 2024.- <\/strong>En el Auditorio Gota de Plata, Edda Vite, Presidenta del Patronato del <a href=\"https:\/\/www.facebook.com\/hashtag\/difh?__eep__=6&amp;__cft__%5b0%5d=AZVMYs3CFPTBhHCe3bPiVNQc64VTsJRhACvWbV4y3thcn2J2Yv8F7y7BHyuC0-zvMua1fhrbrBi1svZ_8gN1ynqXSMyEWrV5wLXYPEzzl8X9gW4bH1i4Xqv786teM9w568SJ1PEpCVy06zQigcEDMRpkeMP7Fy5iQynfazSP_ZTHoJ3e7kSJwrJI2sEGl6jd6_k9g4PcZ-H9h95SUinB_eRl6dAY7jiBqC7E5BiQwOud1A&amp;__tn__=*NK-R\">DIFH<\/a> en compa\u00f1\u00eda del\u00a0 gobernador Julio Menchaca Salazar encabez\u00f3 la inauguraci\u00f3n del\u00a0<strong>Curso de Verano 2024<\/strong>, para hijos de trabajadores de gobierno del estado, que arranc\u00f3 el pasado lunes 22 de julio en las instalaciones de Feria de Pachuca.<\/p><p>El titular de la Oficial\u00eda Mayor, Edgar Orlando \u00c1ngeles, indic\u00f3 que \u00e9ste es el d\u00e9cimo quinto evento enfocado a ofrecer una experiencia innovadora y memorable, con actividades dise\u00f1adas para estimular la creatividad de este sector de la poblaci\u00f3n, que adem\u00e1s permita a los empleados de la administraci\u00f3n estatal enfocarse en sus labores sin preocuparse del cuidado de sus ni\u00f1as y ni\u00f1os.<\/p><p>Destac\u00f3 la zona gamer, paseos en tuzob\u00fas, gotcha, viajes a mundo f\u00fatbol, gokarts, actividades f\u00edsicas como nataci\u00f3n, basquetbol, as\u00ed como art\u00edsticas como pintura, entre otros.<\/p><p>Garantiz\u00f3 que este curso de verano ser\u00e1 el inicio de muchas actividades que fortalezcan a las familias de los trabajadores de gobierno.<br \/>Adem\u00e1s anunci\u00f3 que en esta edici\u00f3n 15 recibieron a m\u00e1s de 1000 ni\u00f1os hidalguenses e hijos de los trabajadores de gobierno, en un lugar seguro.<\/p><p>Edda Ramos Vite, titular del Sistema para el Desarrollo Integral de la Familia (DIF), afirm\u00f3 que con este curso se cumple con el compromiso de desarrollo de las infancias en el estado.<\/p><p>Despu\u00e9s del acto protocolario se present\u00f3 la obra de teatro \u00abAlicia, t\u00fa eres las maravillas\u00bb con la compa\u00f1\u00eda Circo Drag\u00f3n.<\/p><p>\u00a0Las ni\u00f1as y ni\u00f1os hidalguenses iniciaron con mucha emoci\u00f3n esta aventura del periodo vacacional.<\/p><p>Durante este curso la ni\u00f1ez hidalguense disfrutar\u00e1 de divertidas actividades l\u00fadicas, art\u00edsticas y deportivas en un ambiente de inclusi\u00f3n, armon\u00eda y seguridad.<\/p>\t\t\t\t\t\t<\/div>\n\t\t\t\t<\/div>\n\t\t\t\t\t<\/div>\n\t\t<\/div>\n\t\t\t\t\t\t\t<\/div>\n\t\t<\/section>\n\t\t\t\t<section class=\"elementor-section elementor-top-section elementor-element elementor-element-28422f9 elementor-section-boxed elementor-section-height-default elementor-section-height-default\" data-id=\"28422f9\" data-element_type=\"section\">\n\t\t\t\t\t\t<div class=\"elementor-container elementor-column-gap-default\">\n\t\t\t\t\t<div class=\"elementor-column elementor-col-50 elementor-top-column elementor-element elementor-element-7866c48\" data-id=\"7866c48\" data-element_type=\"column\">\n\t\t\t<div class=\"elementor-widget-wrap elementor-element-populated\">\n\t\t\t\t\t\t\t\t<div class=\"elementor-element elementor-element-834787e elementor-aspect-ratio-169 elementor-widget elementor-widget-video\" data-id=\"834787e\" data-element_type=\"widget\" data-settings=\"{&quot;youtube_url&quot;:&quot;https:\\\/\\\/youtu.be\\\/OSJowqgxbF8&quot;,&quot;video_type&quot;:&quot;youtube&quot;,&quot;controls&quot;:&quot;yes&quot;,&quot;aspect_ratio&quot;:&quot;169&quot;}\" data-widget_type=\"video.default\">\n\t\t\t\t<div class=\"elementor-widget-container\">\n\t\t\t<style>\/*! elementor - v3.10.2 - 29-01-2023 *\/\n.elementor-widget-video .elementor-widget-container{overflow:hidden;transform:translateZ(0)}.elementor-widget-video .elementor-open-inline .elementor-custom-embed-image-overlay{position:absolute;top:0;left:0;width:100%;height:100%;background-size:cover;background-position:50%}.elementor-widget-video .elementor-custom-embed-image-overlay{cursor:pointer;text-align:center}.elementor-widget-video .elementor-custom-embed-image-overlay:hover .elementor-custom-embed-play i{opacity:1}.elementor-widget-video .elementor-custom-embed-image-overlay img{display:block;width:100%}.elementor-widget-video .e-hosted-video .elementor-video{-o-object-fit:cover;object-fit:cover}.e-con-inner>.elementor-widget-video,.e-con>.elementor-widget-video{width:var(--container-widget-width);--flex-grow:var(--container-widget-flex-grow)}<\/style>\t\t<div class=\"elementor-wrapper elementor-fit-aspect-ratio elementor-open-inline\">\n\t\t\t<div class=\"elementor-video\"><\/div>\t\t<\/div>\n\t\t\t\t<\/div>\n\t\t\t\t<\/div>\n\t\t\t\t\t<\/div>\n\t\t<\/div>\n\t\t\t\t<div class=\"elementor-column elementor-col-50 elementor-top-column elementor-element elementor-element-6bb2326\" data-id=\"6bb2326\" data-element_type=\"column\">\n\t\t\t<div class=\"elementor-widget-wrap elementor-element-populated\">\n\t\t\t\t\t\t\t\t<div class=\"elementor-element elementor-element-fc8107e elementor-aspect-ratio-169 elementor-widget elementor-widget-video\" data-id=\"fc8107e\" data-element_type=\"widget\" data-settings=\"{&quot;youtube_url&quot;:&quot;https:\\\/\\\/youtu.be\\\/Aw64fqc4oBo&quot;,&quot;video_type&quot;:&quot;youtube&quot;,&quot;controls&quot;:&quot;yes&quot;,&quot;aspect_ratio&quot;:&quot;169&quot;}\" data-widget_type=\"video.default\">\n\t\t\t\t<div class=\"elementor-widget-container\">\n\t\t\t\t\t<div class=\"elementor-wrapper elementor-fit-aspect-ratio elementor-open-inline\">\n\t\t\t<div class=\"elementor-video\"><\/div>\t\t<\/div>\n\t\t\t\t<\/div>\n\t\t\t\t<\/div>\n\t\t\t\t\t<\/div>\n\t\t<\/div>\n\t\t\t\t\t\t\t<\/div>\n\t\t<\/section>\n\t\t\t\t\t\t\t<\/div>\n\t\t","protected":false},"excerpt":{"rendered":"<p>Pachuca, Hgo; 23 de julio 2024.- En el Auditorio Gota de Plata, Edda Vite, Presidenta del Patronato del DIFH en compa\u00f1\u00eda del\u00a0 gobernador Julio Menchaca Salazar encabez\u00f3 la inauguraci\u00f3n del\u00a0Curso de Verano 2024, para hijos de trabajadores de gobierno del estado, que arranc\u00f3 el pasado lunes 22 de julio en las instalaciones de Feria de [&hellip;]<\/p>\n","protected":false},"author":1,"featured_media":50573,"comment_status":"closed","ping_status":"closed","sticky":false,"template":"","format":"standard","meta":[],"categories":[7],"tags":[],"_links":{"self":[{"href":"https:\/\/www.diarionoti7.com.mx\/index.php?rest_route=\/wp\/v2\/posts\/50571"}],"collection":[{"href":"https:\/\/www.diarionoti7.com.mx\/index.php?rest_route=\/wp\/v2\/posts"}],"about":[{"href":"https:\/\/www.diarionoti7.com.mx\/index.php?rest_route=\/wp\/v2\/types\/post"}],"author":[{"embeddable":true,"href":"https:\/\/www.diarionoti7.com.mx\/index.php?rest_route=\/wp\/v2\/users\/1"}],"replies":[{"embeddable":true,"href":"https:\/\/www.diarionoti7.com.mx\/index.php?rest_route=%2Fwp%2Fv2%2Fcomments&post=50571"}],"version-history":[{"count":4,"href":"https:\/\/www.diarionoti7.com.mx\/index.php?rest_route=\/wp\/v2\/posts\/50571\/revisions"}],"predecessor-version":[{"id":50576,"href":"https:\/\/www.diarionoti7.com.mx\/index.php?rest_route=\/wp\/v2\/posts\/50571\/revisions\/50576"}],"wp:featuredmedia":[{"embeddable":true,"href":"https:\/\/www.diarionoti7.com.mx\/index.php?rest_route=\/wp\/v2\/media\/50573"}],"wp:attachment":[{"href":"https:\/\/www.diarionoti7.com.mx\/index.php?rest_route=%2Fwp%2Fv2%2Fmedia&parent=50571"}],"wp:term":[{"taxonomy":"category","embeddable":true,"href":"https:\/\/www.diarionoti7.com.mx\/index.php?rest_route=%2Fwp%2Fv2%2Fcategories&post=50571"},{"taxonomy":"post_tag","embeddable":true,"href":"https:\/\/www.diarionoti7.com.mx\/index.php?rest_route=%2Fwp%2Fv2%2Ftags&post=50571"}],"curies":[{"name":"wp","href":"https:\/\/api.w.org\/{rel}","templated":true}]}}