{"id":5039,"date":"2023-03-25T19:52:39","date_gmt":"2023-03-25T19:52:39","guid":{"rendered":"https:\/\/www.diarionoti7.com.mx\/?p=5039"},"modified":"2023-03-25T19:53:15","modified_gmt":"2023-03-25T19:53:15","slug":"menchaca-invito-desde-el-balneario-el-tlaco-a-la-poblacion-a-disfrutar-del-corredor-de-balnearios-vacacional-en-semana-santa","status":"publish","type":"post","link":"https:\/\/www.diarionoti7.com.mx\/?p=5039","title":{"rendered":"Menchaca Invit\u00f3 Desde el Balneario \u201cEl Tlaco\u201d a la Poblaci\u00f3n a Disfrutar del Corredor de Balnearios Vacacional en Semana Santa"},"content":{"rendered":"\t\t<div data-elementor-type=\"wp-post\" data-elementor-id=\"5039\" class=\"elementor elementor-5039\">\n\t\t\t\t\t\t\t\t\t<section class=\"elementor-section elementor-top-section elementor-element elementor-element-51c23a4c elementor-section-boxed elementor-section-height-default elementor-section-height-default\" data-id=\"51c23a4c\" data-element_type=\"section\">\n\t\t\t\t\t\t<div class=\"elementor-container elementor-column-gap-default\">\n\t\t\t\t\t<div class=\"elementor-column elementor-col-100 elementor-top-column elementor-element elementor-element-7d2e0b6e\" data-id=\"7d2e0b6e\" data-element_type=\"column\">\n\t\t\t<div class=\"elementor-widget-wrap elementor-element-populated\">\n\t\t\t\t\t\t\t\t<div class=\"elementor-element elementor-element-2f2290cd elementor-widget elementor-widget-text-editor\" data-id=\"2f2290cd\" data-element_type=\"widget\" data-widget_type=\"text-editor.default\">\n\t\t\t\t<div class=\"elementor-widget-container\">\n\t\t\t<style>\/*! elementor - v3.10.2 - 29-01-2023 *\/\n.elementor-widget-text-editor.elementor-drop-cap-view-stacked .elementor-drop-cap{background-color:#818a91;color:#fff}.elementor-widget-text-editor.elementor-drop-cap-view-framed .elementor-drop-cap{color:#818a91;border:3px solid;background-color:transparent}.elementor-widget-text-editor:not(.elementor-drop-cap-view-default) .elementor-drop-cap{margin-top:8px}.elementor-widget-text-editor:not(.elementor-drop-cap-view-default) .elementor-drop-cap-letter{width:1em;height:1em}.elementor-widget-text-editor .elementor-drop-cap{float:left;text-align:center;line-height:1;font-size:50px}.elementor-widget-text-editor .elementor-drop-cap-letter{display:inline-block}<\/style>\t\t\t\t<p><strong>Chilcuautla, Hgo. 24 de marzo 2023.- <\/strong>El gobernador Julio Menchaca en gira de trabajo por el municipio de Chilcuautla,\u00a0 visit\u00f3 el parque acu\u00e1tico Tlaco, \u00a0ubicado en el poblado de Tlacotlap\u00edlco, donde invit\u00f3 a la poblaci\u00f3n a disfrutar del corredor de balnearios durante la temporada vacacional de Semana Santa.<\/p><p>Destac\u00f3 el mandatario\u00a0 que \u201cHidalgo cuenta con recursos naturales y culturales que atraen a las y los visitantes; nos comprometemos a impulsar el desarrollo de una econom\u00eda circular que permita a las y los empresarios locales contar con mejores condiciones de competencia tras los da\u00f1os ocasionados por la sequ\u00eda e inundaciones registradas en los \u00faltimos a\u00f1os\u201d.<\/p><p>Ah\u00ed, Menchaca Salazar se comprometi\u00f3 a impulsar el desarrollo de una econom\u00eda circular que permita a las y los empresarios locales, contar con mejores condiciones de competencia tras los da\u00f1os ocasionados por la sequ\u00eda e inundaciones registradas en los \u00faltimos a\u00f1os.<\/p><p>\u00a0<\/p>\t\t\t\t\t\t<\/div>\n\t\t\t\t<\/div>\n\t\t\t\t\t<\/div>\n\t\t<\/div>\n\t\t\t\t\t\t\t<\/div>\n\t\t<\/section>\n\t\t\t\t\t\t\t<\/div>\n\t\t","protected":false},"excerpt":{"rendered":"<p>Chilcuautla, Hgo. 24 de marzo 2023.- El gobernador Julio Menchaca en gira de trabajo por el municipio de Chilcuautla,\u00a0 visit\u00f3 el parque acu\u00e1tico Tlaco, \u00a0ubicado en el poblado de Tlacotlap\u00edlco, donde invit\u00f3 a la poblaci\u00f3n a disfrutar del corredor de balnearios durante la temporada vacacional de Semana Santa. Destac\u00f3 el mandatario\u00a0 que \u201cHidalgo cuenta con [&hellip;]<\/p>\n","protected":false},"author":1,"featured_media":5041,"comment_status":"closed","ping_status":"closed","sticky":false,"template":"","format":"standard","meta":[],"categories":[7],"tags":[],"_links":{"self":[{"href":"https:\/\/www.diarionoti7.com.mx\/index.php?rest_route=\/wp\/v2\/posts\/5039"}],"collection":[{"href":"https:\/\/www.diarionoti7.com.mx\/index.php?rest_route=\/wp\/v2\/posts"}],"about":[{"href":"https:\/\/www.diarionoti7.com.mx\/index.php?rest_route=\/wp\/v2\/types\/post"}],"author":[{"embeddable":true,"href":"https:\/\/www.diarionoti7.com.mx\/index.php?rest_route=\/wp\/v2\/users\/1"}],"replies":[{"embeddable":true,"href":"https:\/\/www.diarionoti7.com.mx\/index.php?rest_route=%2Fwp%2Fv2%2Fcomments&post=5039"}],"version-history":[{"count":4,"href":"https:\/\/www.diarionoti7.com.mx\/index.php?rest_route=\/wp\/v2\/posts\/5039\/revisions"}],"predecessor-version":[{"id":5044,"href":"https:\/\/www.diarionoti7.com.mx\/index.php?rest_route=\/wp\/v2\/posts\/5039\/revisions\/5044"}],"wp:featuredmedia":[{"embeddable":true,"href":"https:\/\/www.diarionoti7.com.mx\/index.php?rest_route=\/wp\/v2\/media\/5041"}],"wp:attachment":[{"href":"https:\/\/www.diarionoti7.com.mx\/index.php?rest_route=%2Fwp%2Fv2%2Fmedia&parent=5039"}],"wp:term":[{"taxonomy":"category","embeddable":true,"href":"https:\/\/www.diarionoti7.com.mx\/index.php?rest_route=%2Fwp%2Fv2%2Fcategories&post=5039"},{"taxonomy":"post_tag","embeddable":true,"href":"https:\/\/www.diarionoti7.com.mx\/index.php?rest_route=%2Fwp%2Fv2%2Ftags&post=5039"}],"curies":[{"name":"wp","href":"https:\/\/api.w.org\/{rel}","templated":true}]}}