{"id":4991,"date":"2023-03-25T19:40:52","date_gmt":"2023-03-25T19:40:52","guid":{"rendered":"https:\/\/www.diarionoti7.com.mx\/?p=4991"},"modified":"2023-03-25T19:42:12","modified_gmt":"2023-03-25T19:42:12","slug":"hidalgo-presente-en-cumbre-tajin-2023-compartio-la-riqueza-cultural-de-los-pueblos-indigenas-de-hidalgo","status":"publish","type":"post","link":"https:\/\/www.diarionoti7.com.mx\/?p=4991","title":{"rendered":"Hidalgo presente en Cumbre Taj\u00edn 2023, Comparti\u00f3 la Riqueza Cultural de los Pueblos Ind\u00edgenas de Hidalgo"},"content":{"rendered":"\t\t<div data-elementor-type=\"wp-post\" data-elementor-id=\"4991\" class=\"elementor elementor-4991\">\n\t\t\t\t\t\t\t\t\t<section class=\"elementor-section elementor-top-section elementor-element elementor-element-51c23a4c elementor-section-boxed elementor-section-height-default elementor-section-height-default\" data-id=\"51c23a4c\" data-element_type=\"section\">\n\t\t\t\t\t\t<div class=\"elementor-container elementor-column-gap-default\">\n\t\t\t\t\t<div class=\"elementor-column elementor-col-100 elementor-top-column elementor-element elementor-element-7d2e0b6e\" data-id=\"7d2e0b6e\" data-element_type=\"column\">\n\t\t\t<div class=\"elementor-widget-wrap elementor-element-populated\">\n\t\t\t\t\t\t\t\t<div class=\"elementor-element elementor-element-2f2290cd elementor-widget elementor-widget-text-editor\" data-id=\"2f2290cd\" data-element_type=\"widget\" data-widget_type=\"text-editor.default\">\n\t\t\t\t<div class=\"elementor-widget-container\">\n\t\t\t<style>\/*! elementor - v3.10.2 - 29-01-2023 *\/\n.elementor-widget-text-editor.elementor-drop-cap-view-stacked .elementor-drop-cap{background-color:#818a91;color:#fff}.elementor-widget-text-editor.elementor-drop-cap-view-framed .elementor-drop-cap{color:#818a91;border:3px solid;background-color:transparent}.elementor-widget-text-editor:not(.elementor-drop-cap-view-default) .elementor-drop-cap{margin-top:8px}.elementor-widget-text-editor:not(.elementor-drop-cap-view-default) .elementor-drop-cap-letter{width:1em;height:1em}.elementor-widget-text-editor .elementor-drop-cap{float:left;text-align:center;line-height:1;font-size:50px}.elementor-widget-text-editor .elementor-drop-cap-letter{display:inline-block}<\/style>\t\t\t\t<p><strong>Pachuca, Hgo, 24 de marzo 2023.-<\/strong> El titular de la\u00a0Comisi\u00f3n Estatal para el Desarrollo Sostenible de los Pueblos Ind\u00edgenas\u00a0(CEDSPI), Prisco Manuel Guti\u00e9rrez, \u00a0se\u00f1al\u00f3 que en el encuentro cultural que ofrece el festival Cumbre Taj\u00edn 2023 en el municipio de Papantla de Olarte, Veracruz, es una oportunidad para conocer e intercambiar conocimiento ancestral, formas de pensamiento, cosmovisi\u00f3n y fortalecer los lazos de amistad entre diferentes culturas.<\/p><p>Guti\u00e9rrez asisti\u00f3 al encuentro con el Consejo de Abuelas y Abuelos, \u00f3rgano del gobierno tradicional del Centro de las Artes Ind\u00edgenas en el que compartieron experiencias sobre la cultura totonaca.<\/p><p>En nombre del gobernador Julio Menchaca agradeci\u00f3 la invitaci\u00f3n del director del Centro de las Artes Ind\u00edgenas, Humberto Garc\u00eda Garc\u00eda, y expuso el trabajo que se realiza en Hidalgo para la preservaci\u00f3n de las riquezas culturales y sociales de la poblaci\u00f3n originaria.<\/p>\t\t\t\t\t\t<\/div>\n\t\t\t\t<\/div>\n\t\t\t\t\t<\/div>\n\t\t<\/div>\n\t\t\t\t\t\t\t<\/div>\n\t\t<\/section>\n\t\t\t\t\t\t\t<\/div>\n\t\t","protected":false},"excerpt":{"rendered":"<p>Pachuca, Hgo, 24 de marzo 2023.- El titular de la\u00a0Comisi\u00f3n Estatal para el Desarrollo Sostenible de los Pueblos Ind\u00edgenas\u00a0(CEDSPI), Prisco Manuel Guti\u00e9rrez, \u00a0se\u00f1al\u00f3 que en el encuentro cultural que ofrece el festival Cumbre Taj\u00edn 2023 en el municipio de Papantla de Olarte, Veracruz, es una oportunidad para conocer e intercambiar conocimiento ancestral, formas de pensamiento, [&hellip;]<\/p>\n","protected":false},"author":1,"featured_media":4994,"comment_status":"closed","ping_status":"closed","sticky":false,"template":"","format":"standard","meta":[],"categories":[4],"tags":[],"_links":{"self":[{"href":"https:\/\/www.diarionoti7.com.mx\/index.php?rest_route=\/wp\/v2\/posts\/4991"}],"collection":[{"href":"https:\/\/www.diarionoti7.com.mx\/index.php?rest_route=\/wp\/v2\/posts"}],"about":[{"href":"https:\/\/www.diarionoti7.com.mx\/index.php?rest_route=\/wp\/v2\/types\/post"}],"author":[{"embeddable":true,"href":"https:\/\/www.diarionoti7.com.mx\/index.php?rest_route=\/wp\/v2\/users\/1"}],"replies":[{"embeddable":true,"href":"https:\/\/www.diarionoti7.com.mx\/index.php?rest_route=%2Fwp%2Fv2%2Fcomments&post=4991"}],"version-history":[{"count":5,"href":"https:\/\/www.diarionoti7.com.mx\/index.php?rest_route=\/wp\/v2\/posts\/4991\/revisions"}],"predecessor-version":[{"id":4997,"href":"https:\/\/www.diarionoti7.com.mx\/index.php?rest_route=\/wp\/v2\/posts\/4991\/revisions\/4997"}],"wp:featuredmedia":[{"embeddable":true,"href":"https:\/\/www.diarionoti7.com.mx\/index.php?rest_route=\/wp\/v2\/media\/4994"}],"wp:attachment":[{"href":"https:\/\/www.diarionoti7.com.mx\/index.php?rest_route=%2Fwp%2Fv2%2Fmedia&parent=4991"}],"wp:term":[{"taxonomy":"category","embeddable":true,"href":"https:\/\/www.diarionoti7.com.mx\/index.php?rest_route=%2Fwp%2Fv2%2Fcategories&post=4991"},{"taxonomy":"post_tag","embeddable":true,"href":"https:\/\/www.diarionoti7.com.mx\/index.php?rest_route=%2Fwp%2Fv2%2Ftags&post=4991"}],"curies":[{"name":"wp","href":"https:\/\/api.w.org\/{rel}","templated":true}]}}