{"id":4990,"date":"2023-03-25T19:40:44","date_gmt":"2023-03-25T19:40:44","guid":{"rendered":"https:\/\/www.diarionoti7.com.mx\/?p=4990"},"modified":"2023-03-25T19:42:52","modified_gmt":"2023-03-25T19:42:52","slug":"entregaron-un-reconocimiento-a-la-banda-sinfonica-del-estado-de-hidalgo-por-122-anos-al-servicio-de-la-poblacion-hidalguense","status":"publish","type":"post","link":"https:\/\/www.diarionoti7.com.mx\/?p=4990","title":{"rendered":"Entregaron un Reconocimiento a la Banda Sinf\u00f3nica del Estado de Hidalgo Por 122 A\u00f1os al Servicio de la Poblaci\u00f3n Hidalguense."},"content":{"rendered":"\t\t<div data-elementor-type=\"wp-post\" data-elementor-id=\"4990\" class=\"elementor elementor-4990\">\n\t\t\t\t\t\t\t\t\t<section class=\"elementor-section elementor-top-section elementor-element elementor-element-51c23a4c elementor-section-boxed elementor-section-height-default elementor-section-height-default\" data-id=\"51c23a4c\" data-element_type=\"section\">\n\t\t\t\t\t\t<div class=\"elementor-container elementor-column-gap-default\">\n\t\t\t\t\t<div class=\"elementor-column elementor-col-100 elementor-top-column elementor-element elementor-element-7d2e0b6e\" data-id=\"7d2e0b6e\" data-element_type=\"column\">\n\t\t\t<div class=\"elementor-widget-wrap elementor-element-populated\">\n\t\t\t\t\t\t\t\t<div class=\"elementor-element elementor-element-2f2290cd elementor-widget elementor-widget-text-editor\" data-id=\"2f2290cd\" data-element_type=\"widget\" data-widget_type=\"text-editor.default\">\n\t\t\t\t<div class=\"elementor-widget-container\">\n\t\t\t<style>\/*! elementor - v3.10.2 - 29-01-2023 *\/\n.elementor-widget-text-editor.elementor-drop-cap-view-stacked .elementor-drop-cap{background-color:#818a91;color:#fff}.elementor-widget-text-editor.elementor-drop-cap-view-framed .elementor-drop-cap{color:#818a91;border:3px solid;background-color:transparent}.elementor-widget-text-editor:not(.elementor-drop-cap-view-default) .elementor-drop-cap{margin-top:8px}.elementor-widget-text-editor:not(.elementor-drop-cap-view-default) .elementor-drop-cap-letter{width:1em;height:1em}.elementor-widget-text-editor .elementor-drop-cap{float:left;text-align:center;line-height:1;font-size:50px}.elementor-widget-text-editor .elementor-drop-cap-letter{display:inline-block}<\/style>\t\t\t\t<p><strong>\u00a0*En el Concierto de Aniversario se estren\u00f3 por primera vez en Hidalgo la pieza <em>Expedici\u00f3n<\/em>, del espa\u00f1ol \u00d3scar Navarro<\/strong><\/p><p><strong>Pachuca, Hgo 24 de marzo 2023.-<\/strong> La Secretar\u00eda de\u00a0 Cultura, a cargo de Tania Er\u00e9ndira Meza Escorza, a trav\u00e9s del Consejo Estatal para la Cultura y las Artes de Hidalgo (Cecultah), y Edda Vite Ramos, presidenta del Sistema DIF Hidalgo, entregaron un reconocimiento a la Banda Sinf\u00f3nica del Estado de Hidalgo por 122 a\u00f1os al servicio de la poblaci\u00f3n hidalguense.<\/p><p>En el concierto de gala, realizado en el Teatro de la Ciudad San Francisco, tambi\u00e9n reconocieron la trayectoria de Humberto Miranda Gasca, por 38 a\u00f1os de trabajo, que lo convierten en el integrante m\u00e1s antiguo de la agrupaci\u00f3n.<\/p><p>H\u00e9ctor Javier Reyes Bonilla, director de la organizaci\u00f3n musical, mencion\u00f3 que la Banda no solamente es la columna vertebral del movimiento sinf\u00f3nico en Hidalgo, sino tambi\u00e9n brinda una perspectiva de integraci\u00f3n a las y los m\u00fasicos para que encuentren un lugar donde ejercer su talento y no emigrar.<\/p><p>\u201cNos remonta a las ra\u00edces de lo que somos y al mismo tiempo nos conecta con las generaciones nuevas que deben acercarse a la m\u00fasica de concierto, para m\u00ed es maravilloso dirigirla, me han motivado sus colores y recursos. Agradecemos al p\u00fablico que sigue a la Banda, que se est\u00e1 transformando, cada director ha puesto su parte y ha enriquecido el trabajo; ahora pretendemos renovar el repertorio\u201d, mencion\u00f3 Reyes Bonilla en entrevista.<\/p><p>En ese sentido, Dalila Corona Lazcano, una de las siete mujeres integrantes de la Banda, destac\u00f3 que la agrupaci\u00f3n le brind\u00f3 la oportunidad de desarrollarse en la m\u00fasica, \u201cquiero decirles a otras mujeres que hagamos nuestro trabajo en la m\u00fasica lo mejor posible para demostrar que tambi\u00e9n podemos ser parte de la historia de agrupaciones como \u00e9sta\u201d.<\/p><p>Asimismo, en el Concierto de Aniversario, el p\u00fablico fue sorprendido con dos piezas musicales que se estrenaron por primera vez en Hidalgo, H\u00e9ctor Javier Reyes coment\u00f3 que se trat\u00f3 de <em>Expedici\u00f3n<\/em>, del espa\u00f1ol \u00d3scar Navarro y <em>Pavana para una infanta difunta<\/em>, de Maurice Ravel, en su versi\u00f3n para banda.<\/p><p>El programa tambi\u00e9n incluy\u00f3 la <em>Obertura Festiva<\/em>, del compositor Dimitri Shostakovitch; <em>Suite de canciones inglesas<\/em>, de Ralph V. Williams; <em>Los Preludios<\/em>, de Franz Liszt y <em>La urraca ladrona<\/em>, de Gioachino\u00a0Rossini.<\/p><p>La Banda Sinf\u00f3nica del Estado de Hidalgo fue creada en 1901 bajo el nombre de Banda de Rurales; su primer director fue el m\u00fasico zacatecano Candelario Rivas, pero destaca tambi\u00e9n la batuta de Leonardo Dom\u00ednguez, quien fue el primer hidalguense en ocupar la direcci\u00f3n de esta importante agrupaci\u00f3n musical.<\/p><p>En 122 a\u00f1os, ha estado a cargo de Aurelio Azures, Francisco \u00c1vila, Juan Francisco D\u00e1vila, Antonio Rivas Calero, Pedro L\u00f3pez Mayorga, Jos\u00e9 Guadalupe Ramos, Manuel Rosas, Arturo Campero, Luis G. Espa\u00f1a, Leonardo Dom\u00ednguez, Gonzalo Dom\u00ednguez, Enrique L\u00f3pez Estrada, Marco Antonio Orozco Hern\u00e1ndez y actualmente, H\u00e9ctor Javier Reyes Bonilla, que a trav\u00e9s de su historia han consolidado a la Banda Sinf\u00f3nica como pieza fundamental en la vida cultural de la poblaci\u00f3n hidalguense<\/p>\t\t\t\t\t\t<\/div>\n\t\t\t\t<\/div>\n\t\t\t\t\t<\/div>\n\t\t<\/div>\n\t\t\t\t\t\t\t<\/div>\n\t\t<\/section>\n\t\t\t\t\t\t\t<\/div>\n\t\t","protected":false},"excerpt":{"rendered":"<p>\u00a0*En el Concierto de Aniversario se estren\u00f3 por primera vez en Hidalgo la pieza Expedici\u00f3n, del espa\u00f1ol \u00d3scar Navarro Pachuca, Hgo 24 de marzo 2023.- La Secretar\u00eda de\u00a0 Cultura, a cargo de Tania Er\u00e9ndira Meza Escorza, a trav\u00e9s del Consejo Estatal para la Cultura y las Artes de Hidalgo (Cecultah), y Edda Vite Ramos, presidenta [&hellip;]<\/p>\n","protected":false},"author":1,"featured_media":4999,"comment_status":"closed","ping_status":"closed","sticky":false,"template":"","format":"standard","meta":[],"categories":[4],"tags":[],"_links":{"self":[{"href":"https:\/\/www.diarionoti7.com.mx\/index.php?rest_route=\/wp\/v2\/posts\/4990"}],"collection":[{"href":"https:\/\/www.diarionoti7.com.mx\/index.php?rest_route=\/wp\/v2\/posts"}],"about":[{"href":"https:\/\/www.diarionoti7.com.mx\/index.php?rest_route=\/wp\/v2\/types\/post"}],"author":[{"embeddable":true,"href":"https:\/\/www.diarionoti7.com.mx\/index.php?rest_route=\/wp\/v2\/users\/1"}],"replies":[{"embeddable":true,"href":"https:\/\/www.diarionoti7.com.mx\/index.php?rest_route=%2Fwp%2Fv2%2Fcomments&post=4990"}],"version-history":[{"count":4,"href":"https:\/\/www.diarionoti7.com.mx\/index.php?rest_route=\/wp\/v2\/posts\/4990\/revisions"}],"predecessor-version":[{"id":5002,"href":"https:\/\/www.diarionoti7.com.mx\/index.php?rest_route=\/wp\/v2\/posts\/4990\/revisions\/5002"}],"wp:featuredmedia":[{"embeddable":true,"href":"https:\/\/www.diarionoti7.com.mx\/index.php?rest_route=\/wp\/v2\/media\/4999"}],"wp:attachment":[{"href":"https:\/\/www.diarionoti7.com.mx\/index.php?rest_route=%2Fwp%2Fv2%2Fmedia&parent=4990"}],"wp:term":[{"taxonomy":"category","embeddable":true,"href":"https:\/\/www.diarionoti7.com.mx\/index.php?rest_route=%2Fwp%2Fv2%2Fcategories&post=4990"},{"taxonomy":"post_tag","embeddable":true,"href":"https:\/\/www.diarionoti7.com.mx\/index.php?rest_route=%2Fwp%2Fv2%2Ftags&post=4990"}],"curies":[{"name":"wp","href":"https:\/\/api.w.org\/{rel}","templated":true}]}}