{"id":49839,"date":"2024-07-17T10:41:01","date_gmt":"2024-07-17T10:41:01","guid":{"rendered":"https:\/\/www.diarionoti7.com.mx\/?p=49839"},"modified":"2024-07-17T18:51:04","modified_gmt":"2024-07-17T18:51:04","slug":"titular-del-ihe-encabezo-la-ceremonia-de-fin-del-ciclo-escolar-2023-2024","status":"publish","type":"post","link":"https:\/\/www.diarionoti7.com.mx\/?p=49839","title":{"rendered":"Titular del IHE Encabez\u00f3 la Ceremonia de Fin del Ciclo Escolar 2023-2024"},"content":{"rendered":"\t\t<div data-elementor-type=\"wp-post\" data-elementor-id=\"49839\" class=\"elementor elementor-49839\">\n\t\t\t\t\t\t\t\t\t<section class=\"elementor-section elementor-top-section elementor-element elementor-element-c09b8f0 elementor-section-boxed elementor-section-height-default elementor-section-height-default\" data-id=\"c09b8f0\" data-element_type=\"section\">\n\t\t\t\t\t\t<div class=\"elementor-container elementor-column-gap-default\">\n\t\t\t\t\t<div class=\"elementor-column elementor-col-100 elementor-top-column elementor-element elementor-element-955a561\" data-id=\"955a561\" data-element_type=\"column\">\n\t\t\t<div class=\"elementor-widget-wrap elementor-element-populated\">\n\t\t\t\t\t\t\t\t<div class=\"elementor-element elementor-element-0ce869c elementor-widget elementor-widget-text-editor\" data-id=\"0ce869c\" data-element_type=\"widget\" data-widget_type=\"text-editor.default\">\n\t\t\t\t<div class=\"elementor-widget-container\">\n\t\t\t<style>\/*! elementor - v3.10.2 - 29-01-2023 *\/\n.elementor-widget-text-editor.elementor-drop-cap-view-stacked .elementor-drop-cap{background-color:#818a91;color:#fff}.elementor-widget-text-editor.elementor-drop-cap-view-framed .elementor-drop-cap{color:#818a91;border:3px solid;background-color:transparent}.elementor-widget-text-editor:not(.elementor-drop-cap-view-default) .elementor-drop-cap{margin-top:8px}.elementor-widget-text-editor:not(.elementor-drop-cap-view-default) .elementor-drop-cap-letter{width:1em;height:1em}.elementor-widget-text-editor .elementor-drop-cap{float:left;text-align:center;line-height:1;font-size:50px}.elementor-widget-text-editor .elementor-drop-cap-letter{display:inline-block}<\/style>\t\t\t\t<p><strong>Pachuca, Hgo., 16 de julio de 2024.-<\/strong>En el ciclo escolar que culmina, se trabaj\u00f3 en la consolidaci\u00f3n del modelo de la Nueva Escuela Mexicana, con un enfoque humanista, cr\u00edtico y comunitario, colocando a las y los estudiantes en el centro de nuestros esfuerzos, afirm\u00f3 el titular del Instituto Hidalguense de Educaci\u00f3n (IHE), Natividad Castrej\u00f3n Valdez, al clausurar el ciclo escolar 2023-2024.<\/p><p>En Hidalgo, un total de 45 mil 108 alumnos de preescolar, 57 mil 410 de primaria y 54 mil 741 de secundaria, concluyeron satisfactoriamente sus estudios.<\/p><p>El titular de la dependencia, encabez\u00f3 la ceremonia oficial de fin de clases del Ciclo Escolar 2023-2024, en la Escuela Primaria \u201cProfr. Ram\u00f3n G. Bonfil\u201d, ubicada en Pachuca, y expres\u00f3 que, en este ciclo escolar que concluye, se realizaron una serie de acciones en beneficio de ni\u00f1as, ni\u00f1os y docentes, todas ellas, cumpliendo el compromiso del gobernador del estado, Julio Menchaca Salazar, de implementar programas y desarrollar estrategias para que las escuelas realicen su labor fundamental de educar integralmente.<\/p><p>El encargado de la pol\u00edtica educativa en la entidad invit\u00f3 a las y los alumnos, docentes, padres de familia y todos los involucrados con el sector educativo a seguir adelante, aunque ya haya concluido el ciclo escolar. Los exhort\u00f3 a renovar fuerzas, convicci\u00f3n, pasi\u00f3n y emoci\u00f3n, para seguir ofreciendo una educaci\u00f3n de excelencia que tanto se quiere para Hidalgo.<\/p><p>En su oportunidad, el secretario general de la Secci\u00f3n 15 del Sindicato Nacional de Trabajadores de la Educaci\u00f3n (SNTE) en Hidalgo, Said Vargas S\u00e1enz, reconoci\u00f3 a quienes con impecable profesionalismo talento y vocaci\u00f3n, han dedicado su tiempo y su esfuerzo a la formaci\u00f3n de ni\u00f1as, ni\u00f1os, adolescentes y j\u00f3venes.<\/p><p>\u201cLa generaci\u00f3n de estudiantes que el sistema educativo entrega de este ciclo escolar lleva grabado los nombres de los m\u00e1s de 48 mil trabajadores de la educaci\u00f3n que han puesto todo su esfuerzo por cumplir el objetivo de educar\u201d, a\u00f1adi\u00f3.<\/p><p>El l\u00edder sindical explic\u00f3 qu\u00e9 no ser\u00eda posible concretar el acto educativo sin la participaci\u00f3n del magisterio, dijo que \u00e9ste es y seguir\u00e1 siendo la piedra angular de la sociedad, porque no hay reforma o transformaci\u00f3n posible sin su participaci\u00f3n, pues las y los maestros hacen realidad las ideas y los proyectos de la pol\u00edtica educativa, ya que son transformadores por excelencia.<\/p><p>En el evento estuvo presente el titular de la Oficina de Enlace Educativo en el Estado de Hidalgo, Jes\u00fas L\u00f3pez Serrano; las subsecretarias de Educaci\u00f3n B\u00e1sica, Myrlen Salas Dorantes, de Planeaci\u00f3n y Evaluaci\u00f3n, X\u00f3chitl Beatriz Garc\u00eda Curiel, de Administraci\u00f3n y Finanzas, Maricarmen Margarita Mandujano Cerrilla; el subsecretario de Educaci\u00f3n Media Superior Y Superior, Daniel Fragoso Torres, as\u00ed como la directora general de Educaci\u00f3n B\u00e1sica, Nancy Adriana Le\u00f3n Vite.<\/p><p>Tambi\u00e9n asisti\u00f3 el representante del Comit\u00e9 Ejecutivo Nacional del SNTE en Hidalgo, Jes\u00fas Jaime Roch\u00edn Carrillo; la directora de la primaria \u201cProfr. Ram\u00f3n G. Bonfil\u201d, Mar\u00eda Olanda Vel\u00e1zquez Cer\u00f3n, entre otros miembros de la comunidad educativa en la entidad.<\/p>\t\t\t\t\t\t<\/div>\n\t\t\t\t<\/div>\n\t\t\t\t\t<\/div>\n\t\t<\/div>\n\t\t\t\t\t\t\t<\/div>\n\t\t<\/section>\n\t\t\t\t\t\t\t<\/div>\n\t\t","protected":false},"excerpt":{"rendered":"<p>Pachuca, Hgo., 16 de julio de 2024.-En el ciclo escolar que culmina, se trabaj\u00f3 en la consolidaci\u00f3n del modelo de la Nueva Escuela Mexicana, con un enfoque humanista, cr\u00edtico y comunitario, colocando a las y los estudiantes en el centro de nuestros esfuerzos, afirm\u00f3 el titular del Instituto Hidalguense de Educaci\u00f3n (IHE), Natividad Castrej\u00f3n Valdez, [&hellip;]<\/p>\n","protected":false},"author":1,"featured_media":49841,"comment_status":"closed","ping_status":"closed","sticky":false,"template":"","format":"standard","meta":[],"categories":[4],"tags":[],"_links":{"self":[{"href":"https:\/\/www.diarionoti7.com.mx\/index.php?rest_route=\/wp\/v2\/posts\/49839"}],"collection":[{"href":"https:\/\/www.diarionoti7.com.mx\/index.php?rest_route=\/wp\/v2\/posts"}],"about":[{"href":"https:\/\/www.diarionoti7.com.mx\/index.php?rest_route=\/wp\/v2\/types\/post"}],"author":[{"embeddable":true,"href":"https:\/\/www.diarionoti7.com.mx\/index.php?rest_route=\/wp\/v2\/users\/1"}],"replies":[{"embeddable":true,"href":"https:\/\/www.diarionoti7.com.mx\/index.php?rest_route=%2Fwp%2Fv2%2Fcomments&post=49839"}],"version-history":[{"count":4,"href":"https:\/\/www.diarionoti7.com.mx\/index.php?rest_route=\/wp\/v2\/posts\/49839\/revisions"}],"predecessor-version":[{"id":49844,"href":"https:\/\/www.diarionoti7.com.mx\/index.php?rest_route=\/wp\/v2\/posts\/49839\/revisions\/49844"}],"wp:featuredmedia":[{"embeddable":true,"href":"https:\/\/www.diarionoti7.com.mx\/index.php?rest_route=\/wp\/v2\/media\/49841"}],"wp:attachment":[{"href":"https:\/\/www.diarionoti7.com.mx\/index.php?rest_route=%2Fwp%2Fv2%2Fmedia&parent=49839"}],"wp:term":[{"taxonomy":"category","embeddable":true,"href":"https:\/\/www.diarionoti7.com.mx\/index.php?rest_route=%2Fwp%2Fv2%2Fcategories&post=49839"},{"taxonomy":"post_tag","embeddable":true,"href":"https:\/\/www.diarionoti7.com.mx\/index.php?rest_route=%2Fwp%2Fv2%2Ftags&post=49839"}],"curies":[{"name":"wp","href":"https:\/\/api.w.org\/{rel}","templated":true}]}}