{"id":49822,"date":"2024-07-17T10:38:42","date_gmt":"2024-07-17T10:38:42","guid":{"rendered":"https:\/\/www.diarionoti7.com.mx\/?p=49822"},"modified":"2024-07-17T18:46:05","modified_gmt":"2024-07-17T18:46:05","slug":"mejores-condiciones-de-vida-para-madres-de-familia-de-atotonilco-de-tula","status":"publish","type":"post","link":"https:\/\/www.diarionoti7.com.mx\/?p=49822","title":{"rendered":"Mejores Condiciones de Vida Para Madres de Familia de Atotonilco de Tula"},"content":{"rendered":"\t\t<div data-elementor-type=\"wp-post\" data-elementor-id=\"49822\" class=\"elementor elementor-49822\">\n\t\t\t\t\t\t\t\t\t<section class=\"elementor-section elementor-top-section elementor-element elementor-element-c09b8f0 elementor-section-boxed elementor-section-height-default elementor-section-height-default\" data-id=\"c09b8f0\" data-element_type=\"section\">\n\t\t\t\t\t\t<div class=\"elementor-container elementor-column-gap-default\">\n\t\t\t\t\t<div class=\"elementor-column elementor-col-100 elementor-top-column elementor-element elementor-element-955a561\" data-id=\"955a561\" data-element_type=\"column\">\n\t\t\t<div class=\"elementor-widget-wrap elementor-element-populated\">\n\t\t\t\t\t\t\t\t<div class=\"elementor-element elementor-element-0ce869c elementor-widget elementor-widget-text-editor\" data-id=\"0ce869c\" data-element_type=\"widget\" data-widget_type=\"text-editor.default\">\n\t\t\t\t<div class=\"elementor-widget-container\">\n\t\t\t<style>\/*! elementor - v3.10.2 - 29-01-2023 *\/\n.elementor-widget-text-editor.elementor-drop-cap-view-stacked .elementor-drop-cap{background-color:#818a91;color:#fff}.elementor-widget-text-editor.elementor-drop-cap-view-framed .elementor-drop-cap{color:#818a91;border:3px solid;background-color:transparent}.elementor-widget-text-editor:not(.elementor-drop-cap-view-default) .elementor-drop-cap{margin-top:8px}.elementor-widget-text-editor:not(.elementor-drop-cap-view-default) .elementor-drop-cap-letter{width:1em;height:1em}.elementor-widget-text-editor .elementor-drop-cap{float:left;text-align:center;line-height:1;font-size:50px}.elementor-widget-text-editor .elementor-drop-cap-letter{display:inline-block}<\/style>\t\t\t\t<p><strong>Pachuca, Hgo., 16 de julio de 2024.-<\/strong>El gobernador de Hidalgo, Julio Menchaca Salazar, asisti\u00f3 al municipio de Atotonilco de Tula como parte de la gira de Rutas de la Transformaci\u00f3n-Gobierno en movimiento.<\/p><p>\u201cEsa comunicaci\u00f3n que durante mucho tiempo no se vio, pero que hoy es una obligaci\u00f3n para el ejercicio de gobernar y estar inform\u00e1ndoles directamente de qu\u00e9 es lo que se est\u00e1 haciendo en cada comunidad\u201d, manifest\u00f3 el mandatario.<\/p><p>Durante el evento, se realiz\u00f3 la entrega de tarjetas para el Bienestar y Desarrollo, una de las beneficiarias fue la se\u00f1ora Amalia Santana Maya, originaria de la localidad de Vito.<\/p><p>Ella trabaja como comerciante en varias comunidades de su regi\u00f3n, tiene cuatro hijos y, relat\u00f3 que con el apoyo otorgado podr\u00e1 comprar tabic\u00f3n: \u201cLo recibo con mucho gusto porque no tengo casa y lo quiero para empezar a construir\u201d.<\/p><p>Asimismo, destac\u00f3 que esta administraci\u00f3n le ha parecido fenomenal, pues ha visto que muchas personas reciben apoyos, como los adultos mayores.<\/p><p>Otra de las beneficiarias que recibi\u00f3 tarjeta de Bienestar fue Raquel Cruz, de la comunidad de Zacamulpa, quien es ama de casa y madre de dos hijos: uno cursa estudios de primaria y el otro de secundaria.<\/p><p>Raquel explic\u00f3 que \u201cuna ayuda como madre de familia nunca est\u00e1 de m\u00e1s, y creo que esto nos beneficia o contribuye a mejorar nuestra econom\u00eda, nuestros ingresos en casa\u201d, se\u00f1al\u00f3.<\/p><p>De esta manera, el gobierno de Hidalgo contin\u00faa con la implementaci\u00f3n de acciones en beneficio de quienes m\u00e1s lo necesitan.<\/p>\t\t\t\t\t\t<\/div>\n\t\t\t\t<\/div>\n\t\t\t\t\t<\/div>\n\t\t<\/div>\n\t\t\t\t\t\t\t<\/div>\n\t\t<\/section>\n\t\t\t\t\t\t\t<\/div>\n\t\t","protected":false},"excerpt":{"rendered":"<p>Pachuca, Hgo., 16 de julio de 2024.-El gobernador de Hidalgo, Julio Menchaca Salazar, asisti\u00f3 al municipio de Atotonilco de Tula como parte de la gira de Rutas de la Transformaci\u00f3n-Gobierno en movimiento. \u201cEsa comunicaci\u00f3n que durante mucho tiempo no se vio, pero que hoy es una obligaci\u00f3n para el ejercicio de gobernar y estar inform\u00e1ndoles [&hellip;]<\/p>\n","protected":false},"author":1,"featured_media":49824,"comment_status":"closed","ping_status":"closed","sticky":false,"template":"","format":"standard","meta":[],"categories":[9],"tags":[],"_links":{"self":[{"href":"https:\/\/www.diarionoti7.com.mx\/index.php?rest_route=\/wp\/v2\/posts\/49822"}],"collection":[{"href":"https:\/\/www.diarionoti7.com.mx\/index.php?rest_route=\/wp\/v2\/posts"}],"about":[{"href":"https:\/\/www.diarionoti7.com.mx\/index.php?rest_route=\/wp\/v2\/types\/post"}],"author":[{"embeddable":true,"href":"https:\/\/www.diarionoti7.com.mx\/index.php?rest_route=\/wp\/v2\/users\/1"}],"replies":[{"embeddable":true,"href":"https:\/\/www.diarionoti7.com.mx\/index.php?rest_route=%2Fwp%2Fv2%2Fcomments&post=49822"}],"version-history":[{"count":4,"href":"https:\/\/www.diarionoti7.com.mx\/index.php?rest_route=\/wp\/v2\/posts\/49822\/revisions"}],"predecessor-version":[{"id":49827,"href":"https:\/\/www.diarionoti7.com.mx\/index.php?rest_route=\/wp\/v2\/posts\/49822\/revisions\/49827"}],"wp:featuredmedia":[{"embeddable":true,"href":"https:\/\/www.diarionoti7.com.mx\/index.php?rest_route=\/wp\/v2\/media\/49824"}],"wp:attachment":[{"href":"https:\/\/www.diarionoti7.com.mx\/index.php?rest_route=%2Fwp%2Fv2%2Fmedia&parent=49822"}],"wp:term":[{"taxonomy":"category","embeddable":true,"href":"https:\/\/www.diarionoti7.com.mx\/index.php?rest_route=%2Fwp%2Fv2%2Fcategories&post=49822"},{"taxonomy":"post_tag","embeddable":true,"href":"https:\/\/www.diarionoti7.com.mx\/index.php?rest_route=%2Fwp%2Fv2%2Ftags&post=49822"}],"curies":[{"name":"wp","href":"https:\/\/api.w.org\/{rel}","templated":true}]}}