{"id":49816,"date":"2024-07-17T10:37:43","date_gmt":"2024-07-17T10:37:43","guid":{"rendered":"https:\/\/www.diarionoti7.com.mx\/?p=49816"},"modified":"2024-07-17T18:44:24","modified_gmt":"2024-07-17T18:44:24","slug":"agentes-de-movilidad-y-transporte-de-tulancingo-reciben-capacitacion-en-atencion-medica-prehospitalaria","status":"publish","type":"post","link":"https:\/\/www.diarionoti7.com.mx\/?p=49816","title":{"rendered":"Agentes de Movilidad y Transporte de Tulancingo Reciben Capacitaci\u00f3n en Atenci\u00f3n M\u00e9dica Prehospitalaria"},"content":{"rendered":"\t\t<div data-elementor-type=\"wp-post\" data-elementor-id=\"49816\" class=\"elementor elementor-49816\">\n\t\t\t\t\t\t\t\t\t<section class=\"elementor-section elementor-top-section elementor-element elementor-element-c09b8f0 elementor-section-boxed elementor-section-height-default elementor-section-height-default\" data-id=\"c09b8f0\" data-element_type=\"section\">\n\t\t\t\t\t\t<div class=\"elementor-container elementor-column-gap-default\">\n\t\t\t\t\t<div class=\"elementor-column elementor-col-100 elementor-top-column elementor-element elementor-element-955a561\" data-id=\"955a561\" data-element_type=\"column\">\n\t\t\t<div class=\"elementor-widget-wrap elementor-element-populated\">\n\t\t\t\t\t\t\t\t<div class=\"elementor-element elementor-element-0ce869c elementor-widget elementor-widget-text-editor\" data-id=\"0ce869c\" data-element_type=\"widget\" data-widget_type=\"text-editor.default\">\n\t\t\t\t<div class=\"elementor-widget-container\">\n\t\t\t<style>\/*! elementor - v3.10.2 - 29-01-2023 *\/\n.elementor-widget-text-editor.elementor-drop-cap-view-stacked .elementor-drop-cap{background-color:#818a91;color:#fff}.elementor-widget-text-editor.elementor-drop-cap-view-framed .elementor-drop-cap{color:#818a91;border:3px solid;background-color:transparent}.elementor-widget-text-editor:not(.elementor-drop-cap-view-default) .elementor-drop-cap{margin-top:8px}.elementor-widget-text-editor:not(.elementor-drop-cap-view-default) .elementor-drop-cap-letter{width:1em;height:1em}.elementor-widget-text-editor .elementor-drop-cap{float:left;text-align:center;line-height:1;font-size:50px}.elementor-widget-text-editor .elementor-drop-cap-letter{display:inline-block}<\/style>\t\t\t\t<p><strong>-Elementos de la Direcci\u00f3n de Bomberos, ofrecen la ense\u00f1anza que culminar\u00e1 este 17 de julio.<\/strong><\/p><p>Tulancingo, Hgo., 16 de julio de 2024.-En su car\u00e1cter de primeros respondientes, agentes de Movilidad y Transporte de Tulancingo reciben importante capacitaci\u00f3n que les permitir\u00e1 una intervenci\u00f3n oportuna y adecuada en caso de que deban proporcionar los primeros auxilios a una persona que presente alteraci\u00f3n en su estado de salud o en su integridad f\u00edsica.<\/p><p>La capacitaci\u00f3n que tuvo como sede al auditorio &#8220;Benito Ju\u00e1rez&#8221; de Presidencia Municipal, estuvo a cargo de elementos de Protecci\u00f3n Civil y consisti\u00f3 b\u00e1sicamente en proporcionar los procedimientos, habilidades y destrezas que les permitan salvar una vida, pues el factor tiempo es elemental.<\/p><p>Cabe mencionar que, atendiendo al compromiso de esta administraci\u00f3n de contar con corporaciones y organismos de auxilio preparados de manera integral, es como se programan cursos y talleres que permitan ofrecer el socorro vital que puede salvar vidas.<\/p><p>El presidente Eusebio Hern\u00e1ndez Apan, ha instruido que al interior de la administraci\u00f3n se genere el efecto multiplicador del conocimiento y de esta manera todas las \u00e1reas y dependencias sepan como maximizar \u00e1reas de oportunidad para que el m\u00e1s beneficiado sea el ciudadano, cuando requiera de un apoyo.<\/p><p>\u00a0Es de esta manera que se Avanza en preparar primeros respondientes para que tengan la capacidad de aplicar la acci\u00f3n de emergencia, hasta la llegada de profesionales con equipos especializados.<\/p><p>\u00a0En el caso de los agentes de Movilidad y Transporte, por su trabajo en campo, son punto de contacto frecuente y usualmente intervienen durante percances viales, personas atropelladas y hasta en labores de parto.<\/p><p>\u00a0El curso que culminar\u00e1 este 17 de julio est\u00e1 avalado por la secretar\u00eda de Salud.<\/p>\t\t\t\t\t\t<\/div>\n\t\t\t\t<\/div>\n\t\t\t\t\t<\/div>\n\t\t<\/div>\n\t\t\t\t\t\t\t<\/div>\n\t\t<\/section>\n\t\t\t\t\t\t\t<\/div>\n\t\t","protected":false},"excerpt":{"rendered":"<p>-Elementos de la Direcci\u00f3n de Bomberos, ofrecen la ense\u00f1anza que culminar\u00e1 este 17 de julio. Tulancingo, Hgo., 16 de julio de 2024.-En su car\u00e1cter de primeros respondientes, agentes de Movilidad y Transporte de Tulancingo reciben importante capacitaci\u00f3n que les permitir\u00e1 una intervenci\u00f3n oportuna y adecuada en caso de que deban proporcionar los primeros auxilios a [&hellip;]<\/p>\n","protected":false},"author":1,"featured_media":49818,"comment_status":"closed","ping_status":"closed","sticky":false,"template":"","format":"standard","meta":[],"categories":[9],"tags":[],"_links":{"self":[{"href":"https:\/\/www.diarionoti7.com.mx\/index.php?rest_route=\/wp\/v2\/posts\/49816"}],"collection":[{"href":"https:\/\/www.diarionoti7.com.mx\/index.php?rest_route=\/wp\/v2\/posts"}],"about":[{"href":"https:\/\/www.diarionoti7.com.mx\/index.php?rest_route=\/wp\/v2\/types\/post"}],"author":[{"embeddable":true,"href":"https:\/\/www.diarionoti7.com.mx\/index.php?rest_route=\/wp\/v2\/users\/1"}],"replies":[{"embeddable":true,"href":"https:\/\/www.diarionoti7.com.mx\/index.php?rest_route=%2Fwp%2Fv2%2Fcomments&post=49816"}],"version-history":[{"count":4,"href":"https:\/\/www.diarionoti7.com.mx\/index.php?rest_route=\/wp\/v2\/posts\/49816\/revisions"}],"predecessor-version":[{"id":49821,"href":"https:\/\/www.diarionoti7.com.mx\/index.php?rest_route=\/wp\/v2\/posts\/49816\/revisions\/49821"}],"wp:featuredmedia":[{"embeddable":true,"href":"https:\/\/www.diarionoti7.com.mx\/index.php?rest_route=\/wp\/v2\/media\/49818"}],"wp:attachment":[{"href":"https:\/\/www.diarionoti7.com.mx\/index.php?rest_route=%2Fwp%2Fv2%2Fmedia&parent=49816"}],"wp:term":[{"taxonomy":"category","embeddable":true,"href":"https:\/\/www.diarionoti7.com.mx\/index.php?rest_route=%2Fwp%2Fv2%2Fcategories&post=49816"},{"taxonomy":"post_tag","embeddable":true,"href":"https:\/\/www.diarionoti7.com.mx\/index.php?rest_route=%2Fwp%2Fv2%2Ftags&post=49816"}],"curies":[{"name":"wp","href":"https:\/\/api.w.org\/{rel}","templated":true}]}}