{"id":49810,"date":"2024-07-17T10:37:32","date_gmt":"2024-07-17T10:37:32","guid":{"rendered":"https:\/\/www.diarionoti7.com.mx\/?p=49810"},"modified":"2024-07-17T18:41:39","modified_gmt":"2024-07-17T18:41:39","slug":"hasta-11-vehiculos-involucrados-en-el-fuerte-accidente-en-la-bajada-de-san-jose","status":"publish","type":"post","link":"https:\/\/www.diarionoti7.com.mx\/?p=49810","title":{"rendered":"Hasta 11 veh\u00edculos involucrados en el fuerte accidente en la bajada de San Jos\u00e9"},"content":{"rendered":"\t\t<div data-elementor-type=\"wp-post\" data-elementor-id=\"49810\" class=\"elementor elementor-49810\">\n\t\t\t\t\t\t\t\t\t<section class=\"elementor-section elementor-top-section elementor-element elementor-element-c09b8f0 elementor-section-boxed elementor-section-height-default elementor-section-height-default\" data-id=\"c09b8f0\" data-element_type=\"section\">\n\t\t\t\t\t\t<div class=\"elementor-container elementor-column-gap-default\">\n\t\t\t\t\t<div class=\"elementor-column elementor-col-100 elementor-top-column elementor-element elementor-element-955a561\" data-id=\"955a561\" data-element_type=\"column\">\n\t\t\t<div class=\"elementor-widget-wrap elementor-element-populated\">\n\t\t\t\t\t\t\t\t<div class=\"elementor-element elementor-element-0ce869c elementor-widget elementor-widget-text-editor\" data-id=\"0ce869c\" data-element_type=\"widget\" data-widget_type=\"text-editor.default\">\n\t\t\t\t<div class=\"elementor-widget-container\">\n\t\t\t<style>\/*! elementor - v3.10.2 - 29-01-2023 *\/\n.elementor-widget-text-editor.elementor-drop-cap-view-stacked .elementor-drop-cap{background-color:#818a91;color:#fff}.elementor-widget-text-editor.elementor-drop-cap-view-framed .elementor-drop-cap{color:#818a91;border:3px solid;background-color:transparent}.elementor-widget-text-editor:not(.elementor-drop-cap-view-default) .elementor-drop-cap{margin-top:8px}.elementor-widget-text-editor:not(.elementor-drop-cap-view-default) .elementor-drop-cap-letter{width:1em;height:1em}.elementor-widget-text-editor .elementor-drop-cap{float:left;text-align:center;line-height:1;font-size:50px}.elementor-widget-text-editor .elementor-drop-cap-letter{display:inline-block}<\/style>\t\t\t\t<p><strong>Tulancingo, Hgo; 16 de julio 2024.- <\/strong>No hay circulaci\u00f3n por la carretera federal\u00a0M\u00e9xico-Tuxpan\u00a0en ambos sentidos a la altura de la\u00a0Bajada de San Jos\u00e9 en Tulancingo,\u00a0luego de un accidente m\u00faltiple que se\u00a0registr\u00f3 la tarde de este martes 16 de julio.<\/p><p>Hasta 11 veh\u00edculos involucrados en el fuerte accidente han informado al corte de la nota. Rafael Guerrero, titular de Seguridad P\u00fablica municipal, se\u00f1ala que van 13 personas que se trasladan a hospitales, no hubo ning\u00fan deceso.<\/p><p>Adem\u00e1s de\u00a0al menos cinco veh\u00edculos tipo sed\u00e1n, hay dos\u00a0unidades del transporte p\u00fablico involucradas. Voluntarios y corporaciones de emergencia, entre ellas la\u00a0Guardia Nacional, Protecci\u00f3n Civil de Tulancingo, as\u00ed como la\u00a0polic\u00eda estatal y municipal,\u00a0realizan labores en el sitio.<\/p><p>Es imperativo el uso de v\u00edas alternas si circula con direcci\u00f3n a\u00a0Pachuca, Ciudad de M\u00e9xico; as\u00ed como en sentido Tuxpan-Tulancingo.<\/p><p>\u00a0<\/p>\t\t\t\t\t\t<\/div>\n\t\t\t\t<\/div>\n\t\t\t\t\t<\/div>\n\t\t<\/div>\n\t\t\t\t\t\t\t<\/div>\n\t\t<\/section>\n\t\t\t\t\t\t\t<\/div>\n\t\t","protected":false},"excerpt":{"rendered":"<p>Tulancingo, Hgo; 16 de julio 2024.- No hay circulaci\u00f3n por la carretera federal\u00a0M\u00e9xico-Tuxpan\u00a0en ambos sentidos a la altura de la\u00a0Bajada de San Jos\u00e9 en Tulancingo,\u00a0luego de un accidente m\u00faltiple que se\u00a0registr\u00f3 la tarde de este martes 16 de julio. Hasta 11 veh\u00edculos involucrados en el fuerte accidente han informado al corte de la nota. Rafael [&hellip;]<\/p>\n","protected":false},"author":1,"featured_media":49812,"comment_status":"closed","ping_status":"closed","sticky":false,"template":"","format":"standard","meta":[],"categories":[22],"tags":[],"_links":{"self":[{"href":"https:\/\/www.diarionoti7.com.mx\/index.php?rest_route=\/wp\/v2\/posts\/49810"}],"collection":[{"href":"https:\/\/www.diarionoti7.com.mx\/index.php?rest_route=\/wp\/v2\/posts"}],"about":[{"href":"https:\/\/www.diarionoti7.com.mx\/index.php?rest_route=\/wp\/v2\/types\/post"}],"author":[{"embeddable":true,"href":"https:\/\/www.diarionoti7.com.mx\/index.php?rest_route=\/wp\/v2\/users\/1"}],"replies":[{"embeddable":true,"href":"https:\/\/www.diarionoti7.com.mx\/index.php?rest_route=%2Fwp%2Fv2%2Fcomments&post=49810"}],"version-history":[{"count":4,"href":"https:\/\/www.diarionoti7.com.mx\/index.php?rest_route=\/wp\/v2\/posts\/49810\/revisions"}],"predecessor-version":[{"id":49815,"href":"https:\/\/www.diarionoti7.com.mx\/index.php?rest_route=\/wp\/v2\/posts\/49810\/revisions\/49815"}],"wp:featuredmedia":[{"embeddable":true,"href":"https:\/\/www.diarionoti7.com.mx\/index.php?rest_route=\/wp\/v2\/media\/49812"}],"wp:attachment":[{"href":"https:\/\/www.diarionoti7.com.mx\/index.php?rest_route=%2Fwp%2Fv2%2Fmedia&parent=49810"}],"wp:term":[{"taxonomy":"category","embeddable":true,"href":"https:\/\/www.diarionoti7.com.mx\/index.php?rest_route=%2Fwp%2Fv2%2Fcategories&post=49810"},{"taxonomy":"post_tag","embeddable":true,"href":"https:\/\/www.diarionoti7.com.mx\/index.php?rest_route=%2Fwp%2Fv2%2Ftags&post=49810"}],"curies":[{"name":"wp","href":"https:\/\/api.w.org\/{rel}","templated":true}]}}