{"id":4960,"date":"2023-03-25T16:50:56","date_gmt":"2023-03-25T16:50:56","guid":{"rendered":"https:\/\/www.diarionoti7.com.mx\/?p=4960"},"modified":"2023-03-25T16:52:20","modified_gmt":"2023-03-25T16:52:20","slug":"secretaria-de-contraloria-y-observatorio-ciudadano-realizan-mesa-de-dialogo-2","status":"publish","type":"post","link":"https:\/\/www.diarionoti7.com.mx\/?p=4960","title":{"rendered":"Secretar\u00eda de Contralor\u00eda y Observatorio Ciudadano Realizan Mesa de Di\u00e1logo"},"content":{"rendered":"\t\t<div data-elementor-type=\"wp-post\" data-elementor-id=\"4960\" class=\"elementor elementor-4960\">\n\t\t\t\t\t\t\t\t\t<section class=\"elementor-section elementor-top-section elementor-element elementor-element-51c23a4c elementor-section-boxed elementor-section-height-default elementor-section-height-default\" data-id=\"51c23a4c\" data-element_type=\"section\">\n\t\t\t\t\t\t<div class=\"elementor-container elementor-column-gap-default\">\n\t\t\t\t\t<div class=\"elementor-column elementor-col-100 elementor-top-column elementor-element elementor-element-7d2e0b6e\" data-id=\"7d2e0b6e\" data-element_type=\"column\">\n\t\t\t<div class=\"elementor-widget-wrap elementor-element-populated\">\n\t\t\t\t\t\t\t\t<div class=\"elementor-element elementor-element-2f2290cd elementor-widget elementor-widget-text-editor\" data-id=\"2f2290cd\" data-element_type=\"widget\" data-widget_type=\"text-editor.default\">\n\t\t\t\t<div class=\"elementor-widget-container\">\n\t\t\t<style>\/*! elementor - v3.10.2 - 29-01-2023 *\/\n.elementor-widget-text-editor.elementor-drop-cap-view-stacked .elementor-drop-cap{background-color:#818a91;color:#fff}.elementor-widget-text-editor.elementor-drop-cap-view-framed .elementor-drop-cap{color:#818a91;border:3px solid;background-color:transparent}.elementor-widget-text-editor:not(.elementor-drop-cap-view-default) .elementor-drop-cap{margin-top:8px}.elementor-widget-text-editor:not(.elementor-drop-cap-view-default) .elementor-drop-cap-letter{width:1em;height:1em}.elementor-widget-text-editor .elementor-drop-cap{float:left;text-align:center;line-height:1;font-size:50px}.elementor-widget-text-editor .elementor-drop-cap-letter{display:inline-block}<\/style>\t\t\t\t<p><strong>*El objetivo, es lograr mitigar la problem\u00e1tica existente desde la inundaci\u00f3n del pasado septiembre del 2021, estrechando v\u00ednculos ciudadanos con las autoridades, que permitan la participaci\u00f3n ciudadana por un mejor Tula.<\/strong><\/p><p><strong>*Adem\u00e1s, fomenta la transparencia y la rendici\u00f3n de cuentas, para evitar actos de corrupci\u00f3n<\/strong><\/p><p><strong>Tula, Hgo., 23 de marzo del 2023.<\/strong>La Secretar\u00eda de Contralor\u00eda organiz\u00f3 la mesa de di\u00e1logo con integrantes del Observatorio Ciudadano de Tula, como parte de la din\u00e1mica del gobernador Julio Menchaca Salazar de ser un gobierno cercano a la gente.<\/p><p>El titular de la Secretar\u00eda de Contralor\u00eda, \u00c1lvaro Bardales Ram\u00edrez, reiter\u00f3 su compromiso de implementar acciones para fomentar la transparencia y la rendici\u00f3n de cuentas, que prevengan actos de corrupci\u00f3n, as\u00ed como sancionar de forma efectiva los actos de indebidos en la administraci\u00f3n p\u00fablica de todos los niveles y \u00e1reas.<\/p><p>El presidente del Comit\u00e9 Coordinador del Observatorio Ciudadano, No\u00e9 Paredes Meza, present\u00f3 el plan y las propuestas del organismo que verifica y valida las acciones que la ciudadan\u00eda demanda en dicho municipio.<\/p><p>El Observatorio Ciudadano es una instancia colegiada de colaboraci\u00f3n institucional y participaci\u00f3n ciudadana, enfocada a realizar evaluaciones y estudios sobre pol\u00edticas p\u00fablicas.<\/p><p>Adem\u00e1s de vigilar, dise\u00f1ar, construir y mantener sistemas integrados de informaci\u00f3n e indicadores sobre la aplicaci\u00f3n de los presupuestos y ejecuci\u00f3n de los programas, acciones y servicios del \u00e1mbito gubernamental, donde se realizan actividades coordinadas por la Secretar\u00eda de Contralor\u00eda en los lineamientos generales para la aplicaci\u00f3n de los mecanismos alternos de participaci\u00f3n ciudadana, para con ello abatir la corrupci\u00f3n, la impunidad, coadyuvar en la transparencia y la rendici\u00f3n de cuentas.<\/p><p>Ante ello, se desarrolla un plan de acci\u00f3n para monitorear, evaluar e incidir en determinadas pol\u00edticas o procesos y lograr la vigilancia de la correcta aplicaci\u00f3n del ejercicio de los recursos p\u00fablicos.<\/p><p>Cabe resaltar que el principal objetivo de estos trabajos, es lograr mitigar la problem\u00e1tica existente desde la inundaci\u00f3n del pasado septiembre del 2021, estrechando v\u00ednculos ciudadanos con las autoridades, mismos que permitan la participaci\u00f3n ciudadana por un mejor Tula.<\/p><p>En el evento se cont\u00f3 con la presencia de \u00c1lvaro Bardales Ram\u00edrez; titular de Contralor\u00eda; Jorge Alberto Reyes Hern\u00e1ndez, subsecretario de Obras P\u00fablicas, Jes\u00fas L\u00f3pez Serrano, titular de la Oficina de Enlace Educativo del Gobierno de M\u00e9xico en el Estado de Hidalgo; Briseyda Torres Mart\u00ednez, titular del \u00d3rgano Interno de Control; y Karla Paola Tovar Mart\u00ednez, encargada de la Direcci\u00f3n General de Vinculaci\u00f3n y Ciudadanizaci\u00f3n.<\/p><p>As\u00ed como 60 personas de diversos \u00e1mbitos, instituciones p\u00fablicas, expresidentes municipales, exdiputados, regidores, empresarios, sociedad civil y vecinos afectados.<\/p><p>\u00a0<\/p>\t\t\t\t\t\t<\/div>\n\t\t\t\t<\/div>\n\t\t\t\t\t<\/div>\n\t\t<\/div>\n\t\t\t\t\t\t\t<\/div>\n\t\t<\/section>\n\t\t\t\t\t\t\t<\/div>\n\t\t","protected":false},"excerpt":{"rendered":"<p>*El objetivo, es lograr mitigar la problem\u00e1tica existente desde la inundaci\u00f3n del pasado septiembre del 2021, estrechando v\u00ednculos ciudadanos con las autoridades, que permitan la participaci\u00f3n ciudadana por un mejor Tula. *Adem\u00e1s, fomenta la transparencia y la rendici\u00f3n de cuentas, para evitar actos de corrupci\u00f3n Tula, Hgo., 23 de marzo del 2023.La Secretar\u00eda de Contralor\u00eda [&hellip;]<\/p>\n","protected":false},"author":1,"featured_media":4962,"comment_status":"closed","ping_status":"closed","sticky":false,"template":"","format":"standard","meta":[],"categories":[7],"tags":[],"_links":{"self":[{"href":"https:\/\/www.diarionoti7.com.mx\/index.php?rest_route=\/wp\/v2\/posts\/4960"}],"collection":[{"href":"https:\/\/www.diarionoti7.com.mx\/index.php?rest_route=\/wp\/v2\/posts"}],"about":[{"href":"https:\/\/www.diarionoti7.com.mx\/index.php?rest_route=\/wp\/v2\/types\/post"}],"author":[{"embeddable":true,"href":"https:\/\/www.diarionoti7.com.mx\/index.php?rest_route=\/wp\/v2\/users\/1"}],"replies":[{"embeddable":true,"href":"https:\/\/www.diarionoti7.com.mx\/index.php?rest_route=%2Fwp%2Fv2%2Fcomments&post=4960"}],"version-history":[{"count":4,"href":"https:\/\/www.diarionoti7.com.mx\/index.php?rest_route=\/wp\/v2\/posts\/4960\/revisions"}],"predecessor-version":[{"id":4965,"href":"https:\/\/www.diarionoti7.com.mx\/index.php?rest_route=\/wp\/v2\/posts\/4960\/revisions\/4965"}],"wp:featuredmedia":[{"embeddable":true,"href":"https:\/\/www.diarionoti7.com.mx\/index.php?rest_route=\/wp\/v2\/media\/4962"}],"wp:attachment":[{"href":"https:\/\/www.diarionoti7.com.mx\/index.php?rest_route=%2Fwp%2Fv2%2Fmedia&parent=4960"}],"wp:term":[{"taxonomy":"category","embeddable":true,"href":"https:\/\/www.diarionoti7.com.mx\/index.php?rest_route=%2Fwp%2Fv2%2Fcategories&post=4960"},{"taxonomy":"post_tag","embeddable":true,"href":"https:\/\/www.diarionoti7.com.mx\/index.php?rest_route=%2Fwp%2Fv2%2Ftags&post=4960"}],"curies":[{"name":"wp","href":"https:\/\/api.w.org\/{rel}","templated":true}]}}