{"id":49550,"date":"2024-07-13T11:10:42","date_gmt":"2024-07-13T11:10:42","guid":{"rendered":"https:\/\/www.diarionoti7.com.mx\/?p=49550"},"modified":"2024-07-13T18:19:00","modified_gmt":"2024-07-13T18:19:00","slug":"entrega-menchaca-salazar-presea-al-merito-juridico-2024","status":"publish","type":"post","link":"https:\/\/www.diarionoti7.com.mx\/?p=49550","title":{"rendered":"Entrega Menchaca Salazar presea al M\u00e9rito Jur\u00eddico 2024"},"content":{"rendered":"\t\t<div data-elementor-type=\"wp-post\" data-elementor-id=\"49550\" class=\"elementor elementor-49550\">\n\t\t\t\t\t\t\t\t\t<section class=\"elementor-section elementor-top-section elementor-element elementor-element-c09b8f0 elementor-section-boxed elementor-section-height-default elementor-section-height-default\" data-id=\"c09b8f0\" data-element_type=\"section\">\n\t\t\t\t\t\t<div class=\"elementor-container elementor-column-gap-default\">\n\t\t\t\t\t<div class=\"elementor-column elementor-col-100 elementor-top-column elementor-element elementor-element-955a561\" data-id=\"955a561\" data-element_type=\"column\">\n\t\t\t<div class=\"elementor-widget-wrap elementor-element-populated\">\n\t\t\t\t\t\t\t\t<div class=\"elementor-element elementor-element-0ce869c elementor-widget elementor-widget-text-editor\" data-id=\"0ce869c\" data-element_type=\"widget\" data-widget_type=\"text-editor.default\">\n\t\t\t\t<div class=\"elementor-widget-container\">\n\t\t\t<style>\/*! elementor - v3.10.2 - 29-01-2023 *\/\n.elementor-widget-text-editor.elementor-drop-cap-view-stacked .elementor-drop-cap{background-color:#818a91;color:#fff}.elementor-widget-text-editor.elementor-drop-cap-view-framed .elementor-drop-cap{color:#818a91;border:3px solid;background-color:transparent}.elementor-widget-text-editor:not(.elementor-drop-cap-view-default) .elementor-drop-cap{margin-top:8px}.elementor-widget-text-editor:not(.elementor-drop-cap-view-default) .elementor-drop-cap-letter{width:1em;height:1em}.elementor-widget-text-editor .elementor-drop-cap{float:left;text-align:center;line-height:1;font-size:50px}.elementor-widget-text-editor .elementor-drop-cap-letter{display:inline-block}<\/style>\t\t\t\t<p><strong>-En el marco del D\u00eda de la Abogac\u00eda, el titular del Ejecutivo exhort\u00f3 a sus colegas a seguir aportando a la construcci\u00f3n de un mejor estado<\/strong><\/p><p><strong>Pachuca, Hgo., 12 de julio de 2024.-<\/strong>El gobernador del estado de Hidalgo, Julio Menchaca Salazar, realiz\u00f3 la entrega de la presea al M\u00e9rito Jur\u00eddico 2024 \u201cAlfonso Cravioto Mejorada\u201d al maestro Rodolfo Gonz\u00e1lez Islas, de quien reconoci\u00f3 una carrera de m\u00e1s de 40 a\u00f1os de servicio, solidaridad, profesionalismo y estudio.<\/p><p>En compa\u00f1\u00eda de representantes del sector y \u00f3rganos colegiados, el mandatario asegur\u00f3 que quienes ejercen la abogac\u00eda trabajan \u201cpara defender leg\u00edtimamente el derecho de la persona que asiste para poder asesorarlo, para poderlo guiar en el conflicto que tiene\u201d.<\/p><p>Consider\u00f3 que, \u201ces muy sensible el trabajo que realizan ustedes, porque muchas veces est\u00e1 en riesgo el patrimonio, el matrimonio o la libertad de las personas\u201d pues adem\u00e1s de acompa\u00f1amiento, se les ofrece esperanza, a trav\u00e9s de la verdad.<\/p><p>Tras recibir este reconocimiento, el homenajeado, enfatiz\u00f3 que las y los abogados son la voz de quienes no pueden ser escuchados, y son al mismo tiempo defensores de causas sensibles, motivo por el cual, invit\u00f3 a sus colegas a refrendar el compromiso con la justicia, la paz y la construcci\u00f3n de un pa\u00eds pr\u00f3spero.<\/p><p>\u201cEl Derecho va m\u00e1s all\u00e1 de la comprensi\u00f3n de las normas, es una lucha constante por la justicia. Puedo decir que durante estos a\u00f1os de servicio pude conocer a un abogado de altas cualidades, al licenciado Julio Menchaca Salazar, de quien recuerdo su compromiso por la dignificaci\u00f3n de la carrera judicial, instaurando una pol\u00edtica de puertas abiertas a sectores vulnerables\u201d, abund\u00f3.<\/p><p>En su oportunidad la presidenta del Frente de Colegios, Barras, Asociaciones y Foros de Abogados del Estado de Hidalgo A.C., Arlenne Cano Espinosa, record\u00f3 que la abogac\u00eda representa una actividad con un alto sentido de responsabilidad, dado que el Derecho busca la promoci\u00f3n de la justicia y la defensa de los derechos humanos enmarcados en las Constituci\u00f3n y en los tratados internacionales.<\/p><p>\u201cComo abogadas y abogados llevamos la responsabilidad sobre aquellas personas que nos buscan para defender su patrimonio, su trabajo o sus derechos. Tengamos presente que nuestra labor trasciende m\u00e1s all\u00e1 de nuestros despachos, les conmin\u00f3 a que d\u00eda a d\u00eda aseguremos en todo momento que los preceptos constitucionales se apliquen de manera justa\u201d, finaliz\u00f3.<\/p>\t\t\t\t\t\t<\/div>\n\t\t\t\t<\/div>\n\t\t\t\t\t<\/div>\n\t\t<\/div>\n\t\t\t\t\t\t\t<\/div>\n\t\t<\/section>\n\t\t\t\t\t\t\t<\/div>\n\t\t","protected":false},"excerpt":{"rendered":"<p>-En el marco del D\u00eda de la Abogac\u00eda, el titular del Ejecutivo exhort\u00f3 a sus colegas a seguir aportando a la construcci\u00f3n de un mejor estado Pachuca, Hgo., 12 de julio de 2024.-El gobernador del estado de Hidalgo, Julio Menchaca Salazar, realiz\u00f3 la entrega de la presea al M\u00e9rito Jur\u00eddico 2024 \u201cAlfonso Cravioto Mejorada\u201d al [&hellip;]<\/p>\n","protected":false},"author":1,"featured_media":49542,"comment_status":"closed","ping_status":"closed","sticky":false,"template":"","format":"standard","meta":[],"categories":[7],"tags":[],"_links":{"self":[{"href":"https:\/\/www.diarionoti7.com.mx\/index.php?rest_route=\/wp\/v2\/posts\/49550"}],"collection":[{"href":"https:\/\/www.diarionoti7.com.mx\/index.php?rest_route=\/wp\/v2\/posts"}],"about":[{"href":"https:\/\/www.diarionoti7.com.mx\/index.php?rest_route=\/wp\/v2\/types\/post"}],"author":[{"embeddable":true,"href":"https:\/\/www.diarionoti7.com.mx\/index.php?rest_route=\/wp\/v2\/users\/1"}],"replies":[{"embeddable":true,"href":"https:\/\/www.diarionoti7.com.mx\/index.php?rest_route=%2Fwp%2Fv2%2Fcomments&post=49550"}],"version-history":[{"count":4,"href":"https:\/\/www.diarionoti7.com.mx\/index.php?rest_route=\/wp\/v2\/posts\/49550\/revisions"}],"predecessor-version":[{"id":49554,"href":"https:\/\/www.diarionoti7.com.mx\/index.php?rest_route=\/wp\/v2\/posts\/49550\/revisions\/49554"}],"wp:featuredmedia":[{"embeddable":true,"href":"https:\/\/www.diarionoti7.com.mx\/index.php?rest_route=\/wp\/v2\/media\/49542"}],"wp:attachment":[{"href":"https:\/\/www.diarionoti7.com.mx\/index.php?rest_route=%2Fwp%2Fv2%2Fmedia&parent=49550"}],"wp:term":[{"taxonomy":"category","embeddable":true,"href":"https:\/\/www.diarionoti7.com.mx\/index.php?rest_route=%2Fwp%2Fv2%2Fcategories&post=49550"},{"taxonomy":"post_tag","embeddable":true,"href":"https:\/\/www.diarionoti7.com.mx\/index.php?rest_route=%2Fwp%2Fv2%2Ftags&post=49550"}],"curies":[{"name":"wp","href":"https:\/\/api.w.org\/{rel}","templated":true}]}}