{"id":49351,"date":"2024-07-12T10:24:04","date_gmt":"2024-07-12T10:24:04","guid":{"rendered":"https:\/\/www.diarionoti7.com.mx\/?p=49351"},"modified":"2024-07-12T19:25:05","modified_gmt":"2024-07-12T19:25:05","slug":"hay-interes-de-poblacion-de-entre-15-a-29-anos-para-participar-en-la-tercera-edicion-del-premio-municipal-de-la-juventud","status":"publish","type":"post","link":"https:\/\/www.diarionoti7.com.mx\/?p=49351","title":{"rendered":"Hay Inter\u00e9s de Poblaci\u00f3n de Entre 15 a 29 A\u00f1os Para Participar en la Tercera Edici\u00f3n del Premio Municipal de La Juventud"},"content":{"rendered":"\t\t<div data-elementor-type=\"wp-post\" data-elementor-id=\"49351\" class=\"elementor elementor-49351\">\n\t\t\t\t\t\t\t\t\t<section class=\"elementor-section elementor-top-section elementor-element elementor-element-c09b8f0 elementor-section-boxed elementor-section-height-default elementor-section-height-default\" data-id=\"c09b8f0\" data-element_type=\"section\">\n\t\t\t\t\t\t<div class=\"elementor-container elementor-column-gap-default\">\n\t\t\t\t\t<div class=\"elementor-column elementor-col-100 elementor-top-column elementor-element elementor-element-955a561\" data-id=\"955a561\" data-element_type=\"column\">\n\t\t\t<div class=\"elementor-widget-wrap elementor-element-populated\">\n\t\t\t\t\t\t\t\t<div class=\"elementor-element elementor-element-0ce869c elementor-widget elementor-widget-text-editor\" data-id=\"0ce869c\" data-element_type=\"widget\" data-widget_type=\"text-editor.default\">\n\t\t\t\t<div class=\"elementor-widget-container\">\n\t\t\t<style>\/*! elementor - v3.10.2 - 29-01-2023 *\/\n.elementor-widget-text-editor.elementor-drop-cap-view-stacked .elementor-drop-cap{background-color:#818a91;color:#fff}.elementor-widget-text-editor.elementor-drop-cap-view-framed .elementor-drop-cap{color:#818a91;border:3px solid;background-color:transparent}.elementor-widget-text-editor:not(.elementor-drop-cap-view-default) .elementor-drop-cap{margin-top:8px}.elementor-widget-text-editor:not(.elementor-drop-cap-view-default) .elementor-drop-cap-letter{width:1em;height:1em}.elementor-widget-text-editor .elementor-drop-cap{float:left;text-align:center;line-height:1;font-size:50px}.elementor-widget-text-editor .elementor-drop-cap-letter{display:inline-block}<\/style>\t\t\t\t<p><strong>*Hay cinco categor\u00edas (Educaci\u00f3n; Labor Social y Derechos Humanos; Deporte; Emprendimiento y Arte y Cultura).<\/strong><\/p><p><strong>Tulancingo, Hgo., 11 de julio de 2024.-<\/strong>A\u00fan y cuando los registros de candidatos al premio municipal de la juventud 2024 tendr\u00e1 como fecha l\u00edmite al 5 de agosto, ya se registra el acercamiento de poblaci\u00f3n de entre 15 a 29 a\u00f1os a oficinas de la Instancia Municipal de la Juventud para ampliar informaci\u00f3n en torno a la convocatoria recientemente emitida.<\/p><p>Roberto G\u00f3mez Butron titular de la citada instancia inform\u00f3 que, en las categor\u00edas de educaci\u00f3n, as\u00ed como cultura, es donde registra mayor inter\u00e9s en registrarse y presentar evidencias de que se ha destacado en esos \u00e1mbitos.<\/p><p>\u00a0Con este premio municipal anual, el Gobierno que encabeza el presidente Eusebio Hern\u00e1ndez Apan reconoce a j\u00f3venes que han sobresalido y que han puesto en alto al municipio a trav\u00e9s de acciones como trascendencia deportiva, exitosos emprendimientos, incursi\u00f3n en arte y cultura, buenos promedios y hasta publicaciones de libros).<\/p><p>En las dos anteriores ediciones del premio, fueron m\u00e1s las mujeres que se inscribieron y que se hicieron acreedoras a est\u00edmulos econ\u00f3micos.<\/p><p>Para esta nueva edici\u00f3n los est\u00edmulos econ\u00f3micos para los ganadores de cada categor\u00eda son:\u00a0 Primer lugar (3 mil pesos); Segundo lugar (2 mil pesos) y tercer lugar (mil pesos)<\/p><p>La ceremonia de entrega al premio municipal de la juventud 2024 se efectuar\u00e1 el pr\u00f3ximo 12 de agosto en el auditorio de la secundaria Jos\u00e9 Mar\u00eda Lezama.<\/p><p>\u00a0Un comit\u00e9 evaluador de la secretaria de Cultura, Educaci\u00f3n, Deporte y Juventud analizar\u00e1 y evaluar\u00e1 los perfiles registrados y emitir\u00e1 su veredicto para dictaminar a los ganadores.<\/p><p>La edad m\u00e1s frecuente de inscripciones al premio es de 23 a\u00f1os, pero se reiter\u00f3 que el rango convocado son hombres y mujeres desde los 15 y hasta los 29 a\u00f1os.<\/p><p>Al momento de registrarse los participantes deber\u00e1n cumplir los siguientes requisitos: Copia de credencial de elector y en caso de ser menor de edad, credencial de instituci\u00f3n educativa.<\/p><p>As\u00ed mismo, un documento que acredite su residencia en la ciudad, que puede ser un comprobante de domicilio no mayor a tres meses o bien una constancia expedida por centro educativo o bien, una constancia de residencia que emite la presidencia municipal en el \u00e1rea de certificaciones.<\/p><p>En m\u00e1s requisitos, presentar una hoja de vida con evidencia de actividades realizadas acompa\u00f1ada de diplomas u otros reconocimientos que acrediten que se han tenido logros en la categor\u00eda a elegir.<\/p><p>Y por \u00faltimo, una descripci\u00f3n personal, no mayor a una cuartilla con los motivos por los cuales deber\u00eda ser acreedor al premio y un video de m\u00e1ximo 2 minutos.<\/p><p>Para mayor informaci\u00f3n los interesados pueden comunicarse al 7751696239.<\/p>\t\t\t\t\t\t<\/div>\n\t\t\t\t<\/div>\n\t\t\t\t\t<\/div>\n\t\t<\/div>\n\t\t\t\t\t\t\t<\/div>\n\t\t<\/section>\n\t\t\t\t\t\t\t<\/div>\n\t\t","protected":false},"excerpt":{"rendered":"<p>*Hay cinco categor\u00edas (Educaci\u00f3n; Labor Social y Derechos Humanos; Deporte; Emprendimiento y Arte y Cultura). Tulancingo, Hgo., 11 de julio de 2024.-A\u00fan y cuando los registros de candidatos al premio municipal de la juventud 2024 tendr\u00e1 como fecha l\u00edmite al 5 de agosto, ya se registra el acercamiento de poblaci\u00f3n de entre 15 a 29 [&hellip;]<\/p>\n","protected":false},"author":1,"featured_media":49353,"comment_status":"closed","ping_status":"closed","sticky":false,"template":"","format":"standard","meta":[],"categories":[9],"tags":[],"_links":{"self":[{"href":"https:\/\/www.diarionoti7.com.mx\/index.php?rest_route=\/wp\/v2\/posts\/49351"}],"collection":[{"href":"https:\/\/www.diarionoti7.com.mx\/index.php?rest_route=\/wp\/v2\/posts"}],"about":[{"href":"https:\/\/www.diarionoti7.com.mx\/index.php?rest_route=\/wp\/v2\/types\/post"}],"author":[{"embeddable":true,"href":"https:\/\/www.diarionoti7.com.mx\/index.php?rest_route=\/wp\/v2\/users\/1"}],"replies":[{"embeddable":true,"href":"https:\/\/www.diarionoti7.com.mx\/index.php?rest_route=%2Fwp%2Fv2%2Fcomments&post=49351"}],"version-history":[{"count":4,"href":"https:\/\/www.diarionoti7.com.mx\/index.php?rest_route=\/wp\/v2\/posts\/49351\/revisions"}],"predecessor-version":[{"id":49356,"href":"https:\/\/www.diarionoti7.com.mx\/index.php?rest_route=\/wp\/v2\/posts\/49351\/revisions\/49356"}],"wp:featuredmedia":[{"embeddable":true,"href":"https:\/\/www.diarionoti7.com.mx\/index.php?rest_route=\/wp\/v2\/media\/49353"}],"wp:attachment":[{"href":"https:\/\/www.diarionoti7.com.mx\/index.php?rest_route=%2Fwp%2Fv2%2Fmedia&parent=49351"}],"wp:term":[{"taxonomy":"category","embeddable":true,"href":"https:\/\/www.diarionoti7.com.mx\/index.php?rest_route=%2Fwp%2Fv2%2Fcategories&post=49351"},{"taxonomy":"post_tag","embeddable":true,"href":"https:\/\/www.diarionoti7.com.mx\/index.php?rest_route=%2Fwp%2Fv2%2Ftags&post=49351"}],"curies":[{"name":"wp","href":"https:\/\/api.w.org\/{rel}","templated":true}]}}