{"id":49339,"date":"2024-07-12T10:21:32","date_gmt":"2024-07-12T10:21:32","guid":{"rendered":"https:\/\/www.diarionoti7.com.mx\/?p=49339"},"modified":"2024-07-12T19:22:56","modified_gmt":"2024-07-12T19:22:56","slug":"choque-frontal-sobre-la-carretera-mexico-tuxpan-a-la-altura-del-tejocotal-saldo-2-muertos","status":"publish","type":"post","link":"https:\/\/www.diarionoti7.com.mx\/?p=49339","title":{"rendered":"Choque Frontal Sobre la Carretera M\u00e9xico-Tuxpan a la Altura del Tejocotal: Saldo 2 Muertos"},"content":{"rendered":"\t\t<div data-elementor-type=\"wp-post\" data-elementor-id=\"49339\" class=\"elementor elementor-49339\">\n\t\t\t\t\t\t\t\t\t<section class=\"elementor-section elementor-top-section elementor-element elementor-element-c09b8f0 elementor-section-boxed elementor-section-height-default elementor-section-height-default\" data-id=\"c09b8f0\" data-element_type=\"section\">\n\t\t\t\t\t\t<div class=\"elementor-container elementor-column-gap-default\">\n\t\t\t\t\t<div class=\"elementor-column elementor-col-100 elementor-top-column elementor-element elementor-element-955a561\" data-id=\"955a561\" data-element_type=\"column\">\n\t\t\t<div class=\"elementor-widget-wrap elementor-element-populated\">\n\t\t\t\t\t\t\t\t<div class=\"elementor-element elementor-element-0ce869c elementor-widget elementor-widget-text-editor\" data-id=\"0ce869c\" data-element_type=\"widget\" data-widget_type=\"text-editor.default\">\n\t\t\t\t<div class=\"elementor-widget-container\">\n\t\t\t<style>\/*! elementor - v3.10.2 - 29-01-2023 *\/\n.elementor-widget-text-editor.elementor-drop-cap-view-stacked .elementor-drop-cap{background-color:#818a91;color:#fff}.elementor-widget-text-editor.elementor-drop-cap-view-framed .elementor-drop-cap{color:#818a91;border:3px solid;background-color:transparent}.elementor-widget-text-editor:not(.elementor-drop-cap-view-default) .elementor-drop-cap{margin-top:8px}.elementor-widget-text-editor:not(.elementor-drop-cap-view-default) .elementor-drop-cap-letter{width:1em;height:1em}.elementor-widget-text-editor .elementor-drop-cap{float:left;text-align:center;line-height:1;font-size:50px}.elementor-widget-text-editor .elementor-drop-cap-letter{display:inline-block}<\/style>\t\t\t\t<p><strong>Acaxochitlan, Hgo; 11 de julio 2024.- <\/strong>La tarde de este jueves 11 de julio se registr\u00f3 un fuerte y aparatoso choque frontal sobre la carretera M\u00e9xico-Tuxpan, mismo que de manera preliminar ha dejado al menos dos fallecidos.<\/p><p>Los hechos se registraron a la altura del kil\u00f3metro, cerca de la caseta El Tejocotal, en el municipio de Acaxochitlan, donde un tractocami\u00f3n Kenworth Kenmex color azul choc\u00f3 contra un Chevrolet Aveo color vino, adem\u00e1s tambi\u00e9n se vio involucrada una camioneta Volkswagen Saveiro.<\/p><p>Al menos dos personas fallecidas fue el saldo de este accidente, que mantiene la vialidad con severa carga vehicular en ambas direcciones.<\/p><p>La zona permanece acordonada, en tanto se realizan las investigaciones por parte de personal de la PGJEH y se procede a levantar el cuerpo de las personas que fallecieron por el accidente vial.<\/p>\t\t\t\t\t\t<\/div>\n\t\t\t\t<\/div>\n\t\t\t\t\t<\/div>\n\t\t<\/div>\n\t\t\t\t\t\t\t<\/div>\n\t\t<\/section>\n\t\t\t\t\t\t\t<\/div>\n\t\t","protected":false},"excerpt":{"rendered":"<p>Acaxochitlan, Hgo; 11 de julio 2024.- La tarde de este jueves 11 de julio se registr\u00f3 un fuerte y aparatoso choque frontal sobre la carretera M\u00e9xico-Tuxpan, mismo que de manera preliminar ha dejado al menos dos fallecidos. Los hechos se registraron a la altura del kil\u00f3metro, cerca de la caseta El Tejocotal, en el municipio [&hellip;]<\/p>\n","protected":false},"author":1,"featured_media":49341,"comment_status":"closed","ping_status":"closed","sticky":false,"template":"","format":"standard","meta":[],"categories":[22],"tags":[],"_links":{"self":[{"href":"https:\/\/www.diarionoti7.com.mx\/index.php?rest_route=\/wp\/v2\/posts\/49339"}],"collection":[{"href":"https:\/\/www.diarionoti7.com.mx\/index.php?rest_route=\/wp\/v2\/posts"}],"about":[{"href":"https:\/\/www.diarionoti7.com.mx\/index.php?rest_route=\/wp\/v2\/types\/post"}],"author":[{"embeddable":true,"href":"https:\/\/www.diarionoti7.com.mx\/index.php?rest_route=\/wp\/v2\/users\/1"}],"replies":[{"embeddable":true,"href":"https:\/\/www.diarionoti7.com.mx\/index.php?rest_route=%2Fwp%2Fv2%2Fcomments&post=49339"}],"version-history":[{"count":4,"href":"https:\/\/www.diarionoti7.com.mx\/index.php?rest_route=\/wp\/v2\/posts\/49339\/revisions"}],"predecessor-version":[{"id":49344,"href":"https:\/\/www.diarionoti7.com.mx\/index.php?rest_route=\/wp\/v2\/posts\/49339\/revisions\/49344"}],"wp:featuredmedia":[{"embeddable":true,"href":"https:\/\/www.diarionoti7.com.mx\/index.php?rest_route=\/wp\/v2\/media\/49341"}],"wp:attachment":[{"href":"https:\/\/www.diarionoti7.com.mx\/index.php?rest_route=%2Fwp%2Fv2%2Fmedia&parent=49339"}],"wp:term":[{"taxonomy":"category","embeddable":true,"href":"https:\/\/www.diarionoti7.com.mx\/index.php?rest_route=%2Fwp%2Fv2%2Fcategories&post=49339"},{"taxonomy":"post_tag","embeddable":true,"href":"https:\/\/www.diarionoti7.com.mx\/index.php?rest_route=%2Fwp%2Fv2%2Ftags&post=49339"}],"curies":[{"name":"wp","href":"https:\/\/api.w.org\/{rel}","templated":true}]}}