{"id":49319,"date":"2024-07-11T11:09:10","date_gmt":"2024-07-11T11:09:10","guid":{"rendered":"https:\/\/www.diarionoti7.com.mx\/?p=49319"},"modified":"2024-07-11T19:20:19","modified_gmt":"2024-07-11T19:20:19","slug":"claudia-sheinbaum-anuncio-construccion-del-tren-de-pasajeros-electrico-aifa-pachuca","status":"publish","type":"post","link":"https:\/\/www.diarionoti7.com.mx\/?p=49319","title":{"rendered":"Claudia Sheinbaum, Anunci\u00f3 Construcci\u00f3n del Tren de Pasajeros El\u00e9ctrico AIFA-Pachuca"},"content":{"rendered":"\t\t<div data-elementor-type=\"wp-post\" data-elementor-id=\"49319\" class=\"elementor elementor-49319\">\n\t\t\t\t\t\t\t\t\t<section class=\"elementor-section elementor-top-section elementor-element elementor-element-c09b8f0 elementor-section-boxed elementor-section-height-default elementor-section-height-default\" data-id=\"c09b8f0\" data-element_type=\"section\">\n\t\t\t\t\t\t<div class=\"elementor-container elementor-column-gap-default\">\n\t\t\t\t\t<div class=\"elementor-column elementor-col-100 elementor-top-column elementor-element elementor-element-955a561\" data-id=\"955a561\" data-element_type=\"column\">\n\t\t\t<div class=\"elementor-widget-wrap elementor-element-populated\">\n\t\t\t\t\t\t\t\t<div class=\"elementor-element elementor-element-0ce869c elementor-widget elementor-widget-text-editor\" data-id=\"0ce869c\" data-element_type=\"widget\" data-widget_type=\"text-editor.default\">\n\t\t\t\t<div class=\"elementor-widget-container\">\n\t\t\t<style>\/*! elementor - v3.10.2 - 29-01-2023 *\/\n.elementor-widget-text-editor.elementor-drop-cap-view-stacked .elementor-drop-cap{background-color:#818a91;color:#fff}.elementor-widget-text-editor.elementor-drop-cap-view-framed .elementor-drop-cap{color:#818a91;border:3px solid;background-color:transparent}.elementor-widget-text-editor:not(.elementor-drop-cap-view-default) .elementor-drop-cap{margin-top:8px}.elementor-widget-text-editor:not(.elementor-drop-cap-view-default) .elementor-drop-cap-letter{width:1em;height:1em}.elementor-widget-text-editor .elementor-drop-cap{float:left;text-align:center;line-height:1;font-size:50px}.elementor-widget-text-editor .elementor-drop-cap-letter{display:inline-block}<\/style>\t\t\t\t<p><strong>*Es\u00a0parte del proyecto denominado \u201cRep\u00fablica Conectada Trenes de Pasajeros\u201d,\u00a0a nivel nacional<\/strong><\/p><p><strong>Ciudad de M\u00e9xico, 10 de julio 2024.- <\/strong>La virtual\u00a0presidenta electa de M\u00e9xico, Claudia Sheinbaum, anunci\u00f3 que\u00a0este 2024 iniciar\u00e1 la construcci\u00f3n del tren de pasajeros el\u00e9ctrico AIFA-Pachuca, con un presupuesto 20 mil millones de pesos, cuyo periodo de ejecuci\u00f3n ser\u00e1 de 4.5 a\u00f1os.<\/p><p>En su conferencia de prensa de este mi\u00e9rcoles 10 de julio, inform\u00f3 que es\u00a0parte del proyecto denominado \u201cRep\u00fablica Conectada Trenes de Pasajeros\u201d,\u00a0a nivel nacional.<\/p><p>No descart\u00f3 que, en\u00a0Ciudad Sahag\u00fan, en Tepeapulco,\u00a0sea uno de los\u00a0sitios para la fabricaci\u00f3n de los vagones.<\/p><p>As\u00ed ser\u00e1 el tren de pasajeros AIFA-Pachuca<\/p><p>Del proyecto\u00a0AIFA-Pachuca\u00a0mencion\u00f3 que se\u00a0conservar\u00e1n las l\u00edneas para los trenes de carga y se construir\u00e1 uno paralelo\u00a0que ser\u00e1 el de pasajeros.<\/p><p>Reconoci\u00f3 que\u00a0ser\u00e1 m\u00e1s costoso, sin embargo, la meta es activar la movilidad en el pa\u00eds.<\/p><p>\u00a0\u201cEl proyecto es mover las l\u00edneas que son para carga y poner el de pasajeros con nuevas v\u00edas, es decir, dejar los de carga paralelo a los pasajeros. Es m\u00e1s costo, pero ser\u00e1 un\u00a0tren confinado, alcanzar\u00e1 una velocidad hasta de 150 kil\u00f3metros por hora (km\/hr),\u00a0tipo Tren Maya\u00a0y pueda llegar a Nuevo Laredo con la posibilidad de un detonante regional\u201d.<\/p><p>Precis\u00f3 que el objetivo, antes de tomar posesi\u00f3n el pr\u00f3ximo\u00a01 de octubre, es el\u00a0an\u00e1lisis de derecho de v\u00eda\u00a0para que pueda realizarse las licitaciones, \u201ces un\u00a0esquema similar al Tren Maya, la idea es que puedan intervenir ingenieros militares y empresas privadas\u201d.<\/p><p>Dijo que\u00a0el presidente Andr\u00e9s Manuel L\u00f3pez Obrador\u00a0inaugurar\u00e1 pr\u00f3ximamente el tren Buenavista-AIFA\u00a0y \u201ca nosotros nos toca el Tren AIFA-Pachuca, que son pocos kil\u00f3metros\u201d.<\/p><p>Sheinbaum dijo que el objetivo es habilitar m\u00e1s de 3 mil 500 kil\u00f3metros de v\u00edas f\u00e9rreas con trabajos, lo que tardar\u00eda alrededor de cinco a\u00f1os: la conexi\u00f3n de M\u00e9xico con Guadalajara, en Jalisco y a Nuevo Leredo, Tamaulipas.<\/p>\t\t\t\t\t\t<\/div>\n\t\t\t\t<\/div>\n\t\t\t\t\t<\/div>\n\t\t<\/div>\n\t\t\t\t\t\t\t<\/div>\n\t\t<\/section>\n\t\t\t\t\t\t\t<\/div>\n\t\t","protected":false},"excerpt":{"rendered":"<p>*Es\u00a0parte del proyecto denominado \u201cRep\u00fablica Conectada Trenes de Pasajeros\u201d,\u00a0a nivel nacional Ciudad de M\u00e9xico, 10 de julio 2024.- La virtual\u00a0presidenta electa de M\u00e9xico, Claudia Sheinbaum, anunci\u00f3 que\u00a0este 2024 iniciar\u00e1 la construcci\u00f3n del tren de pasajeros el\u00e9ctrico AIFA-Pachuca, con un presupuesto 20 mil millones de pesos, cuyo periodo de ejecuci\u00f3n ser\u00e1 de 4.5 a\u00f1os. En su [&hellip;]<\/p>\n","protected":false},"author":1,"featured_media":49321,"comment_status":"closed","ping_status":"closed","sticky":false,"template":"","format":"standard","meta":[],"categories":[7],"tags":[],"_links":{"self":[{"href":"https:\/\/www.diarionoti7.com.mx\/index.php?rest_route=\/wp\/v2\/posts\/49319"}],"collection":[{"href":"https:\/\/www.diarionoti7.com.mx\/index.php?rest_route=\/wp\/v2\/posts"}],"about":[{"href":"https:\/\/www.diarionoti7.com.mx\/index.php?rest_route=\/wp\/v2\/types\/post"}],"author":[{"embeddable":true,"href":"https:\/\/www.diarionoti7.com.mx\/index.php?rest_route=\/wp\/v2\/users\/1"}],"replies":[{"embeddable":true,"href":"https:\/\/www.diarionoti7.com.mx\/index.php?rest_route=%2Fwp%2Fv2%2Fcomments&post=49319"}],"version-history":[{"count":4,"href":"https:\/\/www.diarionoti7.com.mx\/index.php?rest_route=\/wp\/v2\/posts\/49319\/revisions"}],"predecessor-version":[{"id":49324,"href":"https:\/\/www.diarionoti7.com.mx\/index.php?rest_route=\/wp\/v2\/posts\/49319\/revisions\/49324"}],"wp:featuredmedia":[{"embeddable":true,"href":"https:\/\/www.diarionoti7.com.mx\/index.php?rest_route=\/wp\/v2\/media\/49321"}],"wp:attachment":[{"href":"https:\/\/www.diarionoti7.com.mx\/index.php?rest_route=%2Fwp%2Fv2%2Fmedia&parent=49319"}],"wp:term":[{"taxonomy":"category","embeddable":true,"href":"https:\/\/www.diarionoti7.com.mx\/index.php?rest_route=%2Fwp%2Fv2%2Fcategories&post=49319"},{"taxonomy":"post_tag","embeddable":true,"href":"https:\/\/www.diarionoti7.com.mx\/index.php?rest_route=%2Fwp%2Fv2%2Ftags&post=49319"}],"curies":[{"name":"wp","href":"https:\/\/api.w.org\/{rel}","templated":true}]}}