{"id":49236,"date":"2024-07-11T10:56:41","date_gmt":"2024-07-11T10:56:41","guid":{"rendered":"https:\/\/www.diarionoti7.com.mx\/?p=49236"},"modified":"2024-07-11T18:57:30","modified_gmt":"2024-07-11T18:57:30","slug":"ajacuba-celebrara-su-feria-en-honor-a-santiago-apostol","status":"publish","type":"post","link":"https:\/\/www.diarionoti7.com.mx\/?p=49236","title":{"rendered":"Ajacuba Celebrar\u00e1 su Feria en Honor a Santiago Ap\u00f3stol"},"content":{"rendered":"\t\t<div data-elementor-type=\"wp-post\" data-elementor-id=\"49236\" class=\"elementor elementor-49236\">\n\t\t\t\t\t\t\t\t\t<section class=\"elementor-section elementor-top-section elementor-element elementor-element-c09b8f0 elementor-section-boxed elementor-section-height-default elementor-section-height-default\" data-id=\"c09b8f0\" data-element_type=\"section\">\n\t\t\t\t\t\t<div class=\"elementor-container elementor-column-gap-default\">\n\t\t\t\t\t<div class=\"elementor-column elementor-col-100 elementor-top-column elementor-element elementor-element-955a561\" data-id=\"955a561\" data-element_type=\"column\">\n\t\t\t<div class=\"elementor-widget-wrap elementor-element-populated\">\n\t\t\t\t\t\t\t\t<div class=\"elementor-element elementor-element-0ce869c elementor-widget elementor-widget-text-editor\" data-id=\"0ce869c\" data-element_type=\"widget\" data-widget_type=\"text-editor.default\">\n\t\t\t\t<div class=\"elementor-widget-container\">\n\t\t\t<style>\/*! elementor - v3.10.2 - 29-01-2023 *\/\n.elementor-widget-text-editor.elementor-drop-cap-view-stacked .elementor-drop-cap{background-color:#818a91;color:#fff}.elementor-widget-text-editor.elementor-drop-cap-view-framed .elementor-drop-cap{color:#818a91;border:3px solid;background-color:transparent}.elementor-widget-text-editor:not(.elementor-drop-cap-view-default) .elementor-drop-cap{margin-top:8px}.elementor-widget-text-editor:not(.elementor-drop-cap-view-default) .elementor-drop-cap-letter{width:1em;height:1em}.elementor-widget-text-editor .elementor-drop-cap{float:left;text-align:center;line-height:1;font-size:50px}.elementor-widget-text-editor .elementor-drop-cap-letter{display:inline-block}<\/style>\t\t\t\t<p><strong>Pachuca, Hgo., 10 de julio de 2024.-<\/strong>Inician las actividades para la celebraci\u00f3n de la fiesta patronal e inicio de su feria de Santiago Tezontlale en el municipio de Ajacuba, Hidalgo. Del 20 al 28 de julio se espera la visita de turistas de todo el pa\u00eds.<\/p><p>La presidenta electa de Ajacuba, Zitlaly Jazm\u00edn Z\u00fa\u00f1iga inform\u00f3 en conferencia de prensa que las actividades con las que comienzan los festejos patronales son las tradicionales ma\u00f1anitas, misa y quema de castillo.<\/p><p>\u201cSon tradiciones que todos los habitantes del municipio esperamos con ansias. Adem\u00e1s, de que esta feria es la m\u00e1s importante de nuestro municipio e incluso de la regi\u00f3n\u201d, agreg\u00f3 la tambi\u00e9n coordinadora de las actividades de los festejos.<\/p><p>La alcaldesa destac\u00f3 que otra de las actividades es la feria del Pulque, brindando a los visitantes locales y turistas la oportunidad de probar esta bebida tradicional elaborada por tlachiqueros de la regi\u00f3n.<\/p><p>Por su parte, Eduardo Nieto, coordinador de promoci\u00f3n y difusi\u00f3n, detall\u00f3 que esta feria tambi\u00e9n contar\u00e1 con espect\u00e1culos gratuitos que incluir\u00e1n presentaciones de la Banda Bucanera, Sonidero Bamm Bamm, Grupo Mojado, Banda Pe\u00f1a Alta y el Grupo Los Kiero.<\/p><p>Dentro de la Feria de Santiago Tezontlale, 2024 tambi\u00e9n se contar\u00e1 con la presencia de al menos 50 cocineras tradicionales, venta de artesan\u00edas y una gran cantidad de actividades y atracciones para todas las edades.<\/p><p>Se espera que la feria reciba al menos 20 mil personas durante los d\u00edas de celebraci\u00f3n que buscan promover un ambiente familiar, de respeto y sana convivencia.<\/p>\t\t\t\t\t\t<\/div>\n\t\t\t\t<\/div>\n\t\t\t\t\t<\/div>\n\t\t<\/div>\n\t\t\t\t\t\t\t<\/div>\n\t\t<\/section>\n\t\t\t\t\t\t\t<\/div>\n\t\t","protected":false},"excerpt":{"rendered":"<p>Pachuca, Hgo., 10 de julio de 2024.-Inician las actividades para la celebraci\u00f3n de la fiesta patronal e inicio de su feria de Santiago Tezontlale en el municipio de Ajacuba, Hidalgo. Del 20 al 28 de julio se espera la visita de turistas de todo el pa\u00eds. La presidenta electa de Ajacuba, Zitlaly Jazm\u00edn Z\u00fa\u00f1iga inform\u00f3 [&hellip;]<\/p>\n","protected":false},"author":1,"featured_media":49238,"comment_status":"closed","ping_status":"closed","sticky":false,"template":"","format":"standard","meta":[],"categories":[9],"tags":[],"_links":{"self":[{"href":"https:\/\/www.diarionoti7.com.mx\/index.php?rest_route=\/wp\/v2\/posts\/49236"}],"collection":[{"href":"https:\/\/www.diarionoti7.com.mx\/index.php?rest_route=\/wp\/v2\/posts"}],"about":[{"href":"https:\/\/www.diarionoti7.com.mx\/index.php?rest_route=\/wp\/v2\/types\/post"}],"author":[{"embeddable":true,"href":"https:\/\/www.diarionoti7.com.mx\/index.php?rest_route=\/wp\/v2\/users\/1"}],"replies":[{"embeddable":true,"href":"https:\/\/www.diarionoti7.com.mx\/index.php?rest_route=%2Fwp%2Fv2%2Fcomments&post=49236"}],"version-history":[{"count":4,"href":"https:\/\/www.diarionoti7.com.mx\/index.php?rest_route=\/wp\/v2\/posts\/49236\/revisions"}],"predecessor-version":[{"id":49241,"href":"https:\/\/www.diarionoti7.com.mx\/index.php?rest_route=\/wp\/v2\/posts\/49236\/revisions\/49241"}],"wp:featuredmedia":[{"embeddable":true,"href":"https:\/\/www.diarionoti7.com.mx\/index.php?rest_route=\/wp\/v2\/media\/49238"}],"wp:attachment":[{"href":"https:\/\/www.diarionoti7.com.mx\/index.php?rest_route=%2Fwp%2Fv2%2Fmedia&parent=49236"}],"wp:term":[{"taxonomy":"category","embeddable":true,"href":"https:\/\/www.diarionoti7.com.mx\/index.php?rest_route=%2Fwp%2Fv2%2Fcategories&post=49236"},{"taxonomy":"post_tag","embeddable":true,"href":"https:\/\/www.diarionoti7.com.mx\/index.php?rest_route=%2Fwp%2Fv2%2Ftags&post=49236"}],"curies":[{"name":"wp","href":"https:\/\/api.w.org\/{rel}","templated":true}]}}