{"id":4912,"date":"2023-03-24T17:51:27","date_gmt":"2023-03-24T17:51:27","guid":{"rendered":"https:\/\/www.diarionoti7.com.mx\/?p=4912"},"modified":"2023-03-24T17:52:03","modified_gmt":"2023-03-24T17:52:03","slug":"no-habra-mas-notarias-en-corto-plazo-julio-menchaca","status":"publish","type":"post","link":"https:\/\/www.diarionoti7.com.mx\/?p=4912","title":{"rendered":"No Habr\u00e1 M\u00e1s Notar\u00edas En Corto Plazo: Julio Menchaca"},"content":{"rendered":"\t\t<div data-elementor-type=\"wp-post\" data-elementor-id=\"4912\" class=\"elementor elementor-4912\">\n\t\t\t\t\t\t\t\t\t<section class=\"elementor-section elementor-top-section elementor-element elementor-element-51c23a4c elementor-section-boxed elementor-section-height-default elementor-section-height-default\" data-id=\"51c23a4c\" data-element_type=\"section\">\n\t\t\t\t\t\t<div class=\"elementor-container elementor-column-gap-default\">\n\t\t\t\t\t<div class=\"elementor-column elementor-col-100 elementor-top-column elementor-element elementor-element-7d2e0b6e\" data-id=\"7d2e0b6e\" data-element_type=\"column\">\n\t\t\t<div class=\"elementor-widget-wrap elementor-element-populated\">\n\t\t\t\t\t\t\t\t<div class=\"elementor-element elementor-element-2f2290cd elementor-widget elementor-widget-text-editor\" data-id=\"2f2290cd\" data-element_type=\"widget\" data-widget_type=\"text-editor.default\">\n\t\t\t\t<div class=\"elementor-widget-container\">\n\t\t\t<style>\/*! elementor - v3.10.2 - 29-01-2023 *\/\n.elementor-widget-text-editor.elementor-drop-cap-view-stacked .elementor-drop-cap{background-color:#818a91;color:#fff}.elementor-widget-text-editor.elementor-drop-cap-view-framed .elementor-drop-cap{color:#818a91;border:3px solid;background-color:transparent}.elementor-widget-text-editor:not(.elementor-drop-cap-view-default) .elementor-drop-cap{margin-top:8px}.elementor-widget-text-editor:not(.elementor-drop-cap-view-default) .elementor-drop-cap-letter{width:1em;height:1em}.elementor-widget-text-editor .elementor-drop-cap{float:left;text-align:center;line-height:1;font-size:50px}.elementor-widget-text-editor .elementor-drop-cap-letter{display:inline-block}<\/style>\t\t\t\t<p>Hubo un exceso de notarios, as\u00ed lo reconoce el Colegio, afirm\u00f3 el gobernador\u00a0<strong>Julio Menchaca Salazar<\/strong>, ante medios de comunicaci\u00f3n durante su visita a Alfajayucan.<\/p><p>El mandatario se\u00f1al\u00f3 que la Ley establece que\u00a0por cada 30 mil habitantes corresponde una figura notarial.<\/p><p>\u00abSe repartieron en algunas administraciones como volantes, entonces cuando menos en el corto y mediano plazo no se considera estarlas restituyendo \u00ab, asever\u00f3.<\/p><p>Dijo que hoy se cumpl\u00edan 40 a\u00f1os desde que se titul\u00f3 hab\u00eda n\u00famero 5 del fallecido Heriberto Pfifer.<\/p><p>Record\u00f3 que desde que estaba en cuarto semestre de Derecho, ah\u00ed permaneci\u00f3 hasta que termin\u00f3 la carrera.<\/p><p>\u00abY se aprende much\u00edsimo. Ya no me toc\u00f3 ser notario, ni me va a tocar\u00bb.<\/p><p><strong>Presa del Yath\u00e9<\/strong><\/p><p>Ya est\u00e1 el proyecto de la empresa del Yath\u00e9, incluso se encuentra en el Plan Estatal de Desarrollo, dijo el gobernador.<\/p><p>Est\u00e1 el presupuesto, aunque cuando se presenta tiene variaciones, pero se van a comenzar a hacer los trabajos.<\/p><p>\u00abImag\u00ednense cu\u00e1ntos a\u00f1os tiene que se inaugur\u00f3 y no funciona. El asunto est\u00e1 que va a ser un a\u00f1o dif\u00edcil con el agua\u00bb, extern\u00f3.<\/p><p>Dijo que tambi\u00e9n hay preocupaci\u00f3n de a quienes les llega el vital l\u00edquido, pero ser\u00e1 bajo otras condiciones, por eso se maneja con delicadeza el tema<\/p>\t\t\t\t\t\t<\/div>\n\t\t\t\t<\/div>\n\t\t\t\t\t<\/div>\n\t\t<\/div>\n\t\t\t\t\t\t\t<\/div>\n\t\t<\/section>\n\t\t\t\t\t\t\t<\/div>\n\t\t","protected":false},"excerpt":{"rendered":"<p>Hubo un exceso de notarios, as\u00ed lo reconoce el Colegio, afirm\u00f3 el gobernador\u00a0Julio Menchaca Salazar, ante medios de comunicaci\u00f3n durante su visita a Alfajayucan. El mandatario se\u00f1al\u00f3 que la Ley establece que\u00a0por cada 30 mil habitantes corresponde una figura notarial. \u00abSe repartieron en algunas administraciones como volantes, entonces cuando menos en el corto y mediano [&hellip;]<\/p>\n","protected":false},"author":1,"featured_media":4914,"comment_status":"closed","ping_status":"closed","sticky":false,"template":"","format":"standard","meta":[],"categories":[7],"tags":[],"_links":{"self":[{"href":"https:\/\/www.diarionoti7.com.mx\/index.php?rest_route=\/wp\/v2\/posts\/4912"}],"collection":[{"href":"https:\/\/www.diarionoti7.com.mx\/index.php?rest_route=\/wp\/v2\/posts"}],"about":[{"href":"https:\/\/www.diarionoti7.com.mx\/index.php?rest_route=\/wp\/v2\/types\/post"}],"author":[{"embeddable":true,"href":"https:\/\/www.diarionoti7.com.mx\/index.php?rest_route=\/wp\/v2\/users\/1"}],"replies":[{"embeddable":true,"href":"https:\/\/www.diarionoti7.com.mx\/index.php?rest_route=%2Fwp%2Fv2%2Fcomments&post=4912"}],"version-history":[{"count":4,"href":"https:\/\/www.diarionoti7.com.mx\/index.php?rest_route=\/wp\/v2\/posts\/4912\/revisions"}],"predecessor-version":[{"id":4917,"href":"https:\/\/www.diarionoti7.com.mx\/index.php?rest_route=\/wp\/v2\/posts\/4912\/revisions\/4917"}],"wp:featuredmedia":[{"embeddable":true,"href":"https:\/\/www.diarionoti7.com.mx\/index.php?rest_route=\/wp\/v2\/media\/4914"}],"wp:attachment":[{"href":"https:\/\/www.diarionoti7.com.mx\/index.php?rest_route=%2Fwp%2Fv2%2Fmedia&parent=4912"}],"wp:term":[{"taxonomy":"category","embeddable":true,"href":"https:\/\/www.diarionoti7.com.mx\/index.php?rest_route=%2Fwp%2Fv2%2Fcategories&post=4912"},{"taxonomy":"post_tag","embeddable":true,"href":"https:\/\/www.diarionoti7.com.mx\/index.php?rest_route=%2Fwp%2Fv2%2Ftags&post=4912"}],"curies":[{"name":"wp","href":"https:\/\/api.w.org\/{rel}","templated":true}]}}