{"id":49010,"date":"2024-07-09T08:43:26","date_gmt":"2024-07-09T08:43:26","guid":{"rendered":"https:\/\/www.diarionoti7.com.mx\/?p=49010"},"modified":"2024-07-10T03:44:27","modified_gmt":"2024-07-10T03:44:27","slug":"alexis-gayosso-asume-cargo-de-coordinador-de-deporte-adaptado","status":"publish","type":"post","link":"https:\/\/www.diarionoti7.com.mx\/?p=49010","title":{"rendered":"Alexis Gayosso Asume Cargo de Coordinador de Deporte Adaptado"},"content":{"rendered":"\t\t<div data-elementor-type=\"wp-post\" data-elementor-id=\"49010\" class=\"elementor elementor-49010\">\n\t\t\t\t\t\t\t\t\t<section class=\"elementor-section elementor-top-section elementor-element elementor-element-c09b8f0 elementor-section-boxed elementor-section-height-default elementor-section-height-default\" data-id=\"c09b8f0\" data-element_type=\"section\">\n\t\t\t\t\t\t<div class=\"elementor-container elementor-column-gap-default\">\n\t\t\t\t\t<div class=\"elementor-column elementor-col-100 elementor-top-column elementor-element elementor-element-955a561\" data-id=\"955a561\" data-element_type=\"column\">\n\t\t\t<div class=\"elementor-widget-wrap elementor-element-populated\">\n\t\t\t\t\t\t\t\t<div class=\"elementor-element elementor-element-0ce869c elementor-widget elementor-widget-text-editor\" data-id=\"0ce869c\" data-element_type=\"widget\" data-widget_type=\"text-editor.default\">\n\t\t\t\t<div class=\"elementor-widget-container\">\n\t\t\t<style>\/*! elementor - v3.10.2 - 29-01-2023 *\/\n.elementor-widget-text-editor.elementor-drop-cap-view-stacked .elementor-drop-cap{background-color:#818a91;color:#fff}.elementor-widget-text-editor.elementor-drop-cap-view-framed .elementor-drop-cap{color:#818a91;border:3px solid;background-color:transparent}.elementor-widget-text-editor:not(.elementor-drop-cap-view-default) .elementor-drop-cap{margin-top:8px}.elementor-widget-text-editor:not(.elementor-drop-cap-view-default) .elementor-drop-cap-letter{width:1em;height:1em}.elementor-widget-text-editor .elementor-drop-cap{float:left;text-align:center;line-height:1;font-size:50px}.elementor-widget-text-editor .elementor-drop-cap-letter{display:inline-block}<\/style>\t\t\t\t<p><strong>\u00a0<\/strong><\/p><p><strong>*El paratleta hidalguense Alexis Gayosso Zaraz\u00faa fue nombrado esta tarde ante presidentes de asociaciones deportivas.<\/strong><\/p><p><strong>Pachuca, Hgo., 8 de julio de 2024.-<\/strong>Ante entrenadores y personal administrativo, este lunes, Alexis Gayosso Zaraz\u00faa, fue presentado por el titular del Instituto Hidalguense del Deporte, \u00d3scar P\u00e9rez Rojas, como coordinador general de deporte adaptado.<\/p><p>Con un importante recorrido en la Paralimpiada Nacional desde su infancia y con m\u00faltiples premios y reconocimientos en eventos internacionales como lo fueron los Juegos Panamericanos y Parapanamericanos Lima 2019, en donde obtuvo la presea dorada en los 100 metros planos, el ahora coordinador se mostr\u00f3 emocionado por la nueva responsabilidad.<\/p><p>Con la mira puesta en los pr\u00f3ximos Paranacionales CONADE 2024 a celebrarse en Oaxaca, Alexis Gayosso, trabajar\u00e1 de manera coordinada con los representantes de las distintas asociaciones de deporte adaptado para elevar el nivel competitivo de los j\u00f3venes que representar\u00e1n al estado en este encuentro nacional.<\/p><p>Tras convertirse en una fuente de inspiraci\u00f3n y superaci\u00f3n, el ahora coordinador de deporte adaptado, se encuentra listo para aplicar todos sus conocimientos y experiencias en beneficio del deporte local.<\/p><p>\u00a0<\/p>\t\t\t\t\t\t<\/div>\n\t\t\t\t<\/div>\n\t\t\t\t\t<\/div>\n\t\t<\/div>\n\t\t\t\t\t\t\t<\/div>\n\t\t<\/section>\n\t\t\t\t\t\t\t<\/div>\n\t\t","protected":false},"excerpt":{"rendered":"<p>\u00a0 *El paratleta hidalguense Alexis Gayosso Zaraz\u00faa fue nombrado esta tarde ante presidentes de asociaciones deportivas. Pachuca, Hgo., 8 de julio de 2024.-Ante entrenadores y personal administrativo, este lunes, Alexis Gayosso Zaraz\u00faa, fue presentado por el titular del Instituto Hidalguense del Deporte, \u00d3scar P\u00e9rez Rojas, como coordinador general de deporte adaptado. Con un importante recorrido [&hellip;]<\/p>\n","protected":false},"author":1,"featured_media":49012,"comment_status":"closed","ping_status":"closed","sticky":false,"template":"","format":"standard","meta":[],"categories":[9],"tags":[],"_links":{"self":[{"href":"https:\/\/www.diarionoti7.com.mx\/index.php?rest_route=\/wp\/v2\/posts\/49010"}],"collection":[{"href":"https:\/\/www.diarionoti7.com.mx\/index.php?rest_route=\/wp\/v2\/posts"}],"about":[{"href":"https:\/\/www.diarionoti7.com.mx\/index.php?rest_route=\/wp\/v2\/types\/post"}],"author":[{"embeddable":true,"href":"https:\/\/www.diarionoti7.com.mx\/index.php?rest_route=\/wp\/v2\/users\/1"}],"replies":[{"embeddable":true,"href":"https:\/\/www.diarionoti7.com.mx\/index.php?rest_route=%2Fwp%2Fv2%2Fcomments&post=49010"}],"version-history":[{"count":4,"href":"https:\/\/www.diarionoti7.com.mx\/index.php?rest_route=\/wp\/v2\/posts\/49010\/revisions"}],"predecessor-version":[{"id":49015,"href":"https:\/\/www.diarionoti7.com.mx\/index.php?rest_route=\/wp\/v2\/posts\/49010\/revisions\/49015"}],"wp:featuredmedia":[{"embeddable":true,"href":"https:\/\/www.diarionoti7.com.mx\/index.php?rest_route=\/wp\/v2\/media\/49012"}],"wp:attachment":[{"href":"https:\/\/www.diarionoti7.com.mx\/index.php?rest_route=%2Fwp%2Fv2%2Fmedia&parent=49010"}],"wp:term":[{"taxonomy":"category","embeddable":true,"href":"https:\/\/www.diarionoti7.com.mx\/index.php?rest_route=%2Fwp%2Fv2%2Fcategories&post=49010"},{"taxonomy":"post_tag","embeddable":true,"href":"https:\/\/www.diarionoti7.com.mx\/index.php?rest_route=%2Fwp%2Fv2%2Ftags&post=49010"}],"curies":[{"name":"wp","href":"https:\/\/api.w.org\/{rel}","templated":true}]}}