{"id":48619,"date":"2024-07-05T16:53:16","date_gmt":"2024-07-05T16:53:16","guid":{"rendered":"https:\/\/www.diarionoti7.com.mx\/?p=48619"},"modified":"2024-07-05T16:54:11","modified_gmt":"2024-07-05T16:54:11","slug":"rector-de-uaeh-entrega-titulos-y-toma-protesta-a-696-nuevos-profesionistas","status":"publish","type":"post","link":"https:\/\/www.diarionoti7.com.mx\/?p=48619","title":{"rendered":"Rector de UAEH Entrega T\u00edtulos y Toma Protesta a 696 Nuevos Profesionistas"},"content":{"rendered":"\t\t<div data-elementor-type=\"wp-post\" data-elementor-id=\"48619\" class=\"elementor elementor-48619\">\n\t\t\t\t\t\t\t\t\t<section class=\"elementor-section elementor-top-section elementor-element elementor-element-c09b8f0 elementor-section-boxed elementor-section-height-default elementor-section-height-default\" data-id=\"c09b8f0\" data-element_type=\"section\">\n\t\t\t\t\t\t<div class=\"elementor-container elementor-column-gap-default\">\n\t\t\t\t\t<div class=\"elementor-column elementor-col-100 elementor-top-column elementor-element elementor-element-955a561\" data-id=\"955a561\" data-element_type=\"column\">\n\t\t\t<div class=\"elementor-widget-wrap elementor-element-populated\">\n\t\t\t\t\t\t\t\t<div class=\"elementor-element elementor-element-0ce869c elementor-widget elementor-widget-text-editor\" data-id=\"0ce869c\" data-element_type=\"widget\" data-widget_type=\"text-editor.default\">\n\t\t\t\t<div class=\"elementor-widget-container\">\n\t\t\t<style>\/*! elementor - v3.10.2 - 29-01-2023 *\/\n.elementor-widget-text-editor.elementor-drop-cap-view-stacked .elementor-drop-cap{background-color:#818a91;color:#fff}.elementor-widget-text-editor.elementor-drop-cap-view-framed .elementor-drop-cap{color:#818a91;border:3px solid;background-color:transparent}.elementor-widget-text-editor:not(.elementor-drop-cap-view-default) .elementor-drop-cap{margin-top:8px}.elementor-widget-text-editor:not(.elementor-drop-cap-view-default) .elementor-drop-cap-letter{width:1em;height:1em}.elementor-widget-text-editor .elementor-drop-cap{float:left;text-align:center;line-height:1;font-size:50px}.elementor-widget-text-editor .elementor-drop-cap-letter{display:inline-block}<\/style>\t\t\t\t<p><strong>*El Aula Magna \u201cAlfonso Cravioto Mejorada\u201d fue el escenario para la entrega del t\u00edtulo profesional<\/strong><\/p><p><strong>*Familiares, amigos y docentes presenciaron tambi\u00e9n la ceremonia<\/strong><\/p><p><strong>Pachuca, Hgo., 4 de julio de 2024.- <\/strong>Un total de 696 estudiantes que culminaron satisfactoriamente sus estudios de nivel licenciatura, se les tom\u00f3 la protesta de Ley para que este nuevo grupo de profesionistas pueda ejercer su carrera.<\/p><p>La ceremonia institucional tuvo lugar en el Aula Magna \u201cAlfonso Cravioto Mejorada\u201d del Centro de Extensi\u00f3n Universitaria (Ceuni), la cual estuvo encabezada por Octavio Castillo Acosta, rector de la UAEH, quien refiri\u00f3 que la entrega de t\u00edtulos universitarios representa el fin de una etapa llena de aprendizaje y crecimiento personal, pero que al mismo tiempo, es el inicio de otro ciclo en su vida, en la cual, no solo pondr\u00e1n en pr\u00e1ctica los conocimientos adquiridos, sino que los pondr\u00e1n al servicio de la sociedad.<\/p><p>Castillo Acosta agradeci\u00f3 a las familias por confiar en la Aut\u00f3noma de Hidalgo para que sus hijas e hijos pudieran realizar sus estudios profesionales en esta casa de estudios que trabaja constantemente para mantener la calidad educativa, misma que ha sido reconocida por organismos externos tanto nacionales como internacionales. De tal manera que, quienes han egresado de la UAEH, son profesionistas capaces y sensibles con su entorno.<\/p><p>\u201cSon egresados y egresadas de la UAEH, eso los convierte en la m\u00e1s reciente generaci\u00f3n de intelectuales y profesionales mejor preparados en el estado de Hidalgo. Llevan consigo el alto prestigio de la educaci\u00f3n superior p\u00fablica en M\u00e9xico, esa que ha liderado las m\u00e1s importantes batallas y discusiones por la educaci\u00f3n, el crecimiento y la ciencia en nuestro pa\u00eds.<\/p><p>Hoy, salen al mundo con habilidades y principios de excelencia, lo suficientemente s\u00f3lidos para sortear cualquier obst\u00e1culo. Eval\u00faen su propio temple universitario, alimenten los valores que aqu\u00ed aprendieron y contin\u00faen el desarrollo de su formaci\u00f3n acad\u00e9mica\u201d, puntualiz\u00f3 el rector.<\/p><p>En tanto que la directora de Administraci\u00f3n Escolar de la UAEH, Ojuky del Roc\u00edo Islas Maldonado, destac\u00f3 la importancia de que el alumnado pueda realizar el tr\u00e1mite al concluir sus estudios, pues adem\u00e1s de que legalmente representa la culminaci\u00f3n de sus estudios profesionales, es una herramienta que les permite acceder al campo laboral para que puedan ejercer o para continuar con sus estudios de nivel posgrado, como una maestr\u00eda o un doctorado.<\/p><p>\u201cS\u00ed bien la Direcci\u00f3n de Administraci\u00f3n Escolar es la responsable del tr\u00e1mite, todo el proceso se hace de manera virtual para ahorrar tiempo y dinero, por lo que no es necesario acudir de manera presencial. Al hacerlo en l\u00ednea, posibilita que la entrega del t\u00edtulo electr\u00f3nico sea entre tres y cuatro d\u00edas h\u00e1biles, para posteriormente hacer la entrega f\u00edsica en una ceremonia\u201d, indic\u00f3 Islas Maldonado.<\/p><p>Por otro lado, en representaci\u00f3n de las y los egresados Garza, Fernanda Bel\u00e9n P\u00e9rez, refiri\u00f3 que obtener un t\u00edtulo parec\u00eda un sue\u00f1o lejano y complejo, pero al llegar a este d\u00eda, se pueden ver los frutos del esfuerzo, desvelos, tristezas y altibajos, camino en el que tambi\u00e9n hubo valent\u00eda, coraje, apoyo y entusiasmo, por lo que cada decisi\u00f3n tomada, junto con el tiempo invertido no fueron desperdiciados, es as\u00ed que felicit\u00f3 a sus compa\u00f1eras y compa\u00f1eros, al tiempo que les invit\u00f3 a mantener esa misma entrega en el futuro.<\/p><p>Al acto tambi\u00e9n acudieron directoras y directores de las escuelas e institutos de la UAEH, as\u00ed como familiares de las y los graduados. La ceremonia fue amenizada por la Camerata de Cuerdas de la Universidad \u201cHilvana\u201d.<\/p><p>\u00a0<\/p>\t\t\t\t\t\t<\/div>\n\t\t\t\t<\/div>\n\t\t\t\t\t<\/div>\n\t\t<\/div>\n\t\t\t\t\t\t\t<\/div>\n\t\t<\/section>\n\t\t\t\t\t\t\t<\/div>\n\t\t","protected":false},"excerpt":{"rendered":"<p>*El Aula Magna \u201cAlfonso Cravioto Mejorada\u201d fue el escenario para la entrega del t\u00edtulo profesional *Familiares, amigos y docentes presenciaron tambi\u00e9n la ceremonia Pachuca, Hgo., 4 de julio de 2024.- Un total de 696 estudiantes que culminaron satisfactoriamente sus estudios de nivel licenciatura, se les tom\u00f3 la protesta de Ley para que este nuevo grupo [&hellip;]<\/p>\n","protected":false},"author":1,"featured_media":48621,"comment_status":"closed","ping_status":"closed","sticky":false,"template":"","format":"standard","meta":[],"categories":[4],"tags":[],"_links":{"self":[{"href":"https:\/\/www.diarionoti7.com.mx\/index.php?rest_route=\/wp\/v2\/posts\/48619"}],"collection":[{"href":"https:\/\/www.diarionoti7.com.mx\/index.php?rest_route=\/wp\/v2\/posts"}],"about":[{"href":"https:\/\/www.diarionoti7.com.mx\/index.php?rest_route=\/wp\/v2\/types\/post"}],"author":[{"embeddable":true,"href":"https:\/\/www.diarionoti7.com.mx\/index.php?rest_route=\/wp\/v2\/users\/1"}],"replies":[{"embeddable":true,"href":"https:\/\/www.diarionoti7.com.mx\/index.php?rest_route=%2Fwp%2Fv2%2Fcomments&post=48619"}],"version-history":[{"count":4,"href":"https:\/\/www.diarionoti7.com.mx\/index.php?rest_route=\/wp\/v2\/posts\/48619\/revisions"}],"predecessor-version":[{"id":48624,"href":"https:\/\/www.diarionoti7.com.mx\/index.php?rest_route=\/wp\/v2\/posts\/48619\/revisions\/48624"}],"wp:featuredmedia":[{"embeddable":true,"href":"https:\/\/www.diarionoti7.com.mx\/index.php?rest_route=\/wp\/v2\/media\/48621"}],"wp:attachment":[{"href":"https:\/\/www.diarionoti7.com.mx\/index.php?rest_route=%2Fwp%2Fv2%2Fmedia&parent=48619"}],"wp:term":[{"taxonomy":"category","embeddable":true,"href":"https:\/\/www.diarionoti7.com.mx\/index.php?rest_route=%2Fwp%2Fv2%2Fcategories&post=48619"},{"taxonomy":"post_tag","embeddable":true,"href":"https:\/\/www.diarionoti7.com.mx\/index.php?rest_route=%2Fwp%2Fv2%2Ftags&post=48619"}],"curies":[{"name":"wp","href":"https:\/\/api.w.org\/{rel}","templated":true}]}}