{"id":48613,"date":"2024-07-05T16:52:19","date_gmt":"2024-07-05T16:52:19","guid":{"rendered":"https:\/\/www.diarionoti7.com.mx\/?p=48613"},"modified":"2024-07-05T16:53:12","modified_gmt":"2024-07-05T16:53:12","slug":"la-seph-y-el-itaih-firman-convenio-de-colaboracion-para-socializar-los-derechos-de-acceso-a-la-informacion-publica-y-proteccion-de-datos-personales","status":"publish","type":"post","link":"https:\/\/www.diarionoti7.com.mx\/?p=48613","title":{"rendered":"La SEPH y El ITAIH Firman Convenio de Colaboraci\u00f3n Para Socializar los Derechos de Acceso a la Informaci\u00f3n P\u00fablica y Protecci\u00f3n de Datos Personales"},"content":{"rendered":"\t\t<div data-elementor-type=\"wp-post\" data-elementor-id=\"48613\" class=\"elementor elementor-48613\">\n\t\t\t\t\t\t\t\t\t<section class=\"elementor-section elementor-top-section elementor-element elementor-element-c09b8f0 elementor-section-boxed elementor-section-height-default elementor-section-height-default\" data-id=\"c09b8f0\" data-element_type=\"section\">\n\t\t\t\t\t\t<div class=\"elementor-container elementor-column-gap-default\">\n\t\t\t\t\t<div class=\"elementor-column elementor-col-100 elementor-top-column elementor-element elementor-element-955a561\" data-id=\"955a561\" data-element_type=\"column\">\n\t\t\t<div class=\"elementor-widget-wrap elementor-element-populated\">\n\t\t\t\t\t\t\t\t<div class=\"elementor-element elementor-element-0ce869c elementor-widget elementor-widget-text-editor\" data-id=\"0ce869c\" data-element_type=\"widget\" data-widget_type=\"text-editor.default\">\n\t\t\t\t<div class=\"elementor-widget-container\">\n\t\t\t<style>\/*! elementor - v3.10.2 - 29-01-2023 *\/\n.elementor-widget-text-editor.elementor-drop-cap-view-stacked .elementor-drop-cap{background-color:#818a91;color:#fff}.elementor-widget-text-editor.elementor-drop-cap-view-framed .elementor-drop-cap{color:#818a91;border:3px solid;background-color:transparent}.elementor-widget-text-editor:not(.elementor-drop-cap-view-default) .elementor-drop-cap{margin-top:8px}.elementor-widget-text-editor:not(.elementor-drop-cap-view-default) .elementor-drop-cap-letter{width:1em;height:1em}.elementor-widget-text-editor .elementor-drop-cap{float:left;text-align:center;line-height:1;font-size:50px}.elementor-widget-text-editor .elementor-drop-cap-letter{display:inline-block}<\/style>\t\t\t\t<p><strong>Pachuca, Hgo., 4 de julio de 2024.-<\/strong> Con el prop\u00f3sito de socializar los derechos de acceso a la informaci\u00f3n p\u00fablica incluyendo la transparencia gubernamental y de protecci\u00f3n de datos personales en la poblaci\u00f3n a trav\u00e9s de acciones de difusi\u00f3n, principalmente enfocadas a grupos hist\u00f3ricamente vulnerables, el Instituto de Transparencia, Acceso a la Informaci\u00f3n P\u00fablica Gubernamental y Protecci\u00f3n de Datos Personales del Estado de Hidalgo (ITAIH) y la Secretar\u00eda de Educaci\u00f3n P\u00fablica de Hidalgo (SEPH) a trav\u00e9s de la Subsecretar\u00eda de Educaci\u00f3n Media Superior y Superior firmaron un convenio de colaboraci\u00f3n que beneficiar\u00e1 a la poblaci\u00f3n estudiantil, personal docente y administrativo.<\/p><p>Con sede en el Instituto Tecnol\u00f3gico Superior del Occidente del Estado de Hidalgo (ITSOEH) la Comisionada Presidenta del ITAIH Myrna Moncada Mahuem destac\u00f3 que el ITAIH y la SEPH en colaboraci\u00f3n con las Unidades de transparencia capacitaran a todos las personas servidoras p\u00fablicas, docentes y acad\u00e9micos en materia de acceso a la informaci\u00f3n y a su vez se fomentar\u00e1 la cultura de la transparencia y rendici\u00f3n de cuentas, dando cumplimiento a sus atribuciones como Sujeto Obligado, establecidos por la Ley en la materia; respecto a la protecci\u00f3n de datos personales, se estar\u00e1 en condiciones de brindar seguridad a los titulares de los datos personales, en cuanto a que los mismos no ser\u00e1n vulnerados, esto mediante el cumplimiento de los principios y deberes a que tienen como Sujetos Obligados.<\/p><p>Por su parte el Subsecretario de Educaci\u00f3n Media Superior y Superior, Daniel Fragoso Torres, se\u00f1al\u00f3 que para tener personal administrativo con experiencia en acceso a la informaci\u00f3n se impartir\u00e1n talleres, conferencias con el objetivo de que brinden de manera eficiente el derecho de acceso a la informaci\u00f3n a las personas que as\u00ed lo deseen y a su vez difundan su quehacer institucional por medio de la publicaci\u00f3n de sus obligaciones de transparencia; as\u00ed mismo, recibir\u00e1n capacitaciones para desarrollar las actividades y tareas que la ley establece como herramientas para dar certeza al adecuado tratamiento de los datos personales que recaben, tales como el documento de seguridad y los avisos de privacidad.<\/p><p>Como parte de este convenio el personal docente ser\u00e1 capacitado para que a trav\u00e9s de ellos fomenten en la comunidad estudiantil, la cultura de la transparencia y el ejercicio del derecho de acceso a la informaci\u00f3n, para que de estos puedan beneficiarse de los diversos programas sociales que ofertan los gobiernos municipales, estatales, federales y a su vez funjan como herramienta para realizar investigaciones o recopilar informaci\u00f3n de inter\u00e9s p\u00fablico; tambi\u00e9n recibir\u00e1n talleres para que a trav\u00e9s de ellos concienticen al alumnado sobre la importancia de la protecci\u00f3n de sus datos personales y sobre el ejercicio eficiente de sus derechos ARCO.<\/p><p>En esta firma de convenio estuvieron presentes las directoras, directores, rectoras y rectores de las Instituciones de nivel superior de la SEPH en Hidalgo.<\/p>\t\t\t\t\t\t<\/div>\n\t\t\t\t<\/div>\n\t\t\t\t\t<\/div>\n\t\t<\/div>\n\t\t\t\t\t\t\t<\/div>\n\t\t<\/section>\n\t\t\t\t\t\t\t<\/div>\n\t\t","protected":false},"excerpt":{"rendered":"<p>Pachuca, Hgo., 4 de julio de 2024.- Con el prop\u00f3sito de socializar los derechos de acceso a la informaci\u00f3n p\u00fablica incluyendo la transparencia gubernamental y de protecci\u00f3n de datos personales en la poblaci\u00f3n a trav\u00e9s de acciones de difusi\u00f3n, principalmente enfocadas a grupos hist\u00f3ricamente vulnerables, el Instituto de Transparencia, Acceso a la Informaci\u00f3n P\u00fablica Gubernamental [&hellip;]<\/p>\n","protected":false},"author":1,"featured_media":48615,"comment_status":"closed","ping_status":"closed","sticky":false,"template":"","format":"standard","meta":[],"categories":[4],"tags":[],"_links":{"self":[{"href":"https:\/\/www.diarionoti7.com.mx\/index.php?rest_route=\/wp\/v2\/posts\/48613"}],"collection":[{"href":"https:\/\/www.diarionoti7.com.mx\/index.php?rest_route=\/wp\/v2\/posts"}],"about":[{"href":"https:\/\/www.diarionoti7.com.mx\/index.php?rest_route=\/wp\/v2\/types\/post"}],"author":[{"embeddable":true,"href":"https:\/\/www.diarionoti7.com.mx\/index.php?rest_route=\/wp\/v2\/users\/1"}],"replies":[{"embeddable":true,"href":"https:\/\/www.diarionoti7.com.mx\/index.php?rest_route=%2Fwp%2Fv2%2Fcomments&post=48613"}],"version-history":[{"count":4,"href":"https:\/\/www.diarionoti7.com.mx\/index.php?rest_route=\/wp\/v2\/posts\/48613\/revisions"}],"predecessor-version":[{"id":48618,"href":"https:\/\/www.diarionoti7.com.mx\/index.php?rest_route=\/wp\/v2\/posts\/48613\/revisions\/48618"}],"wp:featuredmedia":[{"embeddable":true,"href":"https:\/\/www.diarionoti7.com.mx\/index.php?rest_route=\/wp\/v2\/media\/48615"}],"wp:attachment":[{"href":"https:\/\/www.diarionoti7.com.mx\/index.php?rest_route=%2Fwp%2Fv2%2Fmedia&parent=48613"}],"wp:term":[{"taxonomy":"category","embeddable":true,"href":"https:\/\/www.diarionoti7.com.mx\/index.php?rest_route=%2Fwp%2Fv2%2Fcategories&post=48613"},{"taxonomy":"post_tag","embeddable":true,"href":"https:\/\/www.diarionoti7.com.mx\/index.php?rest_route=%2Fwp%2Fv2%2Ftags&post=48613"}],"curies":[{"name":"wp","href":"https:\/\/api.w.org\/{rel}","templated":true}]}}