{"id":48464,"date":"2024-07-03T17:22:21","date_gmt":"2024-07-03T17:22:21","guid":{"rendered":"https:\/\/www.diarionoti7.com.mx\/?p=48464"},"modified":"2024-07-03T17:23:43","modified_gmt":"2024-07-03T17:23:43","slug":"obra-de-pavimentacion-en-san-jose-tepenene-un-beneficio-para-la-comunidad","status":"publish","type":"post","link":"https:\/\/www.diarionoti7.com.mx\/?p=48464","title":{"rendered":"Obra de Pavimentaci\u00f3n en San Jos\u00e9 Tepenene, Un Beneficio Para la Comunidad"},"content":{"rendered":"\t\t<div data-elementor-type=\"wp-post\" data-elementor-id=\"48464\" class=\"elementor elementor-48464\">\n\t\t\t\t\t\t\t\t\t<section class=\"elementor-section elementor-top-section elementor-element elementor-element-c09b8f0 elementor-section-boxed elementor-section-height-default elementor-section-height-default\" data-id=\"c09b8f0\" data-element_type=\"section\">\n\t\t\t\t\t\t<div class=\"elementor-container elementor-column-gap-default\">\n\t\t\t\t\t<div class=\"elementor-column elementor-col-100 elementor-top-column elementor-element elementor-element-955a561\" data-id=\"955a561\" data-element_type=\"column\">\n\t\t\t<div class=\"elementor-widget-wrap elementor-element-populated\">\n\t\t\t\t\t\t\t\t<div class=\"elementor-element elementor-element-0ce869c elementor-widget elementor-widget-text-editor\" data-id=\"0ce869c\" data-element_type=\"widget\" data-widget_type=\"text-editor.default\">\n\t\t\t\t<div class=\"elementor-widget-container\">\n\t\t\t<style>\/*! elementor - v3.10.2 - 29-01-2023 *\/\n.elementor-widget-text-editor.elementor-drop-cap-view-stacked .elementor-drop-cap{background-color:#818a91;color:#fff}.elementor-widget-text-editor.elementor-drop-cap-view-framed .elementor-drop-cap{color:#818a91;border:3px solid;background-color:transparent}.elementor-widget-text-editor:not(.elementor-drop-cap-view-default) .elementor-drop-cap{margin-top:8px}.elementor-widget-text-editor:not(.elementor-drop-cap-view-default) .elementor-drop-cap-letter{width:1em;height:1em}.elementor-widget-text-editor .elementor-drop-cap{float:left;text-align:center;line-height:1;font-size:50px}.elementor-widget-text-editor .elementor-drop-cap-letter{display:inline-block}<\/style>\t\t\t\t<p><strong>Pachuca, Hgo., 2 de julio de 2024.-<\/strong>El gobernador Julio Menchaca Salazar supervis\u00f3 y entreg\u00f3 la pavimentaci\u00f3n de la calle 20 de noviembre en la comunidad de San Jos\u00e9 Tepenene, en el municipio de El Arenal, una obra que beneficiar\u00e1 a mil 732 habitantes y que tuvo una inversi\u00f3n de un mill\u00f3n 890 mil 469 pesos<\/p><p>En esta localidad, el gobernador agradeci\u00f3 a los integrantes de los comit\u00e9s de Obra P\u00fablica y de Vigilancia por su tiempo, talento y experiencia, mismos que aportan en beneficio de las y los pobladores.<\/p><p>Tal es el caso de Juan Mart\u00ednez L\u00f3pez, originario de la comunidad de San Jos\u00e9 Tepenene y vecino de la calle 20 de noviembre. Es tambi\u00e9n secretario del Comit\u00e9 de Obra, por lo que mencion\u00f3 que estos trabajos beneficiar\u00e1n a la comunidad al 100 por ciento, ya que esta vialidad es el paso de los ni\u00f1os de la escuela primaria y secundaria, as\u00ed como de gente de diferentes colonias como La Colmena y Centro.<\/p><p>Por ello reconoci\u00f3 a la administraci\u00f3n de Julio Menchaca por los resultados entregados, y se\u00f1al\u00f3, anteriormente era algo complicado pasar porque hab\u00eda lodo, insuficiencia de drenajes, de tomas de agua, entre otras deficiencias.<\/p><p>Del mismo modo, Mariela Guti\u00e9rrez agradeci\u00f3 al gobernador pues, manifest\u00f3, esta pavimentaci\u00f3n \u201cha sido de gran apoyo, porque no cont\u00e1bamos con banquetas, no ten\u00edamos un pavimento bueno\u201d.<\/p><p>\u201cLos ni\u00f1os llegaban a caerse por la situaci\u00f3n de que hab\u00eda muchos hoyos y baches, y estaba en muy mal estado nuestra calle. Queremos agradecerle por el apoyo, ahora contamos con banquetas, contamos con un pavimento fijo, bueno, con se\u00f1alamiento\u201d.<\/p><p>Con estas acciones, el gobierno de Julio Menchaca Salazar reafirma su compromiso con el bienestar y desarrollo de las comunidades, al mejorar la infraestructura y calidad de vida de sus habitantes.<\/p>\t\t\t\t\t\t<\/div>\n\t\t\t\t<\/div>\n\t\t\t\t\t<\/div>\n\t\t<\/div>\n\t\t\t\t\t\t\t<\/div>\n\t\t<\/section>\n\t\t\t\t<section class=\"elementor-section elementor-top-section elementor-element elementor-element-9823c3f elementor-section-boxed elementor-section-height-default elementor-section-height-default\" data-id=\"9823c3f\" data-element_type=\"section\">\n\t\t\t\t\t\t<div class=\"elementor-container elementor-column-gap-default\">\n\t\t\t\t\t<div class=\"elementor-column elementor-col-100 elementor-top-column elementor-element elementor-element-e99343b\" data-id=\"e99343b\" data-element_type=\"column\">\n\t\t\t<div class=\"elementor-widget-wrap elementor-element-populated\">\n\t\t\t\t\t\t\t\t<div class=\"elementor-element elementor-element-66d4944 elementor-aspect-ratio-169 elementor-widget elementor-widget-video\" data-id=\"66d4944\" data-element_type=\"widget\" data-settings=\"{&quot;youtube_url&quot;:&quot;https:\\\/\\\/youtu.be\\\/yElq_XTnsQo&quot;,&quot;video_type&quot;:&quot;youtube&quot;,&quot;controls&quot;:&quot;yes&quot;,&quot;aspect_ratio&quot;:&quot;169&quot;}\" data-widget_type=\"video.default\">\n\t\t\t\t<div class=\"elementor-widget-container\">\n\t\t\t<style>\/*! elementor - v3.10.2 - 29-01-2023 *\/\n.elementor-widget-video .elementor-widget-container{overflow:hidden;transform:translateZ(0)}.elementor-widget-video .elementor-open-inline .elementor-custom-embed-image-overlay{position:absolute;top:0;left:0;width:100%;height:100%;background-size:cover;background-position:50%}.elementor-widget-video .elementor-custom-embed-image-overlay{cursor:pointer;text-align:center}.elementor-widget-video .elementor-custom-embed-image-overlay:hover .elementor-custom-embed-play i{opacity:1}.elementor-widget-video .elementor-custom-embed-image-overlay img{display:block;width:100%}.elementor-widget-video .e-hosted-video .elementor-video{-o-object-fit:cover;object-fit:cover}.e-con-inner>.elementor-widget-video,.e-con>.elementor-widget-video{width:var(--container-widget-width);--flex-grow:var(--container-widget-flex-grow)}<\/style>\t\t<div class=\"elementor-wrapper elementor-fit-aspect-ratio elementor-open-inline\">\n\t\t\t<div class=\"elementor-video\"><\/div>\t\t<\/div>\n\t\t\t\t<\/div>\n\t\t\t\t<\/div>\n\t\t\t\t\t<\/div>\n\t\t<\/div>\n\t\t\t\t\t\t\t<\/div>\n\t\t<\/section>\n\t\t\t\t\t\t\t<\/div>\n\t\t","protected":false},"excerpt":{"rendered":"<p>Pachuca, Hgo., 2 de julio de 2024.-El gobernador Julio Menchaca Salazar supervis\u00f3 y entreg\u00f3 la pavimentaci\u00f3n de la calle 20 de noviembre en la comunidad de San Jos\u00e9 Tepenene, en el municipio de El Arenal, una obra que beneficiar\u00e1 a mil 732 habitantes y que tuvo una inversi\u00f3n de un mill\u00f3n 890 mil 469 pesos [&hellip;]<\/p>\n","protected":false},"author":1,"featured_media":48466,"comment_status":"closed","ping_status":"closed","sticky":false,"template":"","format":"standard","meta":[],"categories":[7],"tags":[],"_links":{"self":[{"href":"https:\/\/www.diarionoti7.com.mx\/index.php?rest_route=\/wp\/v2\/posts\/48464"}],"collection":[{"href":"https:\/\/www.diarionoti7.com.mx\/index.php?rest_route=\/wp\/v2\/posts"}],"about":[{"href":"https:\/\/www.diarionoti7.com.mx\/index.php?rest_route=\/wp\/v2\/types\/post"}],"author":[{"embeddable":true,"href":"https:\/\/www.diarionoti7.com.mx\/index.php?rest_route=\/wp\/v2\/users\/1"}],"replies":[{"embeddable":true,"href":"https:\/\/www.diarionoti7.com.mx\/index.php?rest_route=%2Fwp%2Fv2%2Fcomments&post=48464"}],"version-history":[{"count":4,"href":"https:\/\/www.diarionoti7.com.mx\/index.php?rest_route=\/wp\/v2\/posts\/48464\/revisions"}],"predecessor-version":[{"id":48469,"href":"https:\/\/www.diarionoti7.com.mx\/index.php?rest_route=\/wp\/v2\/posts\/48464\/revisions\/48469"}],"wp:featuredmedia":[{"embeddable":true,"href":"https:\/\/www.diarionoti7.com.mx\/index.php?rest_route=\/wp\/v2\/media\/48466"}],"wp:attachment":[{"href":"https:\/\/www.diarionoti7.com.mx\/index.php?rest_route=%2Fwp%2Fv2%2Fmedia&parent=48464"}],"wp:term":[{"taxonomy":"category","embeddable":true,"href":"https:\/\/www.diarionoti7.com.mx\/index.php?rest_route=%2Fwp%2Fv2%2Fcategories&post=48464"},{"taxonomy":"post_tag","embeddable":true,"href":"https:\/\/www.diarionoti7.com.mx\/index.php?rest_route=%2Fwp%2Fv2%2Ftags&post=48464"}],"curies":[{"name":"wp","href":"https:\/\/api.w.org\/{rel}","templated":true}]}}