{"id":4614,"date":"2023-03-21T18:31:48","date_gmt":"2023-03-21T18:31:48","guid":{"rendered":"https:\/\/www.diarionoti7.com.mx\/?p=4614"},"modified":"2023-03-21T18:35:16","modified_gmt":"2023-03-21T18:35:16","slug":"sentencia-de-25-anos-de-prision-para-una-persona-responsable-de-feminicido","status":"publish","type":"post","link":"https:\/\/www.diarionoti7.com.mx\/?p=4614","title":{"rendered":"Sentencia de 25 A\u00f1os de Prisi\u00f3n Para Una Persona Responsable de Feminicido"},"content":{"rendered":"\t\t<div data-elementor-type=\"wp-post\" data-elementor-id=\"4614\" class=\"elementor elementor-4614\">\n\t\t\t\t\t\t\t\t\t<section class=\"elementor-section elementor-top-section elementor-element elementor-element-51c23a4c elementor-section-boxed elementor-section-height-default elementor-section-height-default\" data-id=\"51c23a4c\" data-element_type=\"section\">\n\t\t\t\t\t\t<div class=\"elementor-container elementor-column-gap-default\">\n\t\t\t\t\t<div class=\"elementor-column elementor-col-100 elementor-top-column elementor-element elementor-element-7d2e0b6e\" data-id=\"7d2e0b6e\" data-element_type=\"column\">\n\t\t\t<div class=\"elementor-widget-wrap elementor-element-populated\">\n\t\t\t\t\t\t\t\t<div class=\"elementor-element elementor-element-2f2290cd elementor-widget elementor-widget-text-editor\" data-id=\"2f2290cd\" data-element_type=\"widget\" data-widget_type=\"text-editor.default\">\n\t\t\t\t<div class=\"elementor-widget-container\">\n\t\t\t<style>\/*! elementor - v3.10.2 - 29-01-2023 *\/\n.elementor-widget-text-editor.elementor-drop-cap-view-stacked .elementor-drop-cap{background-color:#818a91;color:#fff}.elementor-widget-text-editor.elementor-drop-cap-view-framed .elementor-drop-cap{color:#818a91;border:3px solid;background-color:transparent}.elementor-widget-text-editor:not(.elementor-drop-cap-view-default) .elementor-drop-cap{margin-top:8px}.elementor-widget-text-editor:not(.elementor-drop-cap-view-default) .elementor-drop-cap-letter{width:1em;height:1em}.elementor-widget-text-editor .elementor-drop-cap{float:left;text-align:center;line-height:1;font-size:50px}.elementor-widget-text-editor .elementor-drop-cap-letter{display:inline-block}<\/style>\t\t\t\t<p><strong>Pachuca, Hgo. 20 de marzo de 2023.-<\/strong>Investigaciones coordinadas por personal ministerial adscrito a\u00a0 la Fiscal\u00eda de Delitos de G\u00e9nero y Trata de Personas, acreditaron ante la autoridad judicial la plena responsabilidad de una persona en el delito de feminicidio.<\/p><p>De acuerdo con los hechos, el 21 de marzo de 2020 reportaron ante esta representaci\u00f3n social el hallazgo del cuerpo sin vida de una persona de sexo femenino, en el municipio de Metztitl\u00e1n, por lo que la Procuradur\u00eda General de Justicia del Estado de Hidalgo (PGJEH), inici\u00f3 a la carpeta de investigaci\u00f3n y comenz\u00f3 las indagatorias con protocolo de feminicidio.<\/p><p>El Ministerio P\u00fablico se alleg\u00f3 de datos de prueba que sirvieron para establecer la identidad del probable responsable, identificado con las iniciales G. M. N., persona por quien esta representaci\u00f3n social solicit\u00f3 la orden de aprehensi\u00f3n y posteriormente dicho mandamiento judicial fue ejecutado por agentes de la Divisi\u00f3n de Investigaci\u00f3n de la PGJEH.<\/p><p>La persona aprehendida fue presentada ante un juez de control, mismo que en audiencia inicial dict\u00f3 la vinculaci\u00f3n a proceso con base en la formulaci\u00f3n de imputaci\u00f3n a cargo de esta representaci\u00f3n social.<\/p><p>Una vez agotadas las etapas del proceso penal, la Fiscal\u00eda de Delitos de G\u00e9nero y Trata de Personas obtuvo del tribunal de enjuiciamiento, sentencia condenatoria para G. M. N., con una pena privativa de la libertad de 25 a\u00f1os.<\/p><p>\u00a0<\/p>\t\t\t\t\t\t<\/div>\n\t\t\t\t<\/div>\n\t\t\t\t\t<\/div>\n\t\t<\/div>\n\t\t\t\t\t\t\t<\/div>\n\t\t<\/section>\n\t\t\t\t\t\t\t<\/div>\n\t\t","protected":false},"excerpt":{"rendered":"<p>Pachuca, Hgo. 20 de marzo de 2023.-Investigaciones coordinadas por personal ministerial adscrito a\u00a0 la Fiscal\u00eda de Delitos de G\u00e9nero y Trata de Personas, acreditaron ante la autoridad judicial la plena responsabilidad de una persona en el delito de feminicidio. De acuerdo con los hechos, el 21 de marzo de 2020 reportaron ante esta representaci\u00f3n social [&hellip;]<\/p>\n","protected":false},"author":1,"featured_media":4617,"comment_status":"closed","ping_status":"closed","sticky":false,"template":"","format":"standard","meta":[],"categories":[22],"tags":[],"_links":{"self":[{"href":"https:\/\/www.diarionoti7.com.mx\/index.php?rest_route=\/wp\/v2\/posts\/4614"}],"collection":[{"href":"https:\/\/www.diarionoti7.com.mx\/index.php?rest_route=\/wp\/v2\/posts"}],"about":[{"href":"https:\/\/www.diarionoti7.com.mx\/index.php?rest_route=\/wp\/v2\/types\/post"}],"author":[{"embeddable":true,"href":"https:\/\/www.diarionoti7.com.mx\/index.php?rest_route=\/wp\/v2\/users\/1"}],"replies":[{"embeddable":true,"href":"https:\/\/www.diarionoti7.com.mx\/index.php?rest_route=%2Fwp%2Fv2%2Fcomments&post=4614"}],"version-history":[{"count":4,"href":"https:\/\/www.diarionoti7.com.mx\/index.php?rest_route=\/wp\/v2\/posts\/4614\/revisions"}],"predecessor-version":[{"id":4620,"href":"https:\/\/www.diarionoti7.com.mx\/index.php?rest_route=\/wp\/v2\/posts\/4614\/revisions\/4620"}],"wp:featuredmedia":[{"embeddable":true,"href":"https:\/\/www.diarionoti7.com.mx\/index.php?rest_route=\/wp\/v2\/media\/4617"}],"wp:attachment":[{"href":"https:\/\/www.diarionoti7.com.mx\/index.php?rest_route=%2Fwp%2Fv2%2Fmedia&parent=4614"}],"wp:term":[{"taxonomy":"category","embeddable":true,"href":"https:\/\/www.diarionoti7.com.mx\/index.php?rest_route=%2Fwp%2Fv2%2Fcategories&post=4614"},{"taxonomy":"post_tag","embeddable":true,"href":"https:\/\/www.diarionoti7.com.mx\/index.php?rest_route=%2Fwp%2Fv2%2Ftags&post=4614"}],"curies":[{"name":"wp","href":"https:\/\/api.w.org\/{rel}","templated":true}]}}