{"id":4612,"date":"2023-03-21T18:20:08","date_gmt":"2023-03-21T18:20:08","guid":{"rendered":"https:\/\/www.diarionoti7.com.mx\/?p=4612"},"modified":"2023-03-21T18:36:55","modified_gmt":"2023-03-21T18:36:55","slug":"tras-una-balacera-policia-estatal-arresto-en-una-casa-de-seguridad-en-san-miguel-vindho-a-siete-integrantes-de-grupo-criminal","status":"publish","type":"post","link":"https:\/\/www.diarionoti7.com.mx\/?p=4612","title":{"rendered":"Tras una Balacera  Polic\u00eda Estatal, Arresto en Una &#8220;Casa de Seguridad&#8221; en San Miguel Vindho a Siete Integrantes  de Grupo Criminal"},"content":{"rendered":"\t\t<div data-elementor-type=\"wp-post\" data-elementor-id=\"4612\" class=\"elementor elementor-4612\">\n\t\t\t\t\t\t\t\t\t<section class=\"elementor-section elementor-top-section elementor-element elementor-element-51c23a4c elementor-section-boxed elementor-section-height-default elementor-section-height-default\" data-id=\"51c23a4c\" data-element_type=\"section\">\n\t\t\t\t\t\t<div class=\"elementor-container elementor-column-gap-default\">\n\t\t\t\t\t<div class=\"elementor-column elementor-col-100 elementor-top-column elementor-element elementor-element-7d2e0b6e\" data-id=\"7d2e0b6e\" data-element_type=\"column\">\n\t\t\t<div class=\"elementor-widget-wrap elementor-element-populated\">\n\t\t\t\t\t\t\t\t<div class=\"elementor-element elementor-element-2f2290cd elementor-widget elementor-widget-text-editor\" data-id=\"2f2290cd\" data-element_type=\"widget\" data-widget_type=\"text-editor.default\">\n\t\t\t\t<div class=\"elementor-widget-container\">\n\t\t\t<style>\/*! elementor - v3.10.2 - 29-01-2023 *\/\n.elementor-widget-text-editor.elementor-drop-cap-view-stacked .elementor-drop-cap{background-color:#818a91;color:#fff}.elementor-widget-text-editor.elementor-drop-cap-view-framed .elementor-drop-cap{color:#818a91;border:3px solid;background-color:transparent}.elementor-widget-text-editor:not(.elementor-drop-cap-view-default) .elementor-drop-cap{margin-top:8px}.elementor-widget-text-editor:not(.elementor-drop-cap-view-default) .elementor-drop-cap-letter{width:1em;height:1em}.elementor-widget-text-editor .elementor-drop-cap{float:left;text-align:center;line-height:1;font-size:50px}.elementor-widget-text-editor .elementor-drop-cap-letter{display:inline-block}<\/style>\t\t\t\t<p><strong>*Vecinos de San Miguel\u00a0 Bindh\u00f3 , Reportaron a Hombres Armados en una Azotea y se Desato una Balacera<\/strong><\/p><p><strong>*Los hombres de la azotea eran Polic\u00edas Ministeriales que investigaban una denuncia respecto a que la vivienda es presuntamente una &#8220;casa de seguridad&#8221; de un grupo delincuencial.<\/strong><\/p><p><strong>Tula de Allende, Hgo. 20 de marzo 2023.-<\/strong> Una balacera, la presencia de personas armadas en las calles, robo de veh\u00edculos y el presunto aseguramiento de una &#8220;casa de seguridad&#8221; se report\u00f3 la tarde de hoy, lunes 20 de marzo, en la comunidad de San Miguel Vindh\u00f3. Y por estos hechos que est\u00e1n vinculados, las corporaciones policiacas mantienen en la regi\u00f3n un operativo de localizaci\u00f3n de personas armadas.<\/p><p>Al momento no hay informaci\u00f3n oficial, a\u00fan por parte de ninguna corporaci\u00f3n policiaca ha declarado nada al respecto a lo ocurrido, pero seg\u00fan reportaron vecinos de la calle Pachuca, de San Miguel Vindh\u00f3, alrededor de las 14:30 horas se gener\u00f3 un cruento enfrentamiento armado.<\/p><p>Informaron que primero observaron a hombres armados en la azotea de una casa, desde la cual inspeccionaban la casa vecina y creyeron que los sujetos intentaban perpetrar un robo, por lo que pidieron ayuda de la polic\u00eda municipal.<\/p><p>Pero casi de inmediato se desat\u00f3 una balacera, pues desde el interior de la vivienda comenzaron a disparar y la agresi\u00f3n fue repelida por los hombres que se encontraban en la azotea.<\/p><p>Despu\u00e9s se enteraron que al parecer los hombres de la azotea eran Polic\u00edas Ministeriales que investigaban una denuncia respecto a que la vivienda es presuntamente una &#8220;casa de seguridad&#8221; de un grupo delincuencial.<\/p><p>Durante la refriega algunos de los moradores de la casa salieron corriendo llevando consigo armas largas. Los testigos refieren que algunos se dirigieron hacia Los Naranjos y otros hacia el centro para dirigirse a La Loma. En el centro de San Miguel Vindho uno de ellos dej\u00f3 tirada una arma larga.<\/p><p>Al menos dos de los sujetos que iban en huida, explicaron los colonos, cruzaron por un callej\u00f3n para llegar al boulevard del Cooperativismo donde despojaron a dos mujeres de un veh\u00edculo y huyeron hacia la carretera que conduce a Dengu\u00ed, de lo cual se di\u00f3 aviso al n\u00famero de Emergencias 911, por lo que la polic\u00eda municipal despleg\u00f3 un operativo de localizaci\u00f3n.<\/p><p>Luego, Agentes adscritos a la direcci\u00f3n de Seguridad P\u00fablica y Tr\u00e1nsito Municipal de Atotonilco de Tula, recibieron, una solicitud de las corporaciones policiacas de Tula que realizaban la persecuci\u00f3n de un veh\u00edculo Volkswagen Jetta, color gris que hab\u00eda sido robado a una familia minutos antes en la comunidad de San Miguel Vindh\u00f3.<\/p><p>El veh\u00edculo, indica el reporte policiaco de Atotonilco de Tula, transitaba a exceso de velocidad sobre la carretera federal Jorobas-Tula, en direcci\u00f3n a Huehuetoca, por lo que avanzaron para interceptar el autom\u00f3vil robado y hacen contacto con los criminales a la altura de la Calera Procal 2000.<\/p><p>El conductor fue asegurado por polic\u00edas de Tula, sin embargo, otro de los delincuentes intent\u00f3 escapar a pie, pero es atrapado por los agentes de seguridad de Atotonilco de Tula. El detenido se identific\u00f3 como originario de Guadalajara, Jalisco.<\/p><p>La corporaci\u00f3n inform\u00f3 que la detenci\u00f3n se realiz\u00f3 en medio de amplio operativo realizado por efectivos policiacos estatales en Tula, donde arrestaron en una &#8220;Casa de Seguridad&#8221; de la comunidad de San Miguel Vindho a cinco integrantes de un grupo criminal.<\/p><p>De tal manera que con la detenci\u00f3n de los dos hombres que viajaban en el Volkswagen Jetta, color gris, suman siete las personas aseguradas.<\/p>\t\t\t\t\t\t<\/div>\n\t\t\t\t<\/div>\n\t\t\t\t\t<\/div>\n\t\t<\/div>\n\t\t\t\t\t\t\t<\/div>\n\t\t<\/section>\n\t\t\t\t\t\t\t<\/div>\n\t\t","protected":false},"excerpt":{"rendered":"<p>*Vecinos de San Miguel\u00a0 Bindh\u00f3 , Reportaron a Hombres Armados en una Azotea y se Desato una Balacera *Los hombres de la azotea eran Polic\u00edas Ministeriales que investigaban una denuncia respecto a que la vivienda es presuntamente una &#8220;casa de seguridad&#8221; de un grupo delincuencial. Tula de Allende, Hgo. 20 de marzo 2023.- Una balacera, [&hellip;]<\/p>\n","protected":false},"author":1,"featured_media":4627,"comment_status":"closed","ping_status":"closed","sticky":false,"template":"","format":"standard","meta":[],"categories":[22],"tags":[],"_links":{"self":[{"href":"https:\/\/www.diarionoti7.com.mx\/index.php?rest_route=\/wp\/v2\/posts\/4612"}],"collection":[{"href":"https:\/\/www.diarionoti7.com.mx\/index.php?rest_route=\/wp\/v2\/posts"}],"about":[{"href":"https:\/\/www.diarionoti7.com.mx\/index.php?rest_route=\/wp\/v2\/types\/post"}],"author":[{"embeddable":true,"href":"https:\/\/www.diarionoti7.com.mx\/index.php?rest_route=\/wp\/v2\/users\/1"}],"replies":[{"embeddable":true,"href":"https:\/\/www.diarionoti7.com.mx\/index.php?rest_route=%2Fwp%2Fv2%2Fcomments&post=4612"}],"version-history":[{"count":4,"href":"https:\/\/www.diarionoti7.com.mx\/index.php?rest_route=\/wp\/v2\/posts\/4612\/revisions"}],"predecessor-version":[{"id":4630,"href":"https:\/\/www.diarionoti7.com.mx\/index.php?rest_route=\/wp\/v2\/posts\/4612\/revisions\/4630"}],"wp:featuredmedia":[{"embeddable":true,"href":"https:\/\/www.diarionoti7.com.mx\/index.php?rest_route=\/wp\/v2\/media\/4627"}],"wp:attachment":[{"href":"https:\/\/www.diarionoti7.com.mx\/index.php?rest_route=%2Fwp%2Fv2%2Fmedia&parent=4612"}],"wp:term":[{"taxonomy":"category","embeddable":true,"href":"https:\/\/www.diarionoti7.com.mx\/index.php?rest_route=%2Fwp%2Fv2%2Fcategories&post=4612"},{"taxonomy":"post_tag","embeddable":true,"href":"https:\/\/www.diarionoti7.com.mx\/index.php?rest_route=%2Fwp%2Fv2%2Ftags&post=4612"}],"curies":[{"name":"wp","href":"https:\/\/api.w.org\/{rel}","templated":true}]}}