{"id":45263,"date":"2024-05-18T20:12:34","date_gmt":"2024-05-18T20:12:34","guid":{"rendered":"https:\/\/www.diarionoti7.com.mx\/?p=45263"},"modified":"2024-05-18T20:13:47","modified_gmt":"2024-05-18T20:13:47","slug":"mujeres-de-la-cmic-se-suman-al-proyecto-de-la-4t-en-mineral-de-la-reforma","status":"publish","type":"post","link":"https:\/\/www.diarionoti7.com.mx\/?p=45263","title":{"rendered":"Mujeres de la CMIC se suman al proyecto de la 4T en Mineral de la Reforma"},"content":{"rendered":"\t\t<div data-elementor-type=\"wp-post\" data-elementor-id=\"45263\" class=\"elementor elementor-45263\">\n\t\t\t\t\t\t\t\t\t<section class=\"elementor-section elementor-top-section elementor-element elementor-element-c09b8f0 elementor-section-boxed elementor-section-height-default elementor-section-height-default\" data-id=\"c09b8f0\" data-element_type=\"section\">\n\t\t\t\t\t\t<div class=\"elementor-container elementor-column-gap-default\">\n\t\t\t\t\t<div class=\"elementor-column elementor-col-100 elementor-top-column elementor-element elementor-element-955a561\" data-id=\"955a561\" data-element_type=\"column\">\n\t\t\t<div class=\"elementor-widget-wrap elementor-element-populated\">\n\t\t\t\t\t\t\t\t<div class=\"elementor-element elementor-element-0ce869c elementor-widget elementor-widget-text-editor\" data-id=\"0ce869c\" data-element_type=\"widget\" data-widget_type=\"text-editor.default\">\n\t\t\t\t<div class=\"elementor-widget-container\">\n\t\t\t<style>\/*! elementor - v3.10.2 - 29-01-2023 *\/\n.elementor-widget-text-editor.elementor-drop-cap-view-stacked .elementor-drop-cap{background-color:#818a91;color:#fff}.elementor-widget-text-editor.elementor-drop-cap-view-framed .elementor-drop-cap{color:#818a91;border:3px solid;background-color:transparent}.elementor-widget-text-editor:not(.elementor-drop-cap-view-default) .elementor-drop-cap{margin-top:8px}.elementor-widget-text-editor:not(.elementor-drop-cap-view-default) .elementor-drop-cap-letter{width:1em;height:1em}.elementor-widget-text-editor .elementor-drop-cap{float:left;text-align:center;line-height:1;font-size:50px}.elementor-widget-text-editor .elementor-drop-cap-letter{display:inline-block}<\/style>\t\t\t\t<p><strong>Mineral de la Reforma, Hidalgo; 17 de mayo de 2024.-<\/strong>Lalo Med\u00e9cigo sostuvo un encuentro con mujeres empresarias representantes de la C\u00e1mara Mexicana de la Industria de la Construcci\u00f3n Hidalgo.<\/p><p>Eduardo Med\u00e9cigo Rubio, candidato com\u00fan de Morena y Nueva Alianza Hidalgo a la presidencia municipal de Mineral de la Reforma, se reuni\u00f3 con mujeres empresarias representantes de la C\u00e1mara Mexicana de la Industria de la Construcci\u00f3n (CMIC) Hidalgo, con el objetivo de generar un v\u00ednculo de comunicaci\u00f3n para crear una alianza y fortalecer el proyecto de la Cuarta Transformaci\u00f3n.<\/p><p>En su discurso, Lalo Med\u00e9cigo dijo que sus principales ejes de campa\u00f1a radican en la pavimentaci\u00f3n, iluminaci\u00f3n, generar una estrategia de seguridad metropolitana, atenci\u00f3n y cuidado a los animalitos en situaci\u00f3n de calle con la creaci\u00f3n de un hospital veterinario y suministro de agua potable.<\/p><p>De igual forma, regularizar la recolecci\u00f3n de desechos s\u00f3lidos, la recuperaci\u00f3n de espacios p\u00fablicos, culturales y deportivos, apoyos a mujeres emprendedoras, la sistematizaci\u00f3n y uso de inteligencia artificial para agilizar procesos del ayuntamiento y los ciudadanos.<\/p><p>El abanderado de la 4T manifest\u00f3 que uno de los principales problemas es que \u201cel municipio no se planific\u00f3, y es esa mala planeaci\u00f3n que hace que se tomen decisiones poco pr\u00e1cticas que hoy lamentamos, porque en una lluvia digamos, no tan fuerte, nos da en la torre a todos, son m\u00e1s de 200 colonias, fraccionamientos y barrios, en una ciudad que incre\u00edblemente est\u00e1 metida en la zona metropolitana\u201d, afirm\u00f3.<\/p><p>El candidato dijo que \u201cconstructores\u201d han hecho el gran negocio en el municipio a costa de lo que hoy se tiene que es una problem\u00e1tica muy grande, ya que las \u00e1reas verdes que han donado, no se pueden utilizar porque son \u00e1reas donde pasan los ductos de Pemex y no se puede introducir maquinaria.<\/p><p>\u201cM\u00e1s que quejarnos, el tema es: \u00bfqu\u00e9 vamos a hacer, hacia d\u00f3nde vamos a caminar?; es muy f\u00e1cil echarle la culpa a los de atr\u00e1s, lo tenemos que se\u00f1alar, pero m\u00e1s que vivir del qu\u00e9 pas\u00f3, es decir c\u00f3mo vamos a sacar adelante el municipio\u201d.<\/p><p>En su intervenci\u00f3n Adis Mayrena Montufar Morales, representante de las mujeres empresarias de la CMIC expres\u00f3 que, a trav\u00e9s de un dialogo directo se le hizo ver a Med\u00e9cigo Rubio las diferentes problem\u00e1ticas del municipio, como lo es el desarrollo urbano.<\/p><p>\u201cNo es un desarrollo que est\u00e9 siendo sostenible en Mineral de la Reforma. Ya nos est\u00e1 pegando mucho el tema de los servicios b\u00e1sicos como el agua ya no est\u00e1n siendo suficientes. Se tiene que hacer una estrategia para que ese problema pueda ser abatido y solucionado por la pr\u00f3xima administraci\u00f3n que llegue\u201d, dijo.<\/p><p>Otra molestia, es la cuesti\u00f3n de las vialidades, pues afirm\u00f3 que \u201cest\u00e1n en deplorables condiciones\u201d; adem\u00e1s, la inseguridad est\u00e1 pegando a las y los empresarios del municipio. Por ello, dijo que es muy importante que se implemente una estrategia coordinada para que se garantice este servicio de seguridad.<\/p><p>Continu\u00f3 argumentando que en la C\u00e1mara Mexicana de la Industria de la Construcci\u00f3n hay mujeres muy t\u00e9cnicas como ingenieras civiles en temas h\u00eddricos que plantearon, en el encuentro con Lalo, propuestas de la creaci\u00f3n de nuevas plantas de tratamiento y pozos de absorci\u00f3n.<\/p><p>\u201cDe todas las alternativas que se pueden llegar a tener para abatir el problema del agua, que estas plantas utilicen en la menor medida posible energ\u00eda el\u00e9ctrica, de tal manera que su uso sea lo m\u00e1s f\u00e1cil posible, para que no queden en el abandono\u201d, dijo.<\/p><p>Finalmente, Adis Mayrena dijo que el proyecto que encabeza Eduardo Med\u00e9cigo Rubio para llegar a la presidencia municipal de Mineral de la Reforma es apoyado por la CMIC con el objetivo de coadyuvar y sumar en torno a solucionar temas de rezago social que tenga que ver con el sector de construcci\u00f3n \u201cestamos totalmente sumados al proyecto\u201d, finaliz\u00f3.<\/p>\t\t\t\t\t\t<\/div>\n\t\t\t\t<\/div>\n\t\t\t\t\t<\/div>\n\t\t<\/div>\n\t\t\t\t\t\t\t<\/div>\n\t\t<\/section>\n\t\t\t\t\t\t\t<\/div>\n\t\t","protected":false},"excerpt":{"rendered":"<p>Mineral de la Reforma, Hidalgo; 17 de mayo de 2024.-Lalo Med\u00e9cigo sostuvo un encuentro con mujeres empresarias representantes de la C\u00e1mara Mexicana de la Industria de la Construcci\u00f3n Hidalgo. Eduardo Med\u00e9cigo Rubio, candidato com\u00fan de Morena y Nueva Alianza Hidalgo a la presidencia municipal de Mineral de la Reforma, se reuni\u00f3 con mujeres empresarias representantes [&hellip;]<\/p>\n","protected":false},"author":1,"featured_media":45265,"comment_status":"closed","ping_status":"closed","sticky":false,"template":"","format":"standard","meta":[],"categories":[6],"tags":[],"_links":{"self":[{"href":"https:\/\/www.diarionoti7.com.mx\/index.php?rest_route=\/wp\/v2\/posts\/45263"}],"collection":[{"href":"https:\/\/www.diarionoti7.com.mx\/index.php?rest_route=\/wp\/v2\/posts"}],"about":[{"href":"https:\/\/www.diarionoti7.com.mx\/index.php?rest_route=\/wp\/v2\/types\/post"}],"author":[{"embeddable":true,"href":"https:\/\/www.diarionoti7.com.mx\/index.php?rest_route=\/wp\/v2\/users\/1"}],"replies":[{"embeddable":true,"href":"https:\/\/www.diarionoti7.com.mx\/index.php?rest_route=%2Fwp%2Fv2%2Fcomments&post=45263"}],"version-history":[{"count":4,"href":"https:\/\/www.diarionoti7.com.mx\/index.php?rest_route=\/wp\/v2\/posts\/45263\/revisions"}],"predecessor-version":[{"id":45268,"href":"https:\/\/www.diarionoti7.com.mx\/index.php?rest_route=\/wp\/v2\/posts\/45263\/revisions\/45268"}],"wp:featuredmedia":[{"embeddable":true,"href":"https:\/\/www.diarionoti7.com.mx\/index.php?rest_route=\/wp\/v2\/media\/45265"}],"wp:attachment":[{"href":"https:\/\/www.diarionoti7.com.mx\/index.php?rest_route=%2Fwp%2Fv2%2Fmedia&parent=45263"}],"wp:term":[{"taxonomy":"category","embeddable":true,"href":"https:\/\/www.diarionoti7.com.mx\/index.php?rest_route=%2Fwp%2Fv2%2Fcategories&post=45263"},{"taxonomy":"post_tag","embeddable":true,"href":"https:\/\/www.diarionoti7.com.mx\/index.php?rest_route=%2Fwp%2Fv2%2Ftags&post=45263"}],"curies":[{"name":"wp","href":"https:\/\/api.w.org\/{rel}","templated":true}]}}