{"id":45072,"date":"2024-05-17T19:44:17","date_gmt":"2024-05-17T19:44:17","guid":{"rendered":"https:\/\/www.diarionoti7.com.mx\/?p=45072"},"modified":"2024-05-17T19:45:08","modified_gmt":"2024-05-17T19:45:08","slug":"sin-educacion-no-hay-transformacion-daniel-andrade","status":"publish","type":"post","link":"https:\/\/www.diarionoti7.com.mx\/?p=45072","title":{"rendered":"\u00a1Sin Educaci\u00f3n No Hay Transformaci\u00f3n!: Daniel Andrade"},"content":{"rendered":"\t\t<div data-elementor-type=\"wp-post\" data-elementor-id=\"45072\" class=\"elementor elementor-45072\">\n\t\t\t\t\t\t\t\t\t<section class=\"elementor-section elementor-top-section elementor-element elementor-element-c09b8f0 elementor-section-boxed elementor-section-height-default elementor-section-height-default\" data-id=\"c09b8f0\" data-element_type=\"section\">\n\t\t\t\t\t\t<div class=\"elementor-container elementor-column-gap-default\">\n\t\t\t\t\t<div class=\"elementor-column elementor-col-100 elementor-top-column elementor-element elementor-element-955a561\" data-id=\"955a561\" data-element_type=\"column\">\n\t\t\t<div class=\"elementor-widget-wrap elementor-element-populated\">\n\t\t\t\t\t\t\t\t<div class=\"elementor-element elementor-element-0ce869c elementor-widget elementor-widget-text-editor\" data-id=\"0ce869c\" data-element_type=\"widget\" data-widget_type=\"text-editor.default\">\n\t\t\t\t<div class=\"elementor-widget-container\">\n\t\t\t<style>\/*! elementor - v3.10.2 - 29-01-2023 *\/\n.elementor-widget-text-editor.elementor-drop-cap-view-stacked .elementor-drop-cap{background-color:#818a91;color:#fff}.elementor-widget-text-editor.elementor-drop-cap-view-framed .elementor-drop-cap{color:#818a91;border:3px solid;background-color:transparent}.elementor-widget-text-editor:not(.elementor-drop-cap-view-default) .elementor-drop-cap{margin-top:8px}.elementor-widget-text-editor:not(.elementor-drop-cap-view-default) .elementor-drop-cap-letter{width:1em;height:1em}.elementor-widget-text-editor .elementor-drop-cap{float:left;text-align:center;line-height:1;font-size:50px}.elementor-widget-text-editor .elementor-drop-cap-letter{display:inline-block}<\/style>\t\t\t\t<p><strong>Huejutla, Hgo<\/strong>. <strong>16 de mayo 2024.-<\/strong> Daniel Andrade Zurutuza, candidato de los partidos Morena y Nueva Alianza a diputado federal por el Distrito 01 con cabecera en Huejutla de Reyes, reconoci\u00f3 la labor fundamental de los maestros y maestras en la Sierra y Huasteca del estado de Hidalgo, como el pilar fundamental para la construcci\u00f3n de una mejor sociedad, &#8220;ya que nos queda claro que sin educaci\u00f3n, no hay transformaci\u00f3n&#8221;, asegur\u00f3.<\/p><p>En su recorrido por la regi\u00f3n, Daniel Andrade ha podido constatar de primera mano el compromiso y la dedicaci\u00f3n de los maestros y maestras, quienes d\u00eda a d\u00eda trabajan arduamente para brindar una educaci\u00f3n de calidad a los ni\u00f1os y j\u00f3venes de la Sierra y Huasteca, &#8220;lo que los convierte en una parte fundamental del desarrollo de los pueblos, ya que a pesar de los retos y las adversidades, dan lo mejor de s\u00ed para asegurar un futuro prometedor para sus alumnos&#8221;.<\/p><p>Como parte de su compromiso con la educaci\u00f3n, Daniel Andrade Zurutuza se compromete a trabajar desde la C\u00e1mara de Diputados para garantizar mejores condiciones laborales y de infraestructura para los maestros y maestras de esta bella regi\u00f3n, implementando programas que impulsen la capacitaci\u00f3n continua de los docentes, as\u00ed como el acceso equitativo a una educaci\u00f3n de calidad.<\/p><p>Daniel Andrade invita a las y los hidalguenses a sumarse a su proyecto, que tiene como eje central la educaci\u00f3n como motor de cambio y desarrollo. &#8220;Con el apoyo de los maestros y maestras, construiremos un mejor futuro m\u00e1s pr\u00f3spero y equitativo para todos. \u00a1Votemos por Morena y Nueva Alianza para, juntos, transformar la educaci\u00f3n en la Sierra y Huasteca!&#8221;, afirm\u00f3.<\/p><p>\u00a0<\/p>\t\t\t\t\t\t<\/div>\n\t\t\t\t<\/div>\n\t\t\t\t\t<\/div>\n\t\t<\/div>\n\t\t\t\t\t\t\t<\/div>\n\t\t<\/section>\n\t\t\t\t\t\t\t<\/div>\n\t\t","protected":false},"excerpt":{"rendered":"<p>Huejutla, Hgo. 16 de mayo 2024.- Daniel Andrade Zurutuza, candidato de los partidos Morena y Nueva Alianza a diputado federal por el Distrito 01 con cabecera en Huejutla de Reyes, reconoci\u00f3 la labor fundamental de los maestros y maestras en la Sierra y Huasteca del estado de Hidalgo, como el pilar fundamental para la construcci\u00f3n [&hellip;]<\/p>\n","protected":false},"author":1,"featured_media":45074,"comment_status":"closed","ping_status":"closed","sticky":false,"template":"","format":"standard","meta":[],"categories":[9],"tags":[],"_links":{"self":[{"href":"https:\/\/www.diarionoti7.com.mx\/index.php?rest_route=\/wp\/v2\/posts\/45072"}],"collection":[{"href":"https:\/\/www.diarionoti7.com.mx\/index.php?rest_route=\/wp\/v2\/posts"}],"about":[{"href":"https:\/\/www.diarionoti7.com.mx\/index.php?rest_route=\/wp\/v2\/types\/post"}],"author":[{"embeddable":true,"href":"https:\/\/www.diarionoti7.com.mx\/index.php?rest_route=\/wp\/v2\/users\/1"}],"replies":[{"embeddable":true,"href":"https:\/\/www.diarionoti7.com.mx\/index.php?rest_route=%2Fwp%2Fv2%2Fcomments&post=45072"}],"version-history":[{"count":4,"href":"https:\/\/www.diarionoti7.com.mx\/index.php?rest_route=\/wp\/v2\/posts\/45072\/revisions"}],"predecessor-version":[{"id":45077,"href":"https:\/\/www.diarionoti7.com.mx\/index.php?rest_route=\/wp\/v2\/posts\/45072\/revisions\/45077"}],"wp:featuredmedia":[{"embeddable":true,"href":"https:\/\/www.diarionoti7.com.mx\/index.php?rest_route=\/wp\/v2\/media\/45074"}],"wp:attachment":[{"href":"https:\/\/www.diarionoti7.com.mx\/index.php?rest_route=%2Fwp%2Fv2%2Fmedia&parent=45072"}],"wp:term":[{"taxonomy":"category","embeddable":true,"href":"https:\/\/www.diarionoti7.com.mx\/index.php?rest_route=%2Fwp%2Fv2%2Fcategories&post=45072"},{"taxonomy":"post_tag","embeddable":true,"href":"https:\/\/www.diarionoti7.com.mx\/index.php?rest_route=%2Fwp%2Fv2%2Ftags&post=45072"}],"curies":[{"name":"wp","href":"https:\/\/api.w.org\/{rel}","templated":true}]}}