{"id":4507,"date":"2023-03-19T19:59:56","date_gmt":"2023-03-19T19:59:56","guid":{"rendered":"https:\/\/www.diarionoti7.com.mx\/?p=4507"},"modified":"2023-03-19T20:00:56","modified_gmt":"2023-03-19T20:00:56","slug":"fortunato-rivera-nuevo-delegado-de-liconsa-se-compromete-a-trabajar-de-manera-honesta","status":"publish","type":"post","link":"https:\/\/www.diarionoti7.com.mx\/?p=4507","title":{"rendered":"Fortunato Rivera Nuevo Delegado de Liconsa  se Compromete a Trabajar de Manera Honesta"},"content":{"rendered":"\t\t<div data-elementor-type=\"wp-post\" data-elementor-id=\"4507\" class=\"elementor elementor-4507\">\n\t\t\t\t\t\t\t\t\t<section class=\"elementor-section elementor-top-section elementor-element elementor-element-51c23a4c elementor-section-boxed elementor-section-height-default elementor-section-height-default\" data-id=\"51c23a4c\" data-element_type=\"section\">\n\t\t\t\t\t\t<div class=\"elementor-container elementor-column-gap-default\">\n\t\t\t\t\t<div class=\"elementor-column elementor-col-100 elementor-top-column elementor-element elementor-element-7d2e0b6e\" data-id=\"7d2e0b6e\" data-element_type=\"column\">\n\t\t\t<div class=\"elementor-widget-wrap elementor-element-populated\">\n\t\t\t\t\t\t\t\t<div class=\"elementor-element elementor-element-2f2290cd elementor-widget elementor-widget-text-editor\" data-id=\"2f2290cd\" data-element_type=\"widget\" data-widget_type=\"text-editor.default\">\n\t\t\t\t<div class=\"elementor-widget-container\">\n\t\t\t<style>\/*! elementor - v3.10.2 - 29-01-2023 *\/\n.elementor-widget-text-editor.elementor-drop-cap-view-stacked .elementor-drop-cap{background-color:#818a91;color:#fff}.elementor-widget-text-editor.elementor-drop-cap-view-framed .elementor-drop-cap{color:#818a91;border:3px solid;background-color:transparent}.elementor-widget-text-editor:not(.elementor-drop-cap-view-default) .elementor-drop-cap{margin-top:8px}.elementor-widget-text-editor:not(.elementor-drop-cap-view-default) .elementor-drop-cap-letter{width:1em;height:1em}.elementor-widget-text-editor .elementor-drop-cap{float:left;text-align:center;line-height:1;font-size:50px}.elementor-widget-text-editor .elementor-drop-cap-letter{display:inline-block}<\/style>\t\t\t\t<p><strong>*El ex diputado federal asumi\u00f3 el cargo de delegado del organismo de abasto de leche \u00a0Liconsa<\/strong><\/p><p><strong>Pachuca, Hgo. 18 de marzo 2023.- <\/strong>El nuevo delegado federal del programa de abasto social de leche en la ciudad de Pachuca admiti\u00f3 la gran responsabilidad que significa el encargo que ostenta desde el jueves pasado y destac\u00f3 estar sumamente comprometido en trabajar de la mano del gobierno de Hidalgo.<\/p><p>El delegado de Liconsa asegur\u00f3 que pondr\u00e1 todo su esfuerzo para cumplir cabalmente con la encomienda asignada para abastecer de leche a las zonas m\u00e1s alejadas y vulnerables del estado.<\/p><p>El ex diputado federal de Morena ocupo como miembro activo del PRI\u00a0 de 1994 a 1997 la Presidencia Municipal de San Felipe Orizatl\u00e1n, Hidalgo de 1997 a 2009 fue Coordinador regional en el gobierno de Hidalgo., de 2000 al 2004 se desempe\u00f1o como Subsecretario de gobierno de Hidalgo y\u00a0 de 2004 al a\u00f1o de 2010, fue enlace Distrital del gobierno de Hidalgo.<\/p><p>Rivera Castillo se defini\u00f3 como una persona de trabajo, que conoce los 84 municipios del estado y ello le da gran satisfacci\u00f3n porque participar\u00e1 en un programa encaminado a atender a la gente que menos tiene.<\/p><p>El ex diputado federal agradeci\u00f3 la confianza que le otorg\u00f3 el gobernador Julio Menchaca y a los dirigentes nacionales del programa Liconsa y Segalmex. Tambi\u00e9n extern\u00f3 su compromiso de trabajar de manera honesta y responsable.<\/p>\t\t\t\t\t\t<\/div>\n\t\t\t\t<\/div>\n\t\t\t\t\t<\/div>\n\t\t<\/div>\n\t\t\t\t\t\t\t<\/div>\n\t\t<\/section>\n\t\t\t\t\t\t\t<\/div>\n\t\t","protected":false},"excerpt":{"rendered":"<p>*El ex diputado federal asumi\u00f3 el cargo de delegado del organismo de abasto de leche \u00a0Liconsa Pachuca, Hgo. 18 de marzo 2023.- El nuevo delegado federal del programa de abasto social de leche en la ciudad de Pachuca admiti\u00f3 la gran responsabilidad que significa el encargo que ostenta desde el jueves pasado y destac\u00f3 estar [&hellip;]<\/p>\n","protected":false},"author":1,"featured_media":4509,"comment_status":"closed","ping_status":"closed","sticky":false,"template":"","format":"standard","meta":[],"categories":[7],"tags":[],"_links":{"self":[{"href":"https:\/\/www.diarionoti7.com.mx\/index.php?rest_route=\/wp\/v2\/posts\/4507"}],"collection":[{"href":"https:\/\/www.diarionoti7.com.mx\/index.php?rest_route=\/wp\/v2\/posts"}],"about":[{"href":"https:\/\/www.diarionoti7.com.mx\/index.php?rest_route=\/wp\/v2\/types\/post"}],"author":[{"embeddable":true,"href":"https:\/\/www.diarionoti7.com.mx\/index.php?rest_route=\/wp\/v2\/users\/1"}],"replies":[{"embeddable":true,"href":"https:\/\/www.diarionoti7.com.mx\/index.php?rest_route=%2Fwp%2Fv2%2Fcomments&post=4507"}],"version-history":[{"count":4,"href":"https:\/\/www.diarionoti7.com.mx\/index.php?rest_route=\/wp\/v2\/posts\/4507\/revisions"}],"predecessor-version":[{"id":4512,"href":"https:\/\/www.diarionoti7.com.mx\/index.php?rest_route=\/wp\/v2\/posts\/4507\/revisions\/4512"}],"wp:featuredmedia":[{"embeddable":true,"href":"https:\/\/www.diarionoti7.com.mx\/index.php?rest_route=\/wp\/v2\/media\/4509"}],"wp:attachment":[{"href":"https:\/\/www.diarionoti7.com.mx\/index.php?rest_route=%2Fwp%2Fv2%2Fmedia&parent=4507"}],"wp:term":[{"taxonomy":"category","embeddable":true,"href":"https:\/\/www.diarionoti7.com.mx\/index.php?rest_route=%2Fwp%2Fv2%2Fcategories&post=4507"},{"taxonomy":"post_tag","embeddable":true,"href":"https:\/\/www.diarionoti7.com.mx\/index.php?rest_route=%2Fwp%2Fv2%2Ftags&post=4507"}],"curies":[{"name":"wp","href":"https:\/\/api.w.org\/{rel}","templated":true}]}}