{"id":4501,"date":"2023-03-19T19:58:01","date_gmt":"2023-03-19T19:58:01","guid":{"rendered":"https:\/\/www.diarionoti7.com.mx\/?p=4501"},"modified":"2023-03-19T19:59:29","modified_gmt":"2023-03-19T19:59:29","slug":"conmemora-el-gobierno-de-hidalgo-los-85-anos-de-la-expropiacion-petrolera-decretada-por-lazaro-cardenas-del-rio","status":"publish","type":"post","link":"https:\/\/www.diarionoti7.com.mx\/?p=4501","title":{"rendered":"Conmemora el Gobierno de  Hidalgo los 85 A\u00f1os de la Expropiaci\u00f3n Petrolera Decretada por Lazaro Cardenas del Rio"},"content":{"rendered":"\t\t<div data-elementor-type=\"wp-post\" data-elementor-id=\"4501\" class=\"elementor elementor-4501\">\n\t\t\t\t\t\t\t\t\t<section class=\"elementor-section elementor-top-section elementor-element elementor-element-51c23a4c elementor-section-boxed elementor-section-height-default elementor-section-height-default\" data-id=\"51c23a4c\" data-element_type=\"section\">\n\t\t\t\t\t\t<div class=\"elementor-container elementor-column-gap-default\">\n\t\t\t\t\t<div class=\"elementor-column elementor-col-100 elementor-top-column elementor-element elementor-element-7d2e0b6e\" data-id=\"7d2e0b6e\" data-element_type=\"column\">\n\t\t\t<div class=\"elementor-widget-wrap elementor-element-populated\">\n\t\t\t\t\t\t\t\t<div class=\"elementor-element elementor-element-2f2290cd elementor-widget elementor-widget-text-editor\" data-id=\"2f2290cd\" data-element_type=\"widget\" data-widget_type=\"text-editor.default\">\n\t\t\t\t<div class=\"elementor-widget-container\">\n\t\t\t<style>\/*! elementor - v3.10.2 - 29-01-2023 *\/\n.elementor-widget-text-editor.elementor-drop-cap-view-stacked .elementor-drop-cap{background-color:#818a91;color:#fff}.elementor-widget-text-editor.elementor-drop-cap-view-framed .elementor-drop-cap{color:#818a91;border:3px solid;background-color:transparent}.elementor-widget-text-editor:not(.elementor-drop-cap-view-default) .elementor-drop-cap{margin-top:8px}.elementor-widget-text-editor:not(.elementor-drop-cap-view-default) .elementor-drop-cap-letter{width:1em;height:1em}.elementor-widget-text-editor .elementor-drop-cap{float:left;text-align:center;line-height:1;font-size:50px}.elementor-widget-text-editor .elementor-drop-cap-letter{display:inline-block}<\/style>\t\t\t\t<p><strong>Pachuca, Hgo, 18 de marzo 2023.- <\/strong>El subsecretario de Gobierno, Eduardo Med\u00e9cigo Rubio, encabez\u00f3 la guardia de honor, acto c\u00edvico y colocaci\u00f3n de ofrenda floral con motivo del 85 Aniversario de la Expropiaci\u00f3n Petrolera que tuvo lugar un d\u00eda como hoy, 18 de marzo, pero del a\u00f1o 1938.<\/p><p>El evento de conmemoraci\u00f3n cont\u00f3 con la presencia de autoridades estatales, militares, municipales y de la sociedad civil, quienes acudieron al monumento dedicado al general L\u00e1zaro C\u00e1rdenas del R\u00edo en Pachuca.<\/p><p>El monumento fue ubicado en\u00a0 el conjunto Urbano L\u00e1zaro C\u00e1rdenas en la actualidad, se ubica entre el Viaducto Nuevo Hidalgo y calles del centro de Pachuca sobre un pedestal en el que se lee la leyenda &#8220;Al general L\u00e1zaro C\u00e1rdenas Impulsor perenne de la Revoluci\u00f3n Mexicana&#8221;, al fondo un muro dedicado a la conmemoraci\u00f3n de la Expropiaci\u00f3n Petrolera con diferentes elementos como una mazorca de ma\u00edz, un engrane, un libro, la torre de perforaci\u00f3n del petr\u00f3leo y un pergamino con el a\u00f1o y nombre del suceso hist\u00f3rico.<\/p><p>Fue el \u00a0gobierno de Guillermo Rossel de la Lama, el que coloco el monumento\u00a0 \u00a0Urbano L\u00e1zaro C\u00e1rdenas \u00a0y hoy se conmemora el decreto que expidi\u00f3 C\u00e1rdenas del R\u00edo mediante el cual M\u00e9xico recupero legalmente el petr\u00f3leo que explotaban 17 compa\u00f1\u00edas extranjeras, ante la \u00a0negativa de estas para mejorar las condiciones salariales y laborales de los trabajadores.<\/p><p>La expropiaci\u00f3n comprendi\u00f3 la maquinaria, instalaciones, edificios, refiner\u00edas, estaciones, embarcaciones, oleductos y bienes muebles e inmuebles de las compa\u00f1\u00edas El \u00c1guila de Royal Dutch Shell, Navieras San Crist\u00f3bal y San Ricardo, Huasteca Petroleum, Sinclair Pierce Oil Company, Mexican Sinclair Petroleum Corporation, Stanford y Compa\u00f1\u00eda, Penn Mex Fuel Company, Richmond Petroleum Company, California Oil Company of M\u00e9xico, Petrolera El Agwi, Gas y Combustible Imperio, Consolidated Oil Company of M\u00e9xico, Mexicana de Vapores San Antonio, Sabalo Transportation, Clarita SA y Cacalilao Sociedad An\u00f3nima.<\/p><p>\u00a0<\/p>\t\t\t\t\t\t<\/div>\n\t\t\t\t<\/div>\n\t\t\t\t\t<\/div>\n\t\t<\/div>\n\t\t\t\t\t\t\t<\/div>\n\t\t<\/section>\n\t\t\t\t\t\t\t<\/div>\n\t\t","protected":false},"excerpt":{"rendered":"<p>Pachuca, Hgo, 18 de marzo 2023.- El subsecretario de Gobierno, Eduardo Med\u00e9cigo Rubio, encabez\u00f3 la guardia de honor, acto c\u00edvico y colocaci\u00f3n de ofrenda floral con motivo del 85 Aniversario de la Expropiaci\u00f3n Petrolera que tuvo lugar un d\u00eda como hoy, 18 de marzo, pero del a\u00f1o 1938. El evento de conmemoraci\u00f3n cont\u00f3 con la [&hellip;]<\/p>\n","protected":false},"author":1,"featured_media":4503,"comment_status":"closed","ping_status":"closed","sticky":false,"template":"","format":"standard","meta":[],"categories":[7],"tags":[],"_links":{"self":[{"href":"https:\/\/www.diarionoti7.com.mx\/index.php?rest_route=\/wp\/v2\/posts\/4501"}],"collection":[{"href":"https:\/\/www.diarionoti7.com.mx\/index.php?rest_route=\/wp\/v2\/posts"}],"about":[{"href":"https:\/\/www.diarionoti7.com.mx\/index.php?rest_route=\/wp\/v2\/types\/post"}],"author":[{"embeddable":true,"href":"https:\/\/www.diarionoti7.com.mx\/index.php?rest_route=\/wp\/v2\/users\/1"}],"replies":[{"embeddable":true,"href":"https:\/\/www.diarionoti7.com.mx\/index.php?rest_route=%2Fwp%2Fv2%2Fcomments&post=4501"}],"version-history":[{"count":4,"href":"https:\/\/www.diarionoti7.com.mx\/index.php?rest_route=\/wp\/v2\/posts\/4501\/revisions"}],"predecessor-version":[{"id":4506,"href":"https:\/\/www.diarionoti7.com.mx\/index.php?rest_route=\/wp\/v2\/posts\/4501\/revisions\/4506"}],"wp:featuredmedia":[{"embeddable":true,"href":"https:\/\/www.diarionoti7.com.mx\/index.php?rest_route=\/wp\/v2\/media\/4503"}],"wp:attachment":[{"href":"https:\/\/www.diarionoti7.com.mx\/index.php?rest_route=%2Fwp%2Fv2%2Fmedia&parent=4501"}],"wp:term":[{"taxonomy":"category","embeddable":true,"href":"https:\/\/www.diarionoti7.com.mx\/index.php?rest_route=%2Fwp%2Fv2%2Fcategories&post=4501"},{"taxonomy":"post_tag","embeddable":true,"href":"https:\/\/www.diarionoti7.com.mx\/index.php?rest_route=%2Fwp%2Fv2%2Ftags&post=4501"}],"curies":[{"name":"wp","href":"https:\/\/api.w.org\/{rel}","templated":true}]}}