{"id":4464,"date":"2023-03-18T23:28:44","date_gmt":"2023-03-18T23:28:44","guid":{"rendered":"https:\/\/www.diarionoti7.com.mx\/?p=4464"},"modified":"2023-03-18T23:29:29","modified_gmt":"2023-03-18T23:29:29","slug":"presentacion-de-octavio-castillo-acosta-como-el-nuevo-rector-de-la-universidad-autonoma-del-estado-de-hidalgo","status":"publish","type":"post","link":"https:\/\/www.diarionoti7.com.mx\/?p=4464","title":{"rendered":"Presentaci\u00f3n de Octavio Castillo Acosta Como el Nuevo Rector de la Universidad Aut\u00f3noma del Estado de Hidalgo"},"content":{"rendered":"\t\t<div data-elementor-type=\"wp-post\" data-elementor-id=\"4464\" class=\"elementor elementor-4464\">\n\t\t\t\t\t\t\t\t\t<section class=\"elementor-section elementor-top-section elementor-element elementor-element-51c23a4c elementor-section-boxed elementor-section-height-default elementor-section-height-default\" data-id=\"51c23a4c\" data-element_type=\"section\">\n\t\t\t\t\t\t<div class=\"elementor-container elementor-column-gap-default\">\n\t\t\t\t\t<div class=\"elementor-column elementor-col-100 elementor-top-column elementor-element elementor-element-7d2e0b6e\" data-id=\"7d2e0b6e\" data-element_type=\"column\">\n\t\t\t<div class=\"elementor-widget-wrap elementor-element-populated\">\n\t\t\t\t\t\t\t\t<div class=\"elementor-element elementor-element-2f2290cd elementor-widget elementor-widget-text-editor\" data-id=\"2f2290cd\" data-element_type=\"widget\" data-widget_type=\"text-editor.default\">\n\t\t\t\t<div class=\"elementor-widget-container\">\n\t\t\t<style>\/*! elementor - v3.10.2 - 29-01-2023 *\/\n.elementor-widget-text-editor.elementor-drop-cap-view-stacked .elementor-drop-cap{background-color:#818a91;color:#fff}.elementor-widget-text-editor.elementor-drop-cap-view-framed .elementor-drop-cap{color:#818a91;border:3px solid;background-color:transparent}.elementor-widget-text-editor:not(.elementor-drop-cap-view-default) .elementor-drop-cap{margin-top:8px}.elementor-widget-text-editor:not(.elementor-drop-cap-view-default) .elementor-drop-cap-letter{width:1em;height:1em}.elementor-widget-text-editor .elementor-drop-cap{float:left;text-align:center;line-height:1;font-size:50px}.elementor-widget-text-editor .elementor-drop-cap-letter{display:inline-block}<\/style>\t\t\t\t<p><strong>Pachuca, Hgo. 17 de marzo de 2023.- <\/strong>\u201cEs un momento importante en la vida de la universidad, y seguiremos trabajando de manera conjunta en la transformaci\u00f3n de las instituciones, m\u00e1s all\u00e1 de intereses personales o de grupo\u201d, puntualiz\u00f3 el gobernador, Julio Menchaca Salazar, durante la presentaci\u00f3n de Octavio Castillo Acosta como el nuevo rector de la Universidad Aut\u00f3noma del Estado de Hidalgo (UAEH).<\/p><p>El mandatario estatal reiter\u00f3 el compromiso de su gobierno para seguir construyendo v\u00ednculos entre la universidad y los sectores productivos, record\u00f3 que Hidalgo cuenta con el capital humano necesario para construir un mejor estado, y en aras de disminuir los \u00edndices de migraci\u00f3n que aqueja a la entidad.<\/p><p>\u201cVivimos un momento de cambio, que exige condiciones de igualdad, responsabilidad y compromiso en el corto y mediano plazo, para atender problem\u00e1ticas como la pobreza, que, por desgracia, ha sido bot\u00edn pol\u00edtico\u201d asever\u00f3 el titular del Ejecutivo hidalguense.<\/p><p>Octavio Castillo Acosta, rector de la UAEH, extern\u00f3 que tras la Sesi\u00f3n Solemne del Honorable Consejo Universitario rindi\u00f3 protesta como el nuevo titular de la m\u00e1xima casa de estudios. En su mensaje, Castillo Acosta reiter\u00f3 el apoyo de la comunidad universitaria hacia el gobierno transformador de Hidalgo.<\/p><p>\u00a0<\/p>\t\t\t\t\t\t<\/div>\n\t\t\t\t<\/div>\n\t\t\t\t\t<\/div>\n\t\t<\/div>\n\t\t\t\t\t\t\t<\/div>\n\t\t<\/section>\n\t\t\t\t\t\t\t<\/div>\n\t\t","protected":false},"excerpt":{"rendered":"<p>Pachuca, Hgo. 17 de marzo de 2023.- \u201cEs un momento importante en la vida de la universidad, y seguiremos trabajando de manera conjunta en la transformaci\u00f3n de las instituciones, m\u00e1s all\u00e1 de intereses personales o de grupo\u201d, puntualiz\u00f3 el gobernador, Julio Menchaca Salazar, durante la presentaci\u00f3n de Octavio Castillo Acosta como el nuevo rector de [&hellip;]<\/p>\n","protected":false},"author":1,"featured_media":4466,"comment_status":"closed","ping_status":"closed","sticky":false,"template":"","format":"standard","meta":[],"categories":[7],"tags":[],"_links":{"self":[{"href":"https:\/\/www.diarionoti7.com.mx\/index.php?rest_route=\/wp\/v2\/posts\/4464"}],"collection":[{"href":"https:\/\/www.diarionoti7.com.mx\/index.php?rest_route=\/wp\/v2\/posts"}],"about":[{"href":"https:\/\/www.diarionoti7.com.mx\/index.php?rest_route=\/wp\/v2\/types\/post"}],"author":[{"embeddable":true,"href":"https:\/\/www.diarionoti7.com.mx\/index.php?rest_route=\/wp\/v2\/users\/1"}],"replies":[{"embeddable":true,"href":"https:\/\/www.diarionoti7.com.mx\/index.php?rest_route=%2Fwp%2Fv2%2Fcomments&post=4464"}],"version-history":[{"count":4,"href":"https:\/\/www.diarionoti7.com.mx\/index.php?rest_route=\/wp\/v2\/posts\/4464\/revisions"}],"predecessor-version":[{"id":4469,"href":"https:\/\/www.diarionoti7.com.mx\/index.php?rest_route=\/wp\/v2\/posts\/4464\/revisions\/4469"}],"wp:featuredmedia":[{"embeddable":true,"href":"https:\/\/www.diarionoti7.com.mx\/index.php?rest_route=\/wp\/v2\/media\/4466"}],"wp:attachment":[{"href":"https:\/\/www.diarionoti7.com.mx\/index.php?rest_route=%2Fwp%2Fv2%2Fmedia&parent=4464"}],"wp:term":[{"taxonomy":"category","embeddable":true,"href":"https:\/\/www.diarionoti7.com.mx\/index.php?rest_route=%2Fwp%2Fv2%2Fcategories&post=4464"},{"taxonomy":"post_tag","embeddable":true,"href":"https:\/\/www.diarionoti7.com.mx\/index.php?rest_route=%2Fwp%2Fv2%2Ftags&post=4464"}],"curies":[{"name":"wp","href":"https:\/\/api.w.org\/{rel}","templated":true}]}}