{"id":43574,"date":"2024-05-06T18:03:40","date_gmt":"2024-05-06T18:03:40","guid":{"rendered":"https:\/\/www.diarionoti7.com.mx\/?p=43574"},"modified":"2024-05-06T18:04:50","modified_gmt":"2024-05-06T18:04:50","slug":"repunte-de-inseguridad-preocupa-en-mineral-de-la-reforma","status":"publish","type":"post","link":"https:\/\/www.diarionoti7.com.mx\/?p=43574","title":{"rendered":"Repunte de Inseguridad Preocupa En Mineral de La Reforma"},"content":{"rendered":"\t\t<div data-elementor-type=\"wp-post\" data-elementor-id=\"43574\" class=\"elementor elementor-43574\">\n\t\t\t\t\t\t\t\t\t<section class=\"elementor-section elementor-top-section elementor-element elementor-element-c09b8f0 elementor-section-boxed elementor-section-height-default elementor-section-height-default\" data-id=\"c09b8f0\" data-element_type=\"section\">\n\t\t\t\t\t\t<div class=\"elementor-container elementor-column-gap-default\">\n\t\t\t\t\t<div class=\"elementor-column elementor-col-100 elementor-top-column elementor-element elementor-element-955a561\" data-id=\"955a561\" data-element_type=\"column\">\n\t\t\t<div class=\"elementor-widget-wrap elementor-element-populated\">\n\t\t\t\t\t\t\t\t<div class=\"elementor-element elementor-element-0ce869c elementor-widget elementor-widget-text-editor\" data-id=\"0ce869c\" data-element_type=\"widget\" data-widget_type=\"text-editor.default\">\n\t\t\t\t<div class=\"elementor-widget-container\">\n\t\t\t<style>\/*! elementor - v3.10.2 - 29-01-2023 *\/\n.elementor-widget-text-editor.elementor-drop-cap-view-stacked .elementor-drop-cap{background-color:#818a91;color:#fff}.elementor-widget-text-editor.elementor-drop-cap-view-framed .elementor-drop-cap{color:#818a91;border:3px solid;background-color:transparent}.elementor-widget-text-editor:not(.elementor-drop-cap-view-default) .elementor-drop-cap{margin-top:8px}.elementor-widget-text-editor:not(.elementor-drop-cap-view-default) .elementor-drop-cap-letter{width:1em;height:1em}.elementor-widget-text-editor .elementor-drop-cap{float:left;text-align:center;line-height:1;font-size:50px}.elementor-widget-text-editor .elementor-drop-cap-letter{display:inline-block}<\/style>\t\t\t\t<p><strong>&#8211; \u201cAqu\u00ed no se distinguen colores, es un tema urgente que debe atenderse desde el Congreso del estado\u201d, dijo la candidata Hilda Miranda<\/strong><\/p><p><strong>Mineral de la Reforma, Hidalgo, 5 de mayo de 2024.-<\/strong>Un tema principal que aqueja a ciudadanos de Mineral de la Reforma es el repunte en materia de seguridad y que no existan medidas preventivas ni estrategias para disminuir los \u00edndices delictivos, asever\u00f3 Hilda Miranda Miranda, candidata com\u00fan de Sigamos Haciendo Historia a diputada local por el distrito electoral XVII Villas del \u00c1lamo.<\/p><p>\u201cNo se puede salir con miedo. Aqu\u00ed no se distinguen colores, es un tema urgente que debe atenderse desde el Congreso del estado\u201d, extern\u00f3 la aspirante de la 4T.<\/p><p>\u201cEn Hidalgo debemos legislar para dotar de mecanismos y la reglamentaci\u00f3n para que leyes en seguridad sean aplicables\u201d, agreg\u00f3 la abanderada de Morena y Nueva Alianza Hidalgo.<\/p><p>Al sostener un encuentro con habitantes y docentes, Hilda Miranda destac\u00f3 la importancia de la participaci\u00f3n ciudadana para evitar que una vez m\u00e1s autoridades destinen los recursos p\u00fablicos a la promoci\u00f3n de su imagen p\u00fablica o para otros fines<\/p><p>\u201cMineral de la Reforma debe ser un lugar seguro para nuestros hijos, nuestra familia, no permitiremos que usen el dinero para acciones que no benefician a la gente. Debe haber una vigilancia permanente de las partidas presupuestales\u201d, se\u00f1al\u00f3.<\/p><p>La candidata dijo que los recursos que sean etiquetados para cada rubro tienen que ser plasmados en acciones, como en este caso ser\u00eda la colocaci\u00f3n de videoc\u00e1maras y el enlace de otras m\u00e1s con las autoridades estatales.<\/p>\t\t\t\t\t\t<\/div>\n\t\t\t\t<\/div>\n\t\t\t\t\t<\/div>\n\t\t<\/div>\n\t\t\t\t\t\t\t<\/div>\n\t\t<\/section>\n\t\t\t\t\t\t\t<\/div>\n\t\t","protected":false},"excerpt":{"rendered":"<p>&#8211; \u201cAqu\u00ed no se distinguen colores, es un tema urgente que debe atenderse desde el Congreso del estado\u201d, dijo la candidata Hilda Miranda Mineral de la Reforma, Hidalgo, 5 de mayo de 2024.-Un tema principal que aqueja a ciudadanos de Mineral de la Reforma es el repunte en materia de seguridad y que no existan [&hellip;]<\/p>\n","protected":false},"author":1,"featured_media":43576,"comment_status":"closed","ping_status":"closed","sticky":false,"template":"","format":"standard","meta":[],"categories":[3],"tags":[],"_links":{"self":[{"href":"https:\/\/www.diarionoti7.com.mx\/index.php?rest_route=\/wp\/v2\/posts\/43574"}],"collection":[{"href":"https:\/\/www.diarionoti7.com.mx\/index.php?rest_route=\/wp\/v2\/posts"}],"about":[{"href":"https:\/\/www.diarionoti7.com.mx\/index.php?rest_route=\/wp\/v2\/types\/post"}],"author":[{"embeddable":true,"href":"https:\/\/www.diarionoti7.com.mx\/index.php?rest_route=\/wp\/v2\/users\/1"}],"replies":[{"embeddable":true,"href":"https:\/\/www.diarionoti7.com.mx\/index.php?rest_route=%2Fwp%2Fv2%2Fcomments&post=43574"}],"version-history":[{"count":4,"href":"https:\/\/www.diarionoti7.com.mx\/index.php?rest_route=\/wp\/v2\/posts\/43574\/revisions"}],"predecessor-version":[{"id":43579,"href":"https:\/\/www.diarionoti7.com.mx\/index.php?rest_route=\/wp\/v2\/posts\/43574\/revisions\/43579"}],"wp:featuredmedia":[{"embeddable":true,"href":"https:\/\/www.diarionoti7.com.mx\/index.php?rest_route=\/wp\/v2\/media\/43576"}],"wp:attachment":[{"href":"https:\/\/www.diarionoti7.com.mx\/index.php?rest_route=%2Fwp%2Fv2%2Fmedia&parent=43574"}],"wp:term":[{"taxonomy":"category","embeddable":true,"href":"https:\/\/www.diarionoti7.com.mx\/index.php?rest_route=%2Fwp%2Fv2%2Fcategories&post=43574"},{"taxonomy":"post_tag","embeddable":true,"href":"https:\/\/www.diarionoti7.com.mx\/index.php?rest_route=%2Fwp%2Fv2%2Ftags&post=43574"}],"curies":[{"name":"wp","href":"https:\/\/api.w.org\/{rel}","templated":true}]}}