{"id":4356,"date":"2023-03-17T17:12:28","date_gmt":"2023-03-17T17:12:28","guid":{"rendered":"https:\/\/www.diarionoti7.com.mx\/?p=4356"},"modified":"2023-03-17T17:13:38","modified_gmt":"2023-03-17T17:13:38","slug":"arranca-semarnath-proyecto-ecoturistico-en-cocinillas-apan","status":"publish","type":"post","link":"https:\/\/www.diarionoti7.com.mx\/?p=4356","title":{"rendered":"Arranca Semarnath Proyecto Ecotur\u00edstico en Cocinillas, Apan"},"content":{"rendered":"\t\t<div data-elementor-type=\"wp-post\" data-elementor-id=\"4356\" class=\"elementor elementor-4356\">\n\t\t\t\t\t\t\t\t\t<section class=\"elementor-section elementor-top-section elementor-element elementor-element-51c23a4c elementor-section-boxed elementor-section-height-default elementor-section-height-default\" data-id=\"51c23a4c\" data-element_type=\"section\">\n\t\t\t\t\t\t<div class=\"elementor-container elementor-column-gap-default\">\n\t\t\t\t\t<div class=\"elementor-column elementor-col-100 elementor-top-column elementor-element elementor-element-7d2e0b6e\" data-id=\"7d2e0b6e\" data-element_type=\"column\">\n\t\t\t<div class=\"elementor-widget-wrap elementor-element-populated\">\n\t\t\t\t\t\t\t\t<div class=\"elementor-element elementor-element-2f2290cd elementor-widget elementor-widget-text-editor\" data-id=\"2f2290cd\" data-element_type=\"widget\" data-widget_type=\"text-editor.default\">\n\t\t\t\t<div class=\"elementor-widget-container\">\n\t\t\t<style>\/*! elementor - v3.10.2 - 29-01-2023 *\/\n.elementor-widget-text-editor.elementor-drop-cap-view-stacked .elementor-drop-cap{background-color:#818a91;color:#fff}.elementor-widget-text-editor.elementor-drop-cap-view-framed .elementor-drop-cap{color:#818a91;border:3px solid;background-color:transparent}.elementor-widget-text-editor:not(.elementor-drop-cap-view-default) .elementor-drop-cap{margin-top:8px}.elementor-widget-text-editor:not(.elementor-drop-cap-view-default) .elementor-drop-cap-letter{width:1em;height:1em}.elementor-widget-text-editor .elementor-drop-cap{float:left;text-align:center;line-height:1;font-size:50px}.elementor-widget-text-editor .elementor-drop-cap-letter{display:inline-block}<\/style>\t\t\t\t<p><strong>*El \u201cSendero interpretativo\u201d abarca una longitud de 1.73 kil\u00f3metros en un circuito cerrado y un ancho promedio de 1.2 metros y funge como un espacio que fomenta la educaci\u00f3n ambiental, la protecci\u00f3n, conservaci\u00f3n y el aprovechamiento sostenible<\/strong><\/p><p><strong>Pachuca, Hgo. 16 de marzo de 2023.-<\/strong>La Secretar\u00eda de Medio Ambiente y Recursos Naturales de Hidalgo (Semarnath) en coordinaci\u00f3n con pobladores de la colonia agr\u00edcola y ganadera de Cocinillas, dieron inicio al trazo y construcci\u00f3n de un \u201cSendero interpretativo\u201d, que abarca una longitud de 1.73 kil\u00f3metros en un circuito cerrado y un ancho promedio de 1.2 metros.<\/p><p>Este proyecto de turismo de naturaleza, ofrecer\u00e1 servicios de recreaci\u00f3n en contacto con el ambiente sin afectar el entorno y la biodiversidad del lugar, pues dicho sendero ser\u00e1 realizado de forma manual por los mismos pobladores de la zona, quienes ven en esta estrategia una oportunidad para atraer derramas econ\u00f3micas sin modificar en mayor medida este espacio.<\/p><p>En ese sentido, la titular de la Semarnath M\u00f3nica Patricia Mixtega Trejo, la presidenta municipal de Apan Guadalupe Mu\u00f1oz Romero, personal de la Secretar\u00eda de Turismo de Hidalgo, alumnos del Instituto Tecnol\u00f3gico Superior del Oriente del Estado de Hidalgo (ITESA) y vecinos de Cocinillas, realizaron un recorrido por todo este sendero, donde apreciaron diversas especies de flora y rastros de fauna silvestre nativa, tales como excretas y huellas.<\/p><p>As\u00ed mismo, los involucrados destacaron que este recorrido cuenta con diferentes miradores clave que presentan una vista privilegiada hacia la Laguna de Tecocomulco, humedal de importancia internacional debido a la presencia de diversas especies de aves migratorias, entre las que destacan los patos, pelicanos y garzas. Adem\u00e1s de ser un espacio que fomenta la educaci\u00f3n ambiental, la protecci\u00f3n, la conservaci\u00f3n y el aprovechamiento sostenible de esta \u00c1rea Natural Protegida, decretada as\u00ed en 2007.<\/p><p>Alejandro Rodr\u00edguez, vecino de Cocinillas, mencion\u00f3 que su contribuci\u00f3n a este proyecto es la recuperaci\u00f3n de datos hist\u00f3ricos de esta colonia agr\u00edcola, lo que en conjunto con las capacitaciones que realizar\u00e1 personal de la Semarnath a los pobladores de la zona, proporcionar\u00e1 las herramientas para que estos laboren como gu\u00edas tur\u00edsticos.<\/p><p>Por su parte, Mixtega Trejo destac\u00f3 que este proyecto de turismo de naturaleza consiste en una actividad de bajo impacto, compatible con la declaratoria y el programa de manejo del \u00e1rea; ya que se construye con trabajos manuales sobre una vereda ya existente, sin derribar ning\u00fan \u00e1rbol. Y adicionalmente tendr\u00e1 caracter\u00edsticas similares a una brecha cortafuego para la prevenci\u00f3n de incendios forestales.<\/p><p>Adem\u00e1s, resalt\u00f3 la iniciativa por parte de los habitantes de Cocinillas para la elaboraci\u00f3n de este proyecto que fue atendido por Semarnath a trav\u00e9s de diversas mesas de trabajo y asesor\u00edas por parte de su direcci\u00f3n de recursos naturales.<\/p>\t\t\t\t\t\t<\/div>\n\t\t\t\t<\/div>\n\t\t\t\t\t<\/div>\n\t\t<\/div>\n\t\t\t\t\t\t\t<\/div>\n\t\t<\/section>\n\t\t\t\t\t\t\t<\/div>\n\t\t","protected":false},"excerpt":{"rendered":"<p>*El \u201cSendero interpretativo\u201d abarca una longitud de 1.73 kil\u00f3metros en un circuito cerrado y un ancho promedio de 1.2 metros y funge como un espacio que fomenta la educaci\u00f3n ambiental, la protecci\u00f3n, conservaci\u00f3n y el aprovechamiento sostenible Pachuca, Hgo. 16 de marzo de 2023.-La Secretar\u00eda de Medio Ambiente y Recursos Naturales de Hidalgo (Semarnath) en [&hellip;]<\/p>\n","protected":false},"author":1,"featured_media":4358,"comment_status":"closed","ping_status":"closed","sticky":false,"template":"","format":"standard","meta":[],"categories":[7],"tags":[],"_links":{"self":[{"href":"https:\/\/www.diarionoti7.com.mx\/index.php?rest_route=\/wp\/v2\/posts\/4356"}],"collection":[{"href":"https:\/\/www.diarionoti7.com.mx\/index.php?rest_route=\/wp\/v2\/posts"}],"about":[{"href":"https:\/\/www.diarionoti7.com.mx\/index.php?rest_route=\/wp\/v2\/types\/post"}],"author":[{"embeddable":true,"href":"https:\/\/www.diarionoti7.com.mx\/index.php?rest_route=\/wp\/v2\/users\/1"}],"replies":[{"embeddable":true,"href":"https:\/\/www.diarionoti7.com.mx\/index.php?rest_route=%2Fwp%2Fv2%2Fcomments&post=4356"}],"version-history":[{"count":4,"href":"https:\/\/www.diarionoti7.com.mx\/index.php?rest_route=\/wp\/v2\/posts\/4356\/revisions"}],"predecessor-version":[{"id":4361,"href":"https:\/\/www.diarionoti7.com.mx\/index.php?rest_route=\/wp\/v2\/posts\/4356\/revisions\/4361"}],"wp:featuredmedia":[{"embeddable":true,"href":"https:\/\/www.diarionoti7.com.mx\/index.php?rest_route=\/wp\/v2\/media\/4358"}],"wp:attachment":[{"href":"https:\/\/www.diarionoti7.com.mx\/index.php?rest_route=%2Fwp%2Fv2%2Fmedia&parent=4356"}],"wp:term":[{"taxonomy":"category","embeddable":true,"href":"https:\/\/www.diarionoti7.com.mx\/index.php?rest_route=%2Fwp%2Fv2%2Fcategories&post=4356"},{"taxonomy":"post_tag","embeddable":true,"href":"https:\/\/www.diarionoti7.com.mx\/index.php?rest_route=%2Fwp%2Fv2%2Ftags&post=4356"}],"curies":[{"name":"wp","href":"https:\/\/api.w.org\/{rel}","templated":true}]}}