{"id":4294,"date":"2023-03-17T16:57:29","date_gmt":"2023-03-17T16:57:29","guid":{"rendered":"https:\/\/www.diarionoti7.com.mx\/?p=4294"},"modified":"2023-03-17T16:58:15","modified_gmt":"2023-03-17T16:58:15","slug":"upt-lleva-a-cabo-su-1era-feria-de-posgrados","status":"publish","type":"post","link":"https:\/\/www.diarionoti7.com.mx\/?p=4294","title":{"rendered":"UPT lleva a cabo su \u201c1era Feria de Posgrados\u201d"},"content":{"rendered":"\t\t<div data-elementor-type=\"wp-post\" data-elementor-id=\"4294\" class=\"elementor elementor-4294\">\n\t\t\t\t\t\t\t\t\t<section class=\"elementor-section elementor-top-section elementor-element elementor-element-51c23a4c elementor-section-boxed elementor-section-height-default elementor-section-height-default\" data-id=\"51c23a4c\" data-element_type=\"section\">\n\t\t\t\t\t\t<div class=\"elementor-container elementor-column-gap-default\">\n\t\t\t\t\t<div class=\"elementor-column elementor-col-100 elementor-top-column elementor-element elementor-element-7d2e0b6e\" data-id=\"7d2e0b6e\" data-element_type=\"column\">\n\t\t\t<div class=\"elementor-widget-wrap elementor-element-populated\">\n\t\t\t\t\t\t\t\t<div class=\"elementor-element elementor-element-2f2290cd elementor-widget elementor-widget-text-editor\" data-id=\"2f2290cd\" data-element_type=\"widget\" data-widget_type=\"text-editor.default\">\n\t\t\t\t<div class=\"elementor-widget-container\">\n\t\t\t<style>\/*! elementor - v3.10.2 - 29-01-2023 *\/\n.elementor-widget-text-editor.elementor-drop-cap-view-stacked .elementor-drop-cap{background-color:#818a91;color:#fff}.elementor-widget-text-editor.elementor-drop-cap-view-framed .elementor-drop-cap{color:#818a91;border:3px solid;background-color:transparent}.elementor-widget-text-editor:not(.elementor-drop-cap-view-default) .elementor-drop-cap{margin-top:8px}.elementor-widget-text-editor:not(.elementor-drop-cap-view-default) .elementor-drop-cap-letter{width:1em;height:1em}.elementor-widget-text-editor .elementor-drop-cap{float:left;text-align:center;line-height:1;font-size:50px}.elementor-widget-text-editor .elementor-drop-cap-letter{display:inline-block}<\/style>\t\t\t\t<p><strong>Tulancingo de Bravo, Hgo. 16 de marzo del 2023.-<\/strong>Con la intenci\u00f3n de incentivar a estudiantes de la Universidad Polit\u00e9cnica de Tulancingo (UPT), la Direcci\u00f3n de Investigaci\u00f3n y Posgrado de esta casa de estudios, llev\u00f3 a cabo la \u201c1era Feria de Posgrados\u201d, donde se cont\u00f3 con la participaci\u00f3n de alrededor de 500 j\u00f3venes de 8vo cuatrimestre de los Programas Educativos de ingenier\u00eda y licenciatura, adem\u00e1s del personal administrativo de la instituci\u00f3n; en el cual se presentaron m\u00e1s de 20 proyectos desarrollados en las Maestr\u00edas y Doctorados que se ofertan en la UPT.<\/p><p>El Rector de esta casa de estudios, Felipe Duran Rocha, mencion\u00f3 que la presentaci\u00f3n de estos proyectos educativos, permite a los estudiantes de la UPT, conocer cu\u00e1l es el campo laboral donde se pueden insertar y con qu\u00e9 proyectos de investigaci\u00f3n, adem\u00e1s del impacto en la sociedad; de igual forma, extern\u00f3 que en la instituci\u00f3n, se cuenta con posgrados registrados ante el Sistema Nacional de Posgrados (SNP) del Consejo Nacional de Ciencia y Tecnolog\u00eda (CONACYT), lo que permite a los interesados, acceder a becas para que contin\u00faen con sus estudios.<\/p><p>Duran Rocha, invit\u00f3 a los asistentes a seguir con su formaci\u00f3n acad\u00e9mica y puntualiz\u00f3 \u201cla mejor opci\u00f3n para realizarlo es la UPT, ya que se cuenta con las maestr\u00edas de Automatizaci\u00f3n y Control, Computaci\u00f3n \u00d3ptica, Contribuciones Fiscales, Desarrollo de Software, Direcci\u00f3n de Organizaciones, Energ\u00edas Renovables, Optimizaci\u00f3n de Procesos y Gesti\u00f3n e Innovaci\u00f3n Educativa; as\u00ed como los doctorados en Ciencias de la Gesti\u00f3n Administrativa y Optomecatr\u00f3nica, estos \u00faltimos registrados ante el SNP\u201d.<\/p><p>Cabe resaltar que tambi\u00e9n se cuenta con maestr\u00edas registradas, las cuales son: Automatizaci\u00f3n y Control, Computaci\u00f3n \u00d3ptica; durante la Feria de Posgrados, los asistentes participaron en experimentos de \u00f3ptica, que se llevaron a cabo por estudiantes, donde presentaron espectros y reflexiones de luz, adem\u00e1s de la aplicaci\u00f3n de los mismos en \u00e1reas m\u00e9dicas, medio ambiente y agroindustria, por mencionar algunos.<\/p>\t\t\t\t\t\t<\/div>\n\t\t\t\t<\/div>\n\t\t\t\t\t<\/div>\n\t\t<\/div>\n\t\t\t\t\t\t\t<\/div>\n\t\t<\/section>\n\t\t\t\t\t\t\t<\/div>\n\t\t","protected":false},"excerpt":{"rendered":"<p>Tulancingo de Bravo, Hgo. 16 de marzo del 2023.-Con la intenci\u00f3n de incentivar a estudiantes de la Universidad Polit\u00e9cnica de Tulancingo (UPT), la Direcci\u00f3n de Investigaci\u00f3n y Posgrado de esta casa de estudios, llev\u00f3 a cabo la \u201c1era Feria de Posgrados\u201d, donde se cont\u00f3 con la participaci\u00f3n de alrededor de 500 j\u00f3venes de 8vo cuatrimestre [&hellip;]<\/p>\n","protected":false},"author":1,"featured_media":4296,"comment_status":"closed","ping_status":"closed","sticky":false,"template":"","format":"standard","meta":[],"categories":[4],"tags":[],"_links":{"self":[{"href":"https:\/\/www.diarionoti7.com.mx\/index.php?rest_route=\/wp\/v2\/posts\/4294"}],"collection":[{"href":"https:\/\/www.diarionoti7.com.mx\/index.php?rest_route=\/wp\/v2\/posts"}],"about":[{"href":"https:\/\/www.diarionoti7.com.mx\/index.php?rest_route=\/wp\/v2\/types\/post"}],"author":[{"embeddable":true,"href":"https:\/\/www.diarionoti7.com.mx\/index.php?rest_route=\/wp\/v2\/users\/1"}],"replies":[{"embeddable":true,"href":"https:\/\/www.diarionoti7.com.mx\/index.php?rest_route=%2Fwp%2Fv2%2Fcomments&post=4294"}],"version-history":[{"count":4,"href":"https:\/\/www.diarionoti7.com.mx\/index.php?rest_route=\/wp\/v2\/posts\/4294\/revisions"}],"predecessor-version":[{"id":4299,"href":"https:\/\/www.diarionoti7.com.mx\/index.php?rest_route=\/wp\/v2\/posts\/4294\/revisions\/4299"}],"wp:featuredmedia":[{"embeddable":true,"href":"https:\/\/www.diarionoti7.com.mx\/index.php?rest_route=\/wp\/v2\/media\/4296"}],"wp:attachment":[{"href":"https:\/\/www.diarionoti7.com.mx\/index.php?rest_route=%2Fwp%2Fv2%2Fmedia&parent=4294"}],"wp:term":[{"taxonomy":"category","embeddable":true,"href":"https:\/\/www.diarionoti7.com.mx\/index.php?rest_route=%2Fwp%2Fv2%2Fcategories&post=4294"},{"taxonomy":"post_tag","embeddable":true,"href":"https:\/\/www.diarionoti7.com.mx\/index.php?rest_route=%2Fwp%2Fv2%2Ftags&post=4294"}],"curies":[{"name":"wp","href":"https:\/\/api.w.org\/{rel}","templated":true}]}}