{"id":4247,"date":"2023-03-16T18:40:30","date_gmt":"2023-03-16T18:40:30","guid":{"rendered":"https:\/\/www.diarionoti7.com.mx\/?p=4247"},"modified":"2023-03-16T18:42:27","modified_gmt":"2023-03-16T18:42:27","slug":"realiza-el-tribunal-superior-de-justicia-la-primera-feria-de-mujeres-emprendedoras","status":"publish","type":"post","link":"https:\/\/www.diarionoti7.com.mx\/?p=4247","title":{"rendered":"Realiza el Tribunal Superior de Justicia la Primera Feria de Mujeres Emprendedoras"},"content":{"rendered":"\t\t<div data-elementor-type=\"wp-post\" data-elementor-id=\"4247\" class=\"elementor elementor-4247\">\n\t\t\t\t\t\t\t\t\t<section class=\"elementor-section elementor-top-section elementor-element elementor-element-51c23a4c elementor-section-boxed elementor-section-height-default elementor-section-height-default\" data-id=\"51c23a4c\" data-element_type=\"section\">\n\t\t\t\t\t\t<div class=\"elementor-container elementor-column-gap-default\">\n\t\t\t\t\t<div class=\"elementor-column elementor-col-100 elementor-top-column elementor-element elementor-element-7d2e0b6e\" data-id=\"7d2e0b6e\" data-element_type=\"column\">\n\t\t\t<div class=\"elementor-widget-wrap elementor-element-populated\">\n\t\t\t\t\t\t\t\t<div class=\"elementor-element elementor-element-2f2290cd elementor-widget elementor-widget-text-editor\" data-id=\"2f2290cd\" data-element_type=\"widget\" data-widget_type=\"text-editor.default\">\n\t\t\t\t<div class=\"elementor-widget-container\">\n\t\t\t<style>\/*! elementor - v3.10.2 - 29-01-2023 *\/\n.elementor-widget-text-editor.elementor-drop-cap-view-stacked .elementor-drop-cap{background-color:#818a91;color:#fff}.elementor-widget-text-editor.elementor-drop-cap-view-framed .elementor-drop-cap{color:#818a91;border:3px solid;background-color:transparent}.elementor-widget-text-editor:not(.elementor-drop-cap-view-default) .elementor-drop-cap{margin-top:8px}.elementor-widget-text-editor:not(.elementor-drop-cap-view-default) .elementor-drop-cap-letter{width:1em;height:1em}.elementor-widget-text-editor .elementor-drop-cap{float:left;text-align:center;line-height:1;font-size:50px}.elementor-widget-text-editor .elementor-drop-cap-letter{display:inline-block}<\/style>\t\t\t\t<p><strong>Pachuca, Hgo, 15 de marzo 2023.- <\/strong>En el marco de actividades por el mes de la mujer, el Poder Judicial del Estado de Hidalgo inaugur\u00f3 la primera Feria de Mujeres Emprendedoras, con la finalidad de brindar un espacio de visibilidad al trabajo y emprendimiento realizado por mujeres hidalguenses.<\/p><p>Al dar la bienvenida a las asistentes, la Magistrada Presidenta Rebeca Aladro Echeverr\u00eda destac\u00f3 que es hora de dar un gran impulso a la igualdad de g\u00e9nero en todos los campos, repensar el papel de la mujer en la econom\u00eda y apoyar m\u00e1s a las empresarias, no solo desde una perspectiva social, sino tambi\u00e9n desde una econ\u00f3mica, al ser una oportunidad de independencia.<\/p><p>Agradeci\u00f3 la presencia del Encargado del Despacho de la Procuradur\u00eda General de Justicia del estado de Hidalgo, Santiago Nieto, la Diputada Rocio Sosa Jim\u00e9nez, Magistradas, Magistrados, integrantes del Consejo de la Judicatura y personal del Poder Judicial e instituciones que conforman el Sector Primario de esta ciudad, quienes se dieron cita para apoyar la actividad.<\/p><p>Asimismo, invit\u00f3 a la ciudadan\u00eda en general a visitar el espacio, que estar\u00e1 dispuesto hoy y ma\u00f1ana, de 11 a 18 horas, en las instalaciones del Tribunal Superior de Justicia.<\/p><p>En el #pjeh refrendamos nuestro compromiso institucional con generar conciencia sobre la importancia de empoderar a las mujeres en todos los entornos, as\u00ed como proteger sus derechos y garantizar que accedan a una vida libre de violencia. Por una #justiciaconlegalidadysentidohumano.<\/p>\t\t\t\t\t\t<\/div>\n\t\t\t\t<\/div>\n\t\t\t\t\t<\/div>\n\t\t<\/div>\n\t\t\t\t\t\t\t<\/div>\n\t\t<\/section>\n\t\t\t\t\t\t\t<\/div>\n\t\t","protected":false},"excerpt":{"rendered":"<p>Pachuca, Hgo, 15 de marzo 2023.- En el marco de actividades por el mes de la mujer, el Poder Judicial del Estado de Hidalgo inaugur\u00f3 la primera Feria de Mujeres Emprendedoras, con la finalidad de brindar un espacio de visibilidad al trabajo y emprendimiento realizado por mujeres hidalguenses. Al dar la bienvenida a las asistentes, [&hellip;]<\/p>\n","protected":false},"author":1,"featured_media":4253,"comment_status":"closed","ping_status":"closed","sticky":false,"template":"","format":"standard","meta":[],"categories":[7],"tags":[],"_links":{"self":[{"href":"https:\/\/www.diarionoti7.com.mx\/index.php?rest_route=\/wp\/v2\/posts\/4247"}],"collection":[{"href":"https:\/\/www.diarionoti7.com.mx\/index.php?rest_route=\/wp\/v2\/posts"}],"about":[{"href":"https:\/\/www.diarionoti7.com.mx\/index.php?rest_route=\/wp\/v2\/types\/post"}],"author":[{"embeddable":true,"href":"https:\/\/www.diarionoti7.com.mx\/index.php?rest_route=\/wp\/v2\/users\/1"}],"replies":[{"embeddable":true,"href":"https:\/\/www.diarionoti7.com.mx\/index.php?rest_route=%2Fwp%2Fv2%2Fcomments&post=4247"}],"version-history":[{"count":7,"href":"https:\/\/www.diarionoti7.com.mx\/index.php?rest_route=\/wp\/v2\/posts\/4247\/revisions"}],"predecessor-version":[{"id":4256,"href":"https:\/\/www.diarionoti7.com.mx\/index.php?rest_route=\/wp\/v2\/posts\/4247\/revisions\/4256"}],"wp:featuredmedia":[{"embeddable":true,"href":"https:\/\/www.diarionoti7.com.mx\/index.php?rest_route=\/wp\/v2\/media\/4253"}],"wp:attachment":[{"href":"https:\/\/www.diarionoti7.com.mx\/index.php?rest_route=%2Fwp%2Fv2%2Fmedia&parent=4247"}],"wp:term":[{"taxonomy":"category","embeddable":true,"href":"https:\/\/www.diarionoti7.com.mx\/index.php?rest_route=%2Fwp%2Fv2%2Fcategories&post=4247"},{"taxonomy":"post_tag","embeddable":true,"href":"https:\/\/www.diarionoti7.com.mx\/index.php?rest_route=%2Fwp%2Fv2%2Ftags&post=4247"}],"curies":[{"name":"wp","href":"https:\/\/api.w.org\/{rel}","templated":true}]}}