{"id":41999,"date":"2024-04-25T19:30:51","date_gmt":"2024-04-25T19:30:51","guid":{"rendered":"https:\/\/www.diarionoti7.com.mx\/?p=41999"},"modified":"2024-04-25T19:31:36","modified_gmt":"2024-04-25T19:31:36","slug":"se-impartio-taller-ambiental-en-ixmiquilpan","status":"publish","type":"post","link":"https:\/\/www.diarionoti7.com.mx\/?p=41999","title":{"rendered":"Se imparti\u00f3 taller ambiental en Ixmiquilpan"},"content":{"rendered":"\t\t<div data-elementor-type=\"wp-post\" data-elementor-id=\"41999\" class=\"elementor elementor-41999\">\n\t\t\t\t\t\t\t\t\t<section class=\"elementor-section elementor-top-section elementor-element elementor-element-c09b8f0 elementor-section-boxed elementor-section-height-default elementor-section-height-default\" data-id=\"c09b8f0\" data-element_type=\"section\">\n\t\t\t\t\t\t<div class=\"elementor-container elementor-column-gap-default\">\n\t\t\t\t\t<div class=\"elementor-column elementor-col-100 elementor-top-column elementor-element elementor-element-955a561\" data-id=\"955a561\" data-element_type=\"column\">\n\t\t\t<div class=\"elementor-widget-wrap elementor-element-populated\">\n\t\t\t\t\t\t\t\t<div class=\"elementor-element elementor-element-0ce869c elementor-widget elementor-widget-text-editor\" data-id=\"0ce869c\" data-element_type=\"widget\" data-widget_type=\"text-editor.default\">\n\t\t\t\t<div class=\"elementor-widget-container\">\n\t\t\t<style>\/*! elementor - v3.10.2 - 29-01-2023 *\/\n.elementor-widget-text-editor.elementor-drop-cap-view-stacked .elementor-drop-cap{background-color:#818a91;color:#fff}.elementor-widget-text-editor.elementor-drop-cap-view-framed .elementor-drop-cap{color:#818a91;border:3px solid;background-color:transparent}.elementor-widget-text-editor:not(.elementor-drop-cap-view-default) .elementor-drop-cap{margin-top:8px}.elementor-widget-text-editor:not(.elementor-drop-cap-view-default) .elementor-drop-cap-letter{width:1em;height:1em}.elementor-widget-text-editor .elementor-drop-cap{float:left;text-align:center;line-height:1;font-size:50px}.elementor-widget-text-editor .elementor-drop-cap-letter{display:inline-block}<\/style>\t\t\t\t<p><strong>Pachuca, Hgo., 24 de abril de 2024.-<\/strong>Personal de la Direcci\u00f3n de Fomento a la Cultura Ambiental de la Secretar\u00eda de Medio Ambiente y Recursos Naturales de Hidalgo (Semarnath) imparti\u00f3 una pl\u00e1tica y taller sobre separaci\u00f3n de residuos s\u00f3lidos urbanos a ni\u00f1as y ni\u00f1os de educaci\u00f3n inicial, en La Espa\u00f1ita, Ixmiquilpan.<\/p><p>En esta actividad, los infantes identificaron cada uno de los residuos que se generan en el hogar y c\u00f3mo separar cada uno de ellos.<\/p><p>Adem\u00e1s, en compa\u00f1\u00eda de madres y padres de familia, participaron en el taller \u201cBolitas de vida\u201d, en el que pudieron manipular semillas y tierra h\u00fameda para comprender su proceso de germinaci\u00f3n.<\/p>\t\t\t\t\t\t<\/div>\n\t\t\t\t<\/div>\n\t\t\t\t\t<\/div>\n\t\t<\/div>\n\t\t\t\t\t\t\t<\/div>\n\t\t<\/section>\n\t\t\t\t\t\t\t<\/div>\n\t\t","protected":false},"excerpt":{"rendered":"<p>Pachuca, Hgo., 24 de abril de 2024.-Personal de la Direcci\u00f3n de Fomento a la Cultura Ambiental de la Secretar\u00eda de Medio Ambiente y Recursos Naturales de Hidalgo (Semarnath) imparti\u00f3 una pl\u00e1tica y taller sobre separaci\u00f3n de residuos s\u00f3lidos urbanos a ni\u00f1as y ni\u00f1os de educaci\u00f3n inicial, en La Espa\u00f1ita, Ixmiquilpan. En esta actividad, los infantes [&hellip;]<\/p>\n","protected":false},"author":1,"featured_media":42001,"comment_status":"closed","ping_status":"closed","sticky":false,"template":"","format":"standard","meta":[],"categories":[9],"tags":[],"_links":{"self":[{"href":"https:\/\/www.diarionoti7.com.mx\/index.php?rest_route=\/wp\/v2\/posts\/41999"}],"collection":[{"href":"https:\/\/www.diarionoti7.com.mx\/index.php?rest_route=\/wp\/v2\/posts"}],"about":[{"href":"https:\/\/www.diarionoti7.com.mx\/index.php?rest_route=\/wp\/v2\/types\/post"}],"author":[{"embeddable":true,"href":"https:\/\/www.diarionoti7.com.mx\/index.php?rest_route=\/wp\/v2\/users\/1"}],"replies":[{"embeddable":true,"href":"https:\/\/www.diarionoti7.com.mx\/index.php?rest_route=%2Fwp%2Fv2%2Fcomments&post=41999"}],"version-history":[{"count":4,"href":"https:\/\/www.diarionoti7.com.mx\/index.php?rest_route=\/wp\/v2\/posts\/41999\/revisions"}],"predecessor-version":[{"id":42004,"href":"https:\/\/www.diarionoti7.com.mx\/index.php?rest_route=\/wp\/v2\/posts\/41999\/revisions\/42004"}],"wp:featuredmedia":[{"embeddable":true,"href":"https:\/\/www.diarionoti7.com.mx\/index.php?rest_route=\/wp\/v2\/media\/42001"}],"wp:attachment":[{"href":"https:\/\/www.diarionoti7.com.mx\/index.php?rest_route=%2Fwp%2Fv2%2Fmedia&parent=41999"}],"wp:term":[{"taxonomy":"category","embeddable":true,"href":"https:\/\/www.diarionoti7.com.mx\/index.php?rest_route=%2Fwp%2Fv2%2Fcategories&post=41999"},{"taxonomy":"post_tag","embeddable":true,"href":"https:\/\/www.diarionoti7.com.mx\/index.php?rest_route=%2Fwp%2Fv2%2Ftags&post=41999"}],"curies":[{"name":"wp","href":"https:\/\/api.w.org\/{rel}","templated":true}]}}