{"id":4175,"date":"2023-03-16T18:20:52","date_gmt":"2023-03-16T18:20:52","guid":{"rendered":"https:\/\/www.diarionoti7.com.mx\/?p=4175"},"modified":"2023-03-16T18:22:23","modified_gmt":"2023-03-16T18:22:23","slug":"exdirector-del-penal-de-tula-de-allende-fue-vinculado-a-proceso-por-evasion-de-presos-agravada","status":"publish","type":"post","link":"https:\/\/www.diarionoti7.com.mx\/?p=4175","title":{"rendered":"Exdirector del Penal de Tula de Allende fue Vinculado a Proceso Por Evasi\u00f3n de Presos Agravada"},"content":{"rendered":"\t\t<div data-elementor-type=\"wp-post\" data-elementor-id=\"4175\" class=\"elementor elementor-4175\">\n\t\t\t\t\t\t\t\t\t<section class=\"elementor-section elementor-top-section elementor-element elementor-element-51c23a4c elementor-section-boxed elementor-section-height-default elementor-section-height-default\" data-id=\"51c23a4c\" data-element_type=\"section\">\n\t\t\t\t\t\t<div class=\"elementor-container elementor-column-gap-default\">\n\t\t\t\t\t<div class=\"elementor-column elementor-col-100 elementor-top-column elementor-element elementor-element-7d2e0b6e\" data-id=\"7d2e0b6e\" data-element_type=\"column\">\n\t\t\t<div class=\"elementor-widget-wrap elementor-element-populated\">\n\t\t\t\t\t\t\t\t<div class=\"elementor-element elementor-element-2f2290cd elementor-widget elementor-widget-text-editor\" data-id=\"2f2290cd\" data-element_type=\"widget\" data-widget_type=\"text-editor.default\">\n\t\t\t\t<div class=\"elementor-widget-container\">\n\t\t\t<style>\/*! elementor - v3.10.2 - 29-01-2023 *\/\n.elementor-widget-text-editor.elementor-drop-cap-view-stacked .elementor-drop-cap{background-color:#818a91;color:#fff}.elementor-widget-text-editor.elementor-drop-cap-view-framed .elementor-drop-cap{color:#818a91;border:3px solid;background-color:transparent}.elementor-widget-text-editor:not(.elementor-drop-cap-view-default) .elementor-drop-cap{margin-top:8px}.elementor-widget-text-editor:not(.elementor-drop-cap-view-default) .elementor-drop-cap-letter{width:1em;height:1em}.elementor-widget-text-editor .elementor-drop-cap{float:left;text-align:center;line-height:1;font-size:50px}.elementor-widget-text-editor .elementor-drop-cap-letter{display:inline-block}<\/style>\t\t\t\t<p><strong>Pachuca de Soto, Hgo., 15 de marzo de 2023.-<\/strong>La Procuradur\u00eda General de Justicia del Estado de Hidalgo (PGJEH), obtuvo de un juez de control el auto de vinculaci\u00f3n a proceso para una persona investigada por evasi\u00f3n de presos agravada, ocurrida en Tula de Allende.<\/p><p>Los hechos imputados a F. C. M., ocurrieron la tarde del martes del 14 de febrero, cuando un interno del Centro de Reinserci\u00f3n Social (CERESO) en Tula de Allende, identificado con las iniciales J. M. O., se fug\u00f3 de dicho penal.<\/p><p>Derivado de lo ocurrido, se realiz\u00f3 la denuncia correspondiente ante el Ministerio P\u00fablico, donde se inici\u00f3 la carpeta de investigaci\u00f3n contra quien o quienes resultaran responsables.<\/p><p>Una vez que esta representaci\u00f3n social realiz\u00f3 las investigaciones correspondientes, se determin\u00f3 la probable responsabilidad de una persona de iniciales F.C.M., motivo por el que se solicit\u00f3 la orden de aprehensi\u00f3n en su contra, misma que fue concedida por la autoridad judicial y ejecutada por agentes de la Divisi\u00f3n de Investigaci\u00f3n.<\/p><p>En el desahogo de la audiencia inicial, el agente del Ministerio P\u00fablico formul\u00f3 imputaci\u00f3n contra F.C.M., y con base en ella fue vinculado a proceso por el delito de evasi\u00f3n de presos agravada.<\/p><p>La persona investigada permanece bajo la medida cautelar de prisi\u00f3n preventiva. El plazo para el cierre de la investigaci\u00f3n complementaria que estableci\u00f3 la autoridad judicial es de dos meses.<\/p>\t\t\t\t\t\t<\/div>\n\t\t\t\t<\/div>\n\t\t\t\t\t<\/div>\n\t\t<\/div>\n\t\t\t\t\t\t\t<\/div>\n\t\t<\/section>\n\t\t\t\t\t\t\t<\/div>\n\t\t","protected":false},"excerpt":{"rendered":"<p>Pachuca de Soto, Hgo., 15 de marzo de 2023.-La Procuradur\u00eda General de Justicia del Estado de Hidalgo (PGJEH), obtuvo de un juez de control el auto de vinculaci\u00f3n a proceso para una persona investigada por evasi\u00f3n de presos agravada, ocurrida en Tula de Allende. Los hechos imputados a F. C. M., ocurrieron la tarde del [&hellip;]<\/p>\n","protected":false},"author":1,"featured_media":4177,"comment_status":"closed","ping_status":"closed","sticky":false,"template":"","format":"standard","meta":[],"categories":[22],"tags":[],"_links":{"self":[{"href":"https:\/\/www.diarionoti7.com.mx\/index.php?rest_route=\/wp\/v2\/posts\/4175"}],"collection":[{"href":"https:\/\/www.diarionoti7.com.mx\/index.php?rest_route=\/wp\/v2\/posts"}],"about":[{"href":"https:\/\/www.diarionoti7.com.mx\/index.php?rest_route=\/wp\/v2\/types\/post"}],"author":[{"embeddable":true,"href":"https:\/\/www.diarionoti7.com.mx\/index.php?rest_route=\/wp\/v2\/users\/1"}],"replies":[{"embeddable":true,"href":"https:\/\/www.diarionoti7.com.mx\/index.php?rest_route=%2Fwp%2Fv2%2Fcomments&post=4175"}],"version-history":[{"count":4,"href":"https:\/\/www.diarionoti7.com.mx\/index.php?rest_route=\/wp\/v2\/posts\/4175\/revisions"}],"predecessor-version":[{"id":4180,"href":"https:\/\/www.diarionoti7.com.mx\/index.php?rest_route=\/wp\/v2\/posts\/4175\/revisions\/4180"}],"wp:featuredmedia":[{"embeddable":true,"href":"https:\/\/www.diarionoti7.com.mx\/index.php?rest_route=\/wp\/v2\/media\/4177"}],"wp:attachment":[{"href":"https:\/\/www.diarionoti7.com.mx\/index.php?rest_route=%2Fwp%2Fv2%2Fmedia&parent=4175"}],"wp:term":[{"taxonomy":"category","embeddable":true,"href":"https:\/\/www.diarionoti7.com.mx\/index.php?rest_route=%2Fwp%2Fv2%2Fcategories&post=4175"},{"taxonomy":"post_tag","embeddable":true,"href":"https:\/\/www.diarionoti7.com.mx\/index.php?rest_route=%2Fwp%2Fv2%2Ftags&post=4175"}],"curies":[{"name":"wp","href":"https:\/\/api.w.org\/{rel}","templated":true}]}}