{"id":4126,"date":"2023-03-15T20:51:45","date_gmt":"2023-03-15T20:51:45","guid":{"rendered":"https:\/\/www.diarionoti7.com.mx\/?p=4126"},"modified":"2023-03-15T20:51:53","modified_gmt":"2023-03-15T20:51:53","slug":"personas-con-factores-de-riesgo-pueden-desarrollar-covid-grave-si-se-infectan-re-contagian-o-presentan-coinfecciones","status":"publish","type":"post","link":"https:\/\/www.diarionoti7.com.mx\/?p=4126","title":{"rendered":"Personas Con Factores de Riesgo Pueden Desarrollar COVID Grave si se Infectan, Re Contagian O Presentan Coinfecciones"},"content":{"rendered":"\t\t<div data-elementor-type=\"wp-post\" data-elementor-id=\"4126\" class=\"elementor elementor-4126\">\n\t\t\t\t\t\t\t\t\t<section class=\"elementor-section elementor-top-section elementor-element elementor-element-51c23a4c elementor-section-boxed elementor-section-height-default elementor-section-height-default\" data-id=\"51c23a4c\" data-element_type=\"section\">\n\t\t\t\t\t\t<div class=\"elementor-container elementor-column-gap-default\">\n\t\t\t\t\t<div class=\"elementor-column elementor-col-100 elementor-top-column elementor-element elementor-element-7d2e0b6e\" data-id=\"7d2e0b6e\" data-element_type=\"column\">\n\t\t\t<div class=\"elementor-widget-wrap elementor-element-populated\">\n\t\t\t\t\t\t\t\t<div class=\"elementor-element elementor-element-2f2290cd elementor-widget elementor-widget-text-editor\" data-id=\"2f2290cd\" data-element_type=\"widget\" data-widget_type=\"text-editor.default\">\n\t\t\t\t<div class=\"elementor-widget-container\">\n\t\t\t<style>\/*! elementor - v3.10.2 - 29-01-2023 *\/\n.elementor-widget-text-editor.elementor-drop-cap-view-stacked .elementor-drop-cap{background-color:#818a91;color:#fff}.elementor-widget-text-editor.elementor-drop-cap-view-framed .elementor-drop-cap{color:#818a91;border:3px solid;background-color:transparent}.elementor-widget-text-editor:not(.elementor-drop-cap-view-default) .elementor-drop-cap{margin-top:8px}.elementor-widget-text-editor:not(.elementor-drop-cap-view-default) .elementor-drop-cap-letter{width:1em;height:1em}.elementor-widget-text-editor .elementor-drop-cap{float:left;text-align:center;line-height:1;font-size:50px}.elementor-widget-text-editor .elementor-drop-cap-letter{display:inline-block}<\/style>\t\t\t\t<p><strong>&#8211; Adultos con diabetes, obesidad, hipertensi\u00f3n y con 50 a\u00f1os o m\u00e1s est\u00e1n en riesgo de desarrollar COVID-19 grave si se infectan, recontagian o adquieren coinfecciones.1<\/strong><\/p><p><strong>&#8211;\u00a0 La aplicaci\u00f3n de vacunas contra infecciones respiratorias reduce la posibilidad de hospitalizaciones y fallecimientos.2<\/strong><\/p><p><strong>&#8211; Tras tres a\u00f1os de la pandemia se estudia el fen\u00f3meno del Covid persistente que puede ocasionar hasta 55 efectos a largo plazo en quienes se infectaron.3<\/strong><\/p><p><strong>Ciudad de M\u00e9xico, 14 de marzo de 2023.<\/strong> En el marco del tercer aniversario de la declaraci\u00f3n de la pandemia por Covid-19, especialistas se\u00f1alaron que, si bien los avances cient\u00edficos han permitido transitar a otro momento de la crisis sanitaria, en M\u00e9xico el reto persiste por los factores de riesgo que tiene la poblaci\u00f3n y la posibilidad de que se infecten por primera vez, re contagien o presenten coinfecciones.<\/p><p>En el pa\u00eds, 10.2% de los adultos tienen diabetes, 16.8% poseen diagn\u00f3stico de obesidad, 15.7% hipertensi\u00f3n4 y 22.1% 50 a\u00f1os o m\u00e1s;5 factores de riesgo para desarrollar un cuadro grave de COVID-19, en caso de que se reinfecten o si presentan una coinfecci\u00f3n respiratoria, como cuando se contrae neumon\u00eda y COVID-19 al mismo tiempo.6<\/p><p>\u201cLamentablemente en el pa\u00eds han fallecido m\u00e1s de 333 mil personas7 por coronavirus. Como hemos dicho, las comorbilidades juegan en nuestra contra. Es un error pensar que la pandemia ha terminado: actualmente hay 23,3578 casos activos en el territorio nacional, por lo que seguiremos incentivando que las personas prevengan el contagio y acudan al m\u00e9dico para que soliciten los tratamientos innovadores con los que contamos\u201d, coment\u00f3 el Dr. Alejandro Mac\u00edas, infect\u00f3logo y especialista en COVID-19.<\/p><p>De la misma forma, el Dr. Arturo Galindo, m\u00e9dico internista e infect\u00f3logo, habl\u00f3 sobre las coinfecciones y c\u00f3mo las enfermedades respiratorias estar\u00e1n durante todo el a\u00f1o, por lo que se tendr\u00e1 que aprender a vivir con ellas. El experto detall\u00f3 que se corre el riesgo de adquirir varias infecciones de manera simult\u00e1nea, pero que la aplicaci\u00f3n de vacunas contra la neumon\u00eda y la influenza podr\u00edan prevenir este escenario.<\/p><p>\u201cSi bien en M\u00e9xico 77% de la poblaci\u00f3n ha sido vacunada contra el Covid-19 -aproximadamente m\u00e1s de 97 millones de personas-,9 las tasas de vacunaci\u00f3n contra otras enfermedades bajaron por la pandemia en todas las edades: estimaciones de la Cobertura Nacional de Inmunizaci\u00f3n (WUENIC, por sus siglas en ingl\u00e9s) para M\u00e9xico demostraron que 17% de la poblaci\u00f3n no estaba protegida contra el neumococo en el 2021.10 Tenemos una urgencia de completar esquemas de vacunaci\u00f3n.\u201d<\/p><p>Adem\u00e1s, el Dr. Fernando Silva, L\u00edder M\u00e9dico del portafolio de Hospitales de Pfizer M\u00e9xico expres\u00f3 que, aunque m\u00e1s de 90% de los casos activos de COVID-19 se est\u00e1n tratando de manera ambulatoria,11 se observa un fen\u00f3meno conocido como Covid persistente o prolongado que afecta a las personas que han pasado por la enfermedad y que requerir\u00e1n un seguimiento m\u00e9dico a futuro, pues, aunque el fen\u00f3meno sigue estudi\u00e1ndose, se ha observado que hay hasta 55 efectos a largo plazo.12<\/p><p>\u201cUna persona que se recupera de coronavirus puede experimentar que la infecci\u00f3n persiste, hay secuelas o se presentan complicaciones que duran semanas o hasta meses. A\u00fan estamos conociendo esta variante y c\u00f3mo impactar\u00e1 en la salud de nuestras sociedades\u201d.<\/p><p>Finalmente, el doctor Silva se\u00f1al\u00f3 que la tecnolog\u00eda de Pfizer no solo se encuentra en el ARN mensajero de la vacuna que ha inmunizado a 41 millones de mexicanos, sino que ahora est\u00e1 presente en todo el territorio mexicano con los 300 mil tratamientos disponibles en el sector salud que reducen hasta en un 89% el riesgo de hospitalizaci\u00f3n o muerte en grupos vulnerables.<\/p><p>\u201cA lo largo de estos a\u00f1os nos hemos retado a brindar soluciones eficaces contra la pandemia, primero con nuestra vacuna y ahora con un antiviral oral que est\u00e1 distribuido a lo largo del pa\u00eds. Este medicamento debe administrarse con vigilancia m\u00e9dica despu\u00e9s de los resultados positivos de SARS-CoV-2.\u201d<\/p><p>El 11 de marzo de 2020 la Organizaci\u00f3n Mundial de la Salud declar\u00f3 al COVID-19 como una pandemia, un fen\u00f3meno que desat\u00f3 una crisis sanitaria y un cambio radical en las vidas de todas las personas alrededor del mundo. Tras tres a\u00f1os de esta declaratoria y aunque las personas est\u00e9n dispuestas a regresar a su estilo de vida, los especialistas insisten en mantener a las sociedades informadas y monitorear la evoluci\u00f3n del virus.<\/p>\t\t\t\t\t\t<\/div>\n\t\t\t\t<\/div>\n\t\t\t\t\t<\/div>\n\t\t<\/div>\n\t\t\t\t\t\t\t<\/div>\n\t\t<\/section>\n\t\t\t\t\t\t\t<\/div>\n\t\t","protected":false},"excerpt":{"rendered":"<p>&#8211; Adultos con diabetes, obesidad, hipertensi\u00f3n y con 50 a\u00f1os o m\u00e1s est\u00e1n en riesgo de desarrollar COVID-19 grave si se infectan, recontagian o adquieren coinfecciones.1 &#8211;\u00a0 La aplicaci\u00f3n de vacunas contra infecciones respiratorias reduce la posibilidad de hospitalizaciones y fallecimientos.2 &#8211; Tras tres a\u00f1os de la pandemia se estudia el fen\u00f3meno del Covid persistente [&hellip;]<\/p>\n","protected":false},"author":1,"featured_media":4116,"comment_status":"closed","ping_status":"closed","sticky":false,"template":"","format":"standard","meta":[],"categories":[5],"tags":[],"_links":{"self":[{"href":"https:\/\/www.diarionoti7.com.mx\/index.php?rest_route=\/wp\/v2\/posts\/4126"}],"collection":[{"href":"https:\/\/www.diarionoti7.com.mx\/index.php?rest_route=\/wp\/v2\/posts"}],"about":[{"href":"https:\/\/www.diarionoti7.com.mx\/index.php?rest_route=\/wp\/v2\/types\/post"}],"author":[{"embeddable":true,"href":"https:\/\/www.diarionoti7.com.mx\/index.php?rest_route=\/wp\/v2\/users\/1"}],"replies":[{"embeddable":true,"href":"https:\/\/www.diarionoti7.com.mx\/index.php?rest_route=%2Fwp%2Fv2%2Fcomments&post=4126"}],"version-history":[{"count":1,"href":"https:\/\/www.diarionoti7.com.mx\/index.php?rest_route=\/wp\/v2\/posts\/4126\/revisions"}],"predecessor-version":[{"id":4127,"href":"https:\/\/www.diarionoti7.com.mx\/index.php?rest_route=\/wp\/v2\/posts\/4126\/revisions\/4127"}],"wp:featuredmedia":[{"embeddable":true,"href":"https:\/\/www.diarionoti7.com.mx\/index.php?rest_route=\/wp\/v2\/media\/4116"}],"wp:attachment":[{"href":"https:\/\/www.diarionoti7.com.mx\/index.php?rest_route=%2Fwp%2Fv2%2Fmedia&parent=4126"}],"wp:term":[{"taxonomy":"category","embeddable":true,"href":"https:\/\/www.diarionoti7.com.mx\/index.php?rest_route=%2Fwp%2Fv2%2Fcategories&post=4126"},{"taxonomy":"post_tag","embeddable":true,"href":"https:\/\/www.diarionoti7.com.mx\/index.php?rest_route=%2Fwp%2Fv2%2Ftags&post=4126"}],"curies":[{"name":"wp","href":"https:\/\/api.w.org\/{rel}","templated":true}]}}