{"id":40498,"date":"2024-04-13T19:26:24","date_gmt":"2024-04-13T19:26:24","guid":{"rendered":"https:\/\/www.diarionoti7.com.mx\/?p=40498"},"modified":"2024-04-13T19:27:14","modified_gmt":"2024-04-13T19:27:14","slug":"elaboraran-la-paleta-de-caramelo-mas-grande-de-mexico","status":"publish","type":"post","link":"https:\/\/www.diarionoti7.com.mx\/?p=40498","title":{"rendered":"Elaborar\u00e1n La Paleta de Caramelo M\u00e1s Grande de M\u00e9xico"},"content":{"rendered":"\t\t<div data-elementor-type=\"wp-post\" data-elementor-id=\"40498\" class=\"elementor elementor-40498\">\n\t\t\t\t\t\t\t\t\t<section class=\"elementor-section elementor-top-section elementor-element elementor-element-c09b8f0 elementor-section-boxed elementor-section-height-default elementor-section-height-default\" data-id=\"c09b8f0\" data-element_type=\"section\">\n\t\t\t\t\t\t<div class=\"elementor-container elementor-column-gap-default\">\n\t\t\t\t\t<div class=\"elementor-column elementor-col-100 elementor-top-column elementor-element elementor-element-955a561\" data-id=\"955a561\" data-element_type=\"column\">\n\t\t\t<div class=\"elementor-widget-wrap elementor-element-populated\">\n\t\t\t\t\t\t\t\t<div class=\"elementor-element elementor-element-0ce869c elementor-widget elementor-widget-text-editor\" data-id=\"0ce869c\" data-element_type=\"widget\" data-widget_type=\"text-editor.default\">\n\t\t\t\t<div class=\"elementor-widget-container\">\n\t\t\t<style>\/*! elementor - v3.10.2 - 29-01-2023 *\/\n.elementor-widget-text-editor.elementor-drop-cap-view-stacked .elementor-drop-cap{background-color:#818a91;color:#fff}.elementor-widget-text-editor.elementor-drop-cap-view-framed .elementor-drop-cap{color:#818a91;border:3px solid;background-color:transparent}.elementor-widget-text-editor:not(.elementor-drop-cap-view-default) .elementor-drop-cap{margin-top:8px}.elementor-widget-text-editor:not(.elementor-drop-cap-view-default) .elementor-drop-cap-letter{width:1em;height:1em}.elementor-widget-text-editor .elementor-drop-cap{float:left;text-align:center;line-height:1;font-size:50px}.elementor-widget-text-editor .elementor-drop-cap-letter{display:inline-block}<\/style>\t\t\t\t<p><strong>Pachuca, Hgo., 12 de abril de 2024.-<\/strong>Dentro de las actividades que se realizar\u00e1n en el marco del D\u00eda de las Ni\u00f1as y los Ni\u00f1os, la f\u00e1brica hidalguense de dulces y chocolates El Centavo producir\u00e1 la paleta de caramelo m\u00e1s grande de M\u00e9xico este 18 y 19 de abril, a partir de las 10:00 horas, en el Hotel Casona de Minas, que se ubica en Mineral del Monte.<\/p><p>Los d\u00edas 20 y 21 de abril, la gran paleta ser\u00e1 exhibida en la tienda f\u00edsica de \u201cEl Centavo\u201d, localizada en el centro de Pachuca, a dos cuadras del Reloj Monumental, desde las 10:00 horas.<\/p><p>En conferencia de prensa, Guillermo Hern\u00e1ndez Borbolla, organizador de este evento, se\u00f1al\u00f3 que \u201cse har\u00e1 una rifa de esta paleta de caramelo gigante para alegrar y sorprender a las infancias, lo \u00fanico que tienen que hacer es enviar un mensaje de WhatsApp a los n\u00fameros 771 392 4479 y 771 331 5780, con su nombre, tel\u00e9fono y ciudad o municipio\u201d.<\/p><p>Explic\u00f3 que esta rifa ser\u00e1 realizada y transmitida en vivo v\u00eda YouTube, por el canal Guillermo Hern\u00e1ndez El Centavo, y en el perfil de Facebook Guillermo Hernandez Grherbor, el d\u00eda 25 de abril de 10:00 a 11:00 horas. Quien resulte ganador o ganadora, obtendr\u00e1 este premio el d\u00eda 30 de abril, en las instalaciones de la tienda.<\/p><p>La paleta de colores vibrantes y sabores como fresa, chicle y lim\u00f3n, tendr\u00e1 una altura de cuatro metros, y se utilizar\u00e1n 280 kilos de caramelo artesanal. \u201cEste es un agradecimiento a la alegr\u00eda que las y los ni\u00f1os aportan a nuestras vidas y negocios. Ellos son la inspiraci\u00f3n detr\u00e1s de cada sabor que creamos\u201d, mencion\u00f3 Hern\u00e1ndez Borbolla.<\/p><p>Detall\u00f3 que su f\u00e1brica es de las m\u00e1s antiguas de M\u00e9xico y de Hidalgo, ya que cuenta con 86 a\u00f1os de vida, los cuales reflejan el esfuerzo de familias que, a trav\u00e9s del tiempo, han logrado preservar la elaboraci\u00f3n de dulces mexicanos tradicionales.<\/p>\t\t\t\t\t\t<\/div>\n\t\t\t\t<\/div>\n\t\t\t\t\t<\/div>\n\t\t<\/div>\n\t\t\t\t\t\t\t<\/div>\n\t\t<\/section>\n\t\t\t\t\t\t\t<\/div>\n\t\t","protected":false},"excerpt":{"rendered":"<p>Pachuca, Hgo., 12 de abril de 2024.-Dentro de las actividades que se realizar\u00e1n en el marco del D\u00eda de las Ni\u00f1as y los Ni\u00f1os, la f\u00e1brica hidalguense de dulces y chocolates El Centavo producir\u00e1 la paleta de caramelo m\u00e1s grande de M\u00e9xico este 18 y 19 de abril, a partir de las 10:00 horas, en [&hellip;]<\/p>\n","protected":false},"author":1,"featured_media":40500,"comment_status":"closed","ping_status":"closed","sticky":false,"template":"","format":"standard","meta":[],"categories":[7],"tags":[],"_links":{"self":[{"href":"https:\/\/www.diarionoti7.com.mx\/index.php?rest_route=\/wp\/v2\/posts\/40498"}],"collection":[{"href":"https:\/\/www.diarionoti7.com.mx\/index.php?rest_route=\/wp\/v2\/posts"}],"about":[{"href":"https:\/\/www.diarionoti7.com.mx\/index.php?rest_route=\/wp\/v2\/types\/post"}],"author":[{"embeddable":true,"href":"https:\/\/www.diarionoti7.com.mx\/index.php?rest_route=\/wp\/v2\/users\/1"}],"replies":[{"embeddable":true,"href":"https:\/\/www.diarionoti7.com.mx\/index.php?rest_route=%2Fwp%2Fv2%2Fcomments&post=40498"}],"version-history":[{"count":4,"href":"https:\/\/www.diarionoti7.com.mx\/index.php?rest_route=\/wp\/v2\/posts\/40498\/revisions"}],"predecessor-version":[{"id":40503,"href":"https:\/\/www.diarionoti7.com.mx\/index.php?rest_route=\/wp\/v2\/posts\/40498\/revisions\/40503"}],"wp:featuredmedia":[{"embeddable":true,"href":"https:\/\/www.diarionoti7.com.mx\/index.php?rest_route=\/wp\/v2\/media\/40500"}],"wp:attachment":[{"href":"https:\/\/www.diarionoti7.com.mx\/index.php?rest_route=%2Fwp%2Fv2%2Fmedia&parent=40498"}],"wp:term":[{"taxonomy":"category","embeddable":true,"href":"https:\/\/www.diarionoti7.com.mx\/index.php?rest_route=%2Fwp%2Fv2%2Fcategories&post=40498"},{"taxonomy":"post_tag","embeddable":true,"href":"https:\/\/www.diarionoti7.com.mx\/index.php?rest_route=%2Fwp%2Fv2%2Ftags&post=40498"}],"curies":[{"name":"wp","href":"https:\/\/api.w.org\/{rel}","templated":true}]}}