{"id":39063,"date":"2024-04-03T15:16:40","date_gmt":"2024-04-03T15:16:40","guid":{"rendered":"https:\/\/www.diarionoti7.com.mx\/?p=39063"},"modified":"2024-04-03T15:17:33","modified_gmt":"2024-04-03T15:17:33","slug":"color-fest-un-evento-dirigido-a-las-juventudes","status":"publish","type":"post","link":"https:\/\/www.diarionoti7.com.mx\/?p=39063","title":{"rendered":"\u201cColor Fest\u201d, un Evento Dirigido a Las Juventudes"},"content":{"rendered":"\t\t<div data-elementor-type=\"wp-post\" data-elementor-id=\"39063\" class=\"elementor elementor-39063\">\n\t\t\t\t\t\t\t\t\t<section class=\"elementor-section elementor-top-section elementor-element elementor-element-c09b8f0 elementor-section-boxed elementor-section-height-default elementor-section-height-default\" data-id=\"c09b8f0\" data-element_type=\"section\">\n\t\t\t\t\t\t<div class=\"elementor-container elementor-column-gap-default\">\n\t\t\t\t\t<div class=\"elementor-column elementor-col-100 elementor-top-column elementor-element elementor-element-955a561\" data-id=\"955a561\" data-element_type=\"column\">\n\t\t\t<div class=\"elementor-widget-wrap elementor-element-populated\">\n\t\t\t\t\t\t\t\t<div class=\"elementor-element elementor-element-0ce869c elementor-widget elementor-widget-text-editor\" data-id=\"0ce869c\" data-element_type=\"widget\" data-widget_type=\"text-editor.default\">\n\t\t\t\t<div class=\"elementor-widget-container\">\n\t\t\t<style>\/*! elementor - v3.10.2 - 29-01-2023 *\/\n.elementor-widget-text-editor.elementor-drop-cap-view-stacked .elementor-drop-cap{background-color:#818a91;color:#fff}.elementor-widget-text-editor.elementor-drop-cap-view-framed .elementor-drop-cap{color:#818a91;border:3px solid;background-color:transparent}.elementor-widget-text-editor:not(.elementor-drop-cap-view-default) .elementor-drop-cap{margin-top:8px}.elementor-widget-text-editor:not(.elementor-drop-cap-view-default) .elementor-drop-cap-letter{width:1em;height:1em}.elementor-widget-text-editor .elementor-drop-cap{float:left;text-align:center;line-height:1;font-size:50px}.elementor-widget-text-editor .elementor-drop-cap-letter{display:inline-block}<\/style>\t\t\t\t<p><strong>\u00a0\u00a0 Pachuca, Hgo., 2 de abril de 2024.-<\/strong>El s\u00e1bado 13 de abril, a las 16:00 horas, el Foro Ca\u00f1ada Aviaci\u00f3n de Actopan ser\u00e1 sede de la primera edici\u00f3n del \u201cColor Fest\u201d, un evento dirigido a las juventudes.\u00a0<\/p><p>&#8220;Toda la comunidad se ha unido con el objetivo de promover tanto el deporte como la cultura. Se han identificado las necesidades en estas \u00e1reas para asegurar que el evento satisfaga estas demandas\u201d, declar\u00f3 Enrique Mej\u00eda Vargas, delegado del evento.<\/p><p>Con un costo de 50 pesos por persona, ni\u00f1os, ni\u00f1as, adolescentes, j\u00f3venes y adultos podr\u00e1n ser parte de una experiencia llena de m\u00fasica, colores, flores y luces.<\/p><p>La comunidad de Ca\u00f1ada Aviaci\u00f3n se caracteriza por su inter\u00e9s en generar un futuro mejor para sus habitantes, as\u00ed lo afirm\u00f3 Mej\u00eda Vargas, quien agreg\u00f3 que los fondos que se recauden se destinar\u00e1n al campo de f\u00fatbol, donde sus integrantes se divierten sanamente y \u201cse fomenta la buena convivencia, y el deporte\u201d.<\/p><p>Habr\u00e1 diferentes actividades, como lanzamiento de polvos holi, talleres de arte y creatividad, as\u00ed como m\u00fasica electr\u00f3nica en vivo y zona de comida con delicias locales.<\/p>\t\t\t\t\t\t<\/div>\n\t\t\t\t<\/div>\n\t\t\t\t\t<\/div>\n\t\t<\/div>\n\t\t\t\t\t\t\t<\/div>\n\t\t<\/section>\n\t\t\t\t\t\t\t<\/div>\n\t\t","protected":false},"excerpt":{"rendered":"<p>\u00a0\u00a0 Pachuca, Hgo., 2 de abril de 2024.-El s\u00e1bado 13 de abril, a las 16:00 horas, el Foro Ca\u00f1ada Aviaci\u00f3n de Actopan ser\u00e1 sede de la primera edici\u00f3n del \u201cColor Fest\u201d, un evento dirigido a las juventudes.\u00a0 &#8220;Toda la comunidad se ha unido con el objetivo de promover tanto el deporte como la cultura. Se [&hellip;]<\/p>\n","protected":false},"author":1,"featured_media":39065,"comment_status":"closed","ping_status":"closed","sticky":false,"template":"","format":"standard","meta":[],"categories":[9],"tags":[],"_links":{"self":[{"href":"https:\/\/www.diarionoti7.com.mx\/index.php?rest_route=\/wp\/v2\/posts\/39063"}],"collection":[{"href":"https:\/\/www.diarionoti7.com.mx\/index.php?rest_route=\/wp\/v2\/posts"}],"about":[{"href":"https:\/\/www.diarionoti7.com.mx\/index.php?rest_route=\/wp\/v2\/types\/post"}],"author":[{"embeddable":true,"href":"https:\/\/www.diarionoti7.com.mx\/index.php?rest_route=\/wp\/v2\/users\/1"}],"replies":[{"embeddable":true,"href":"https:\/\/www.diarionoti7.com.mx\/index.php?rest_route=%2Fwp%2Fv2%2Fcomments&post=39063"}],"version-history":[{"count":4,"href":"https:\/\/www.diarionoti7.com.mx\/index.php?rest_route=\/wp\/v2\/posts\/39063\/revisions"}],"predecessor-version":[{"id":39068,"href":"https:\/\/www.diarionoti7.com.mx\/index.php?rest_route=\/wp\/v2\/posts\/39063\/revisions\/39068"}],"wp:featuredmedia":[{"embeddable":true,"href":"https:\/\/www.diarionoti7.com.mx\/index.php?rest_route=\/wp\/v2\/media\/39065"}],"wp:attachment":[{"href":"https:\/\/www.diarionoti7.com.mx\/index.php?rest_route=%2Fwp%2Fv2%2Fmedia&parent=39063"}],"wp:term":[{"taxonomy":"category","embeddable":true,"href":"https:\/\/www.diarionoti7.com.mx\/index.php?rest_route=%2Fwp%2Fv2%2Fcategories&post=39063"},{"taxonomy":"post_tag","embeddable":true,"href":"https:\/\/www.diarionoti7.com.mx\/index.php?rest_route=%2Fwp%2Fv2%2Ftags&post=39063"}],"curies":[{"name":"wp","href":"https:\/\/api.w.org\/{rel}","templated":true}]}}